{"id":64931,"date":"2008-04-06T00:00:00","date_gmt":"2008-04-06T00:00:00","guid":{"rendered":"https:\/\/www.deberes.net\/tesis\/sin-categoria\/la-poetica-del-plano-secuencia-analisis-de-la-enunciacion-fa%c2%adlmica-en-continuidad\/"},"modified":"2008-04-06T00:00:00","modified_gmt":"2008-04-06T00:00:00","slug":"la-poetica-del-plano-secuencia-analisis-de-la-enunciacion-fa%c2%adlmica-en-continuidad","status":"publish","type":"post","link":"https:\/\/www.deberes.net\/tesis\/sin-categoria\/la-poetica-del-plano-secuencia-analisis-de-la-enunciacion-fa%c2%adlmica-en-continuidad\/","title":{"rendered":"La po\u00e9tica del plano-secuencia: an\u00e1lisis de la enunciaci\u00f3n f\u00edlmica en continuidad"},"content":{"rendered":"<h2>Tesis doctoral de <strong> Mario Rajas Fernandez <\/strong><\/h2>\n<p>Esta investigaci\u00f3n analiza la t\u00e9cnica o modo de enunciacion f\u00edlmica del plano-secuencia  como estructura paradigm\u00e1tica de la construcci\u00f3n textual en continuidad o de la no fragmentaci\u00f3n. Partiendo de las diferentes concepciones terminol\u00f3gicas existen tes, se formula una definici\u00f3n original del objeto material de estudio, se contrasta con otros instrumentos o recursos discursivos como la toma larga, se exponen las divergentes teorias generales erigidas en torno al montaje interno y se procede meto dologicamente al an\u00e1lisis textual e interpretaci\u00f3n de la continuidad f\u00edlmica. En este bloque emp\u00edrico se sistematizan sus bases tecnol\u00f3gico-expresivas, se contextualiza en los modos hist\u00f3ricos de representaci\u00f3n del cine; se enumeran las caracter\u00edstic as po\u00e9ticas enunciativas y discursivas fundamentales; se relacionan e integran las unidades estec\u00edficas con la pel\u00edcula en su conjunto; se confrontan las estructuras no fragmentadas con las articulaciones formales del montaje externo y, finalmente se  establecen criterios taxon\u00f3micos para la  clasificaci\u00f3n de planos-secuencia.<\/p>\n<p>&nbsp;<\/p>\n<h3>Datos acad\u00e9micos de la tesis doctoral \u00ab<strong>La po\u00e9tica del plano-secuencia: an\u00e1lisis de la enunciaci\u00f3n f\u00edlmica en continuidad<\/strong>\u00ab<\/h3>\n<ul>\n<li><strong>T\u00edtulo de la tesis:<\/strong>\u00a0 La po\u00e9tica del plano-secuencia: an\u00e1lisis de la enunciaci\u00f3n f\u00edlmica en continuidad <\/li>\n<li><strong>Autor:<\/strong>\u00a0 Mario Rajas Fernandez <\/li>\n<li><strong>Universidad:<\/strong>\u00a0 Complutense de Madrid<\/li>\n<li><strong>Fecha de lectura de la tesis:<\/strong>\u00a0 04\/06\/2008<\/li>\n<\/ul>\n<p>&nbsp;<\/p>\n<h3>Direcci\u00f3n y tribunal<\/h3>\n<ul>\n<li><strong>Director de la tesis<\/strong>\n<ul>\n<li>Francisco Garc\u00eda Garc\u00eda<\/li>\n<\/ul>\n<\/li>\n<li><strong>Tribunal<\/strong>\n<ul>\n<li>Presidente del tribunal: Emilio Carlos Garcia fernandez <\/li>\n<li>giorgio de Marchis piciolo (vocal)<\/li>\n<li>vicente Pe\u00f1a timon (vocal)<\/li>\n<li>Javier Sierra s\u00e1nchez (vocal)<\/li>\n<\/ul>\n<\/li>\n<\/ul>\n<p>&nbsp;<\/p>\n","protected":false},"excerpt":{"rendered":"<p>Tesis doctoral de Mario Rajas Fernandez Esta investigaci\u00f3n analiza la t\u00e9cnica o modo de enunciacion f\u00edlmica del plano-secuencia como estructura [&hellip;]<\/p>\n","protected":false},"author":1,"featured_media":0,"comment_status":"open","ping_status":"open","sticky":false,"template":"","format":"standard","meta":{"site-sidebar-layout":"default","site-content-layout":"","ast-site-content-layout":"","site-content-style":"default","site-sidebar-style":"default","ast-global-header-display":"","ast-banner-title-visibility":"","ast-main-header-display":"","ast-hfb-above-header-display":"","ast-hfb-below-header-display":"","ast-hfb-mobile-header-display":"","site-post-title":"","ast-breadcrumbs-content":"","ast-featured-img":"","footer-sml-layout":"","theme-transparent-header-meta":"","adv-header-id-meta":"","stick-header-meta":"","header-above-stick-meta":"","header-main-stick-meta":"","header-below-stick-meta":"","astra-migrate-meta-layouts":"default","ast-page-background-enabled":"default","ast-page-background-meta":{"desktop":{"background-color":"var(--ast-global-color-4)","background-image":"","background-repeat":"repeat","background-position":"center center","background-size":"auto","background-attachment":"scroll","background-type":"","background-media":"","overlay-type":"","overlay-color":"","overlay-gradient":""},"tablet":{"background-color":"","background-image":"","background-repeat":"repeat","background-position":"center center","background-size":"auto","background-attachment":"scroll","background-type":"","background-media":"","overlay-type":"","overlay-color":"","overlay-gradient":""},"mobile":{"background-color":"","background-image":"","background-repeat":"repeat","background-position":"center center","background-size":"auto","background-attachment":"scroll","background-type":"","background-media":"","overlay-type":"","overlay-color":"","overlay-gradient":""}},"ast-content-background-meta":{"desktop":{"background-color":"var(--ast-global-color-5)","background-image":"","background-repeat":"repeat","background-position":"center center","background-size":"auto","background-attachment":"scroll","background-type":"","background-media":"","overlay-type":"","overlay-color":"","overlay-gradient":""},"tablet":{"background-color":"var(--ast-global-color-5)","background-image":"","background-repeat":"repeat","background-position":"center center","background-size":"auto","background-attachment":"scroll","background-type":"","background-media":"","overlay-type":"","overlay-color":"","overlay-gradient":""},"mobile":{"background-color":"var(--ast-global-color-5)","background-image":"","background-repeat":"repeat","background-position":"center center","background-size":"auto","background-attachment":"scroll","background-type":"","background-media":"","overlay-type":"","overlay-color":"","overlay-gradient":""}},"footnotes":""},"categories":[1],"tags":[138791,7470,143260,131947,143259,24084],"class_list":["post-64931","post","type-post","status-publish","format-standard","hentry","category-sin-categoria","tag-emilio-carlos-garcia-fernandez","tag-francisco-garcia-garcia","tag-giorgio-de-marchis-piciolo","tag-javier-sierra-sanchez","tag-mario-rajas-fernandez","tag-vicente-pena-timon"],"_links":{"self":[{"href":"https:\/\/www.deberes.net\/tesis\/wp-json\/wp\/v2\/posts\/64931","targetHints":{"allow":["GET"]}}],"collection":[{"href":"https:\/\/www.deberes.net\/tesis\/wp-json\/wp\/v2\/posts"}],"about":[{"href":"https:\/\/www.deberes.net\/tesis\/wp-json\/wp\/v2\/types\/post"}],"author":[{"embeddable":true,"href":"https:\/\/www.deberes.net\/tesis\/wp-json\/wp\/v2\/users\/1"}],"replies":[{"embeddable":true,"href":"https:\/\/www.deberes.net\/tesis\/wp-json\/wp\/v2\/comments?post=64931"}],"version-history":[{"count":0,"href":"https:\/\/www.deberes.net\/tesis\/wp-json\/wp\/v2\/posts\/64931\/revisions"}],"wp:attachment":[{"href":"https:\/\/www.deberes.net\/tesis\/wp-json\/wp\/v2\/media?parent=64931"}],"wp:term":[{"taxonomy":"category","embeddable":true,"href":"https:\/\/www.deberes.net\/tesis\/wp-json\/wp\/v2\/categories?post=64931"},{"taxonomy":"post_tag","embeddable":true,"href":"https:\/\/www.deberes.net\/tesis\/wp-json\/wp\/v2\/tags?post=64931"}],"curies":[{"name":"wp","href":"https:\/\/api.w.org\/{rel}","templated":true}]}}