{"id":65101,"date":"2008-10-06T00:00:00","date_gmt":"2008-10-06T00:00:00","guid":{"rendered":"https:\/\/www.deberes.net\/tesis\/sin-categoria\/el-proceso-recursivo-modelos-y-escalas-en-la-representacion-escultorica\/"},"modified":"2008-10-06T00:00:00","modified_gmt":"2008-10-06T00:00:00","slug":"el-proceso-recursivo-modelos-y-escalas-en-la-representacion-escultorica","status":"publish","type":"post","link":"https:\/\/www.deberes.net\/tesis\/escultura\/el-proceso-recursivo-modelos-y-escalas-en-la-representacion-escultorica\/","title":{"rendered":"El proceso recursivo: modelos y escalas en la representaci\u00f3n escult\u00f3rica"},"content":{"rendered":"<h2>Tesis doctoral de <strong> Sara Fuentes Cid <\/strong><\/h2>\n<p>Indagaci\u00f3n acerca de c\u00f3mo desde los dispositivos de representaci\u00f3n pueden alumbrarse nuevas complejidades y c\u00f3mo nuevos mundos son creados a trav\u00e9s de obras de arte que imitan y sintetizan la complejidad universal, mediante estrategias b\u00e1sicas de miniaturizaci\u00f3n. Estudio de la creaci\u00f3n como un  proceso ilimitadamente recursivo de ex-plicaci\u00f3n y com-plicaci\u00f3n. la investigaci\u00f3n, configurada como archivo abierto, hace uso de las im\u00e1genes como medio de argumentaci\u00f3n lo que supone el reconocimiento de las mismas como material primordial en la elaboraci\u00f3n del conocimiento fraguado desde el arte.<\/p>\n<p>&nbsp;<\/p>\n<h3>Datos acad\u00e9micos de la tesis doctoral \u00ab<strong>El proceso recursivo: modelos y escalas en la representaci\u00f3n escult\u00f3rica<\/strong>\u00ab<\/h3>\n<ul>\n<li><strong>T\u00edtulo de la tesis:<\/strong>\u00a0 El proceso recursivo: modelos y escalas en la representaci\u00f3n escult\u00f3rica <\/li>\n<li><strong>Autor:<\/strong>\u00a0 Sara Fuentes Cid <\/li>\n<li><strong>Universidad:<\/strong>\u00a0 Vigo<\/li>\n<li><strong>Fecha de lectura de la tesis:<\/strong>\u00a0 10\/06\/2008<\/li>\n<\/ul>\n<p>&nbsp;<\/p>\n<h3>Direcci\u00f3n y tribunal<\/h3>\n<ul>\n<li><strong>Director de la tesis<\/strong>\n<ul>\n<li>Juan  Fernando De La Iglesia Gonzalez De Pereda<\/li>\n<\/ul>\n<\/li>\n<li><strong>Tribunal<\/strong>\n<ul>\n<li>Presidente del tribunal: Juan Loeck hern\u00e1ndez <\/li>\n<li>rosa Brun ja\u00e9n (vocal)<\/li>\n<li>teresa Pajares vales (vocal)<\/li>\n<li>Javier Diez alvarez (vocal)<\/li>\n<\/ul>\n<\/li>\n<\/ul>\n<p>&nbsp;<\/p>\n","protected":false},"excerpt":{"rendered":"<p>Tesis doctoral de Sara Fuentes Cid Indagaci\u00f3n acerca de c\u00f3mo desde los dispositivos de representaci\u00f3n pueden alumbrarse nuevas complejidades y [&hellip;]<\/p>\n","protected":false},"author":1,"featured_media":0,"comment_status":"open","ping_status":"open","sticky":false,"template":"","format":"standard","meta":{"site-sidebar-layout":"default","site-content-layout":"","ast-site-content-layout":"","site-content-style":"default","site-sidebar-style":"default","ast-global-header-display":"","ast-banner-title-visibility":"","ast-main-header-display":"","ast-hfb-above-header-display":"","ast-hfb-below-header-display":"","ast-hfb-mobile-header-display":"","site-post-title":"","ast-breadcrumbs-content":"","ast-featured-img":"","footer-sml-layout":"","theme-transparent-header-meta":"","adv-header-id-meta":"","stick-header-meta":"","header-above-stick-meta":"","header-main-stick-meta":"","header-below-stick-meta":"","astra-migrate-meta-layouts":"default","ast-page-background-enabled":"default","ast-page-background-meta":{"desktop":{"background-color":"var(--ast-global-color-4)","background-image":"","background-repeat":"repeat","background-position":"center center","background-size":"auto","background-attachment":"scroll","background-type":"","background-media":"","overlay-type":"","overlay-color":"","overlay-gradient":""},"tablet":{"background-color":"","background-image":"","background-repeat":"repeat","background-position":"center center","background-size":"auto","background-attachment":"scroll","background-type":"","background-media":"","overlay-type":"","overlay-color":"","overlay-gradient":""},"mobile":{"background-color":"","background-image":"","background-repeat":"repeat","background-position":"center center","background-size":"auto","background-attachment":"scroll","background-type":"","background-media":"","overlay-type":"","overlay-color":"","overlay-gradient":""}},"ast-content-background-meta":{"desktop":{"background-color":"var(--ast-global-color-5)","background-image":"","background-repeat":"repeat","background-position":"center center","background-size":"auto","background-attachment":"scroll","background-type":"","background-media":"","overlay-type":"","overlay-color":"","overlay-gradient":""},"tablet":{"background-color":"var(--ast-global-color-5)","background-image":"","background-repeat":"repeat","background-position":"center center","background-size":"auto","background-attachment":"scroll","background-type":"","background-media":"","overlay-type":"","overlay-color":"","overlay-gradient":""},"mobile":{"background-color":"var(--ast-global-color-5)","background-image":"","background-repeat":"repeat","background-position":"center center","background-size":"auto","background-attachment":"scroll","background-type":"","background-media":"","overlay-type":"","overlay-color":"","overlay-gradient":""}},"footnotes":""},"categories":[4363,18657],"tags":[75779,4367,18679,32619,143603,143604],"class_list":["post-65101","post","type-post","status-publish","format-standard","hentry","category-escultura","category-vigo","tag-javier-diez-alvarez","tag-juan-fernando-de-la-iglesia-gonzalez-de-pereda","tag-juan-loeck-hernandez","tag-rosa-brun-jaen","tag-sara-fuentes-cid","tag-teresa-pajares-vales"],"_links":{"self":[{"href":"https:\/\/www.deberes.net\/tesis\/wp-json\/wp\/v2\/posts\/65101","targetHints":{"allow":["GET"]}}],"collection":[{"href":"https:\/\/www.deberes.net\/tesis\/wp-json\/wp\/v2\/posts"}],"about":[{"href":"https:\/\/www.deberes.net\/tesis\/wp-json\/wp\/v2\/types\/post"}],"author":[{"embeddable":true,"href":"https:\/\/www.deberes.net\/tesis\/wp-json\/wp\/v2\/users\/1"}],"replies":[{"embeddable":true,"href":"https:\/\/www.deberes.net\/tesis\/wp-json\/wp\/v2\/comments?post=65101"}],"version-history":[{"count":0,"href":"https:\/\/www.deberes.net\/tesis\/wp-json\/wp\/v2\/posts\/65101\/revisions"}],"wp:attachment":[{"href":"https:\/\/www.deberes.net\/tesis\/wp-json\/wp\/v2\/media?parent=65101"}],"wp:term":[{"taxonomy":"category","embeddable":true,"href":"https:\/\/www.deberes.net\/tesis\/wp-json\/wp\/v2\/categories?post=65101"},{"taxonomy":"post_tag","embeddable":true,"href":"https:\/\/www.deberes.net\/tesis\/wp-json\/wp\/v2\/tags?post=65101"}],"curies":[{"name":"wp","href":"https:\/\/api.w.org\/{rel}","templated":true}]}}