{"id":65119,"date":"2008-11-06T00:00:00","date_gmt":"2008-11-06T00:00:00","guid":{"rendered":"https:\/\/www.deberes.net\/tesis\/sin-categoria\/fundamentos-teoricos-de-la-entrevista-perioda%c2%adstica-escrita\/"},"modified":"2008-11-06T00:00:00","modified_gmt":"2008-11-06T00:00:00","slug":"fundamentos-teoricos-de-la-entrevista-perioda%c2%adstica-escrita","status":"publish","type":"post","link":"https:\/\/www.deberes.net\/tesis\/retorica\/fundamentos-teoricos-de-la-entrevista-perioda%c2%adstica-escrita\/","title":{"rendered":"Fundamentos te\u00f3ricos de la entrevista period\u00edstica escrita"},"content":{"rendered":"<h2>Tesis doctoral de <strong> Maite Gobantes Bilbao <\/strong><\/h2>\n<p>Fundamentos te\u00f3ricos de la entrevista period\u00edstica escrita es una contribuci\u00f3n a sentar las bases de este g\u00e9nero period\u00edstico desde un enfoque multidisciplinar. Esta tesis traza un estado de la cuesti\u00f3n de los estudios sobre este g\u00e9nero y profundiza en las relaciones entre la entrevista y otras narrativas del mundo de las ciencias sociales, as\u00ed como del de la literatura de ficci\u00f3n y veridicente. Con el objetivo de ampliar la perspectiva del objeto de estudio, se establecen varios presupuestos filos\u00f3ficos de la entrevista en tanto que encuentro entre dos personas: de la cuesti\u00f3n de la intersubjetividad trascendental a las aportaciones de la pragm\u00e1tica ling\u00ed\u00bc\u00edstica, entendida como una filosof\u00eda del lenguaje, pasando por las teor\u00edas interpretativas de la comunicaci\u00f3n. la tesis transita asimismo por los trabajos de diversos pensadores que han situado en el centro de sus investigaciones conceptos como \u00abalteridad\u00bb, \u00abrelaci\u00f3n\u00bb, \u00abdi\u00e1logo\u00bb. Por \u00faltimo, la investigaci\u00f3n propone una definici\u00f3n de entrevista en prensa, as\u00ed como una nueva tipolog\u00eda de la entrevista basada en un criterio funcionalista.<\/p>\n<p>&nbsp;<\/p>\n<h3>Datos acad\u00e9micos de la tesis doctoral \u00ab<strong>Fundamentos te\u00f3ricos de la entrevista period\u00edstica escrita<\/strong>\u00ab<\/h3>\n<ul>\n<li><strong>T\u00edtulo de la tesis:<\/strong>\u00a0 Fundamentos te\u00f3ricos de la entrevista period\u00edstica escrita <\/li>\n<li><strong>Autor:<\/strong>\u00a0 Maite Gobantes Bilbao <\/li>\n<li><strong>Universidad:<\/strong>\u00a0 Murcia<\/li>\n<li><strong>Fecha de lectura de la tesis:<\/strong>\u00a0 11\/06\/2008<\/li>\n<\/ul>\n<p>&nbsp;<\/p>\n<h3>Direcci\u00f3n y tribunal<\/h3>\n<ul>\n<li><strong>Director de la tesis<\/strong>\n<ul>\n<li>Alfonso Garcia Marques<\/li>\n<\/ul>\n<\/li>\n<li><strong>Tribunal<\/strong>\n<ul>\n<li>Presidente del tribunal: Jos\u00e9 Francisco Val alvaro <\/li>\n<li>Jes\u00fas Gonz\u00e1lez requena (vocal)<\/li>\n<li>Jes\u00fas Gonz\u00e1lez requena (vocal)<\/li>\n<li>Jos\u00e9 Luis Dader Garc\u00eda (vocal)<\/li>\n<\/ul>\n<\/li>\n<\/ul>\n<p>&nbsp;<\/p>\n","protected":false},"excerpt":{"rendered":"<p>Tesis doctoral de Maite Gobantes Bilbao Fundamentos te\u00f3ricos de la entrevista period\u00edstica escrita es una contribuci\u00f3n a sentar las bases [&hellip;]<\/p>\n","protected":false},"author":1,"featured_media":0,"comment_status":"open","ping_status":"open","sticky":false,"template":"","format":"standard","meta":{"site-sidebar-layout":"default","site-content-layout":"","ast-site-content-layout":"","site-content-style":"default","site-sidebar-style":"default","ast-global-header-display":"","ast-banner-title-visibility":"","ast-main-header-display":"","ast-hfb-above-header-display":"","ast-hfb-below-header-display":"","ast-hfb-mobile-header-display":"","site-post-title":"","ast-breadcrumbs-content":"","ast-featured-img":"","footer-sml-layout":"","theme-transparent-header-meta":"","adv-header-id-meta":"","stick-header-meta":"","header-above-stick-meta":"","header-main-stick-meta":"","header-below-stick-meta":"","astra-migrate-meta-layouts":"default","ast-page-background-enabled":"default","ast-page-background-meta":{"desktop":{"background-color":"var(--ast-global-color-4)","background-image":"","background-repeat":"repeat","background-position":"center center","background-size":"auto","background-attachment":"scroll","background-type":"","background-media":"","overlay-type":"","overlay-color":"","overlay-gradient":""},"tablet":{"background-color":"","background-image":"","background-repeat":"repeat","background-position":"center center","background-size":"auto","background-attachment":"scroll","background-type":"","background-media":"","overlay-type":"","overlay-color":"","overlay-gradient":""},"mobile":{"background-color":"","background-image":"","background-repeat":"repeat","background-position":"center center","background-size":"auto","background-attachment":"scroll","background-type":"","background-media":"","overlay-type":"","overlay-color":"","overlay-gradient":""}},"ast-content-background-meta":{"desktop":{"background-color":"var(--ast-global-color-5)","background-image":"","background-repeat":"repeat","background-position":"center center","background-size":"auto","background-attachment":"scroll","background-type":"","background-media":"","overlay-type":"","overlay-color":"","overlay-gradient":""},"tablet":{"background-color":"var(--ast-global-color-5)","background-image":"","background-repeat":"repeat","background-position":"center center","background-size":"auto","background-attachment":"scroll","background-type":"","background-media":"","overlay-type":"","overlay-color":"","overlay-gradient":""},"mobile":{"background-color":"var(--ast-global-color-5)","background-image":"","background-repeat":"repeat","background-position":"center center","background-size":"auto","background-attachment":"scroll","background-type":"","background-media":"","overlay-type":"","overlay-color":"","overlay-gradient":""}},"footnotes":""},"categories":[8235,576],"tags":[25211,4737,143638,143639,143637],"class_list":["post-65119","post","type-post","status-publish","format-standard","hentry","category-murcia","category-retorica","tag-alfonso-garcia-marques","tag-jesus-gonzalez-requena","tag-jose-francisco-val-alvaro","tag-jose-luis-dader-garcia","tag-maite-gobantes-bilbao"],"_links":{"self":[{"href":"https:\/\/www.deberes.net\/tesis\/wp-json\/wp\/v2\/posts\/65119","targetHints":{"allow":["GET"]}}],"collection":[{"href":"https:\/\/www.deberes.net\/tesis\/wp-json\/wp\/v2\/posts"}],"about":[{"href":"https:\/\/www.deberes.net\/tesis\/wp-json\/wp\/v2\/types\/post"}],"author":[{"embeddable":true,"href":"https:\/\/www.deberes.net\/tesis\/wp-json\/wp\/v2\/users\/1"}],"replies":[{"embeddable":true,"href":"https:\/\/www.deberes.net\/tesis\/wp-json\/wp\/v2\/comments?post=65119"}],"version-history":[{"count":0,"href":"https:\/\/www.deberes.net\/tesis\/wp-json\/wp\/v2\/posts\/65119\/revisions"}],"wp:attachment":[{"href":"https:\/\/www.deberes.net\/tesis\/wp-json\/wp\/v2\/media?parent=65119"}],"wp:term":[{"taxonomy":"category","embeddable":true,"href":"https:\/\/www.deberes.net\/tesis\/wp-json\/wp\/v2\/categories?post=65119"},{"taxonomy":"post_tag","embeddable":true,"href":"https:\/\/www.deberes.net\/tesis\/wp-json\/wp\/v2\/tags?post=65119"}],"curies":[{"name":"wp","href":"https:\/\/api.w.org\/{rel}","templated":true}]}}