{"id":65136,"date":"2008-11-06T00:00:00","date_gmt":"2008-11-06T00:00:00","guid":{"rendered":"https:\/\/www.deberes.net\/tesis\/sin-categoria\/rodrigo-de-reynosa-o-de-linde-bufon-o-loco-literario-estudio-y-edicion-cra%c2%adtica-de-su-obra\/"},"modified":"2008-11-06T00:00:00","modified_gmt":"2008-11-06T00:00:00","slug":"rodrigo-de-reynosa-o-de-linde-bufon-o-loco-literario-estudio-y-edicion-cra%c2%adtica-de-su-obra","status":"publish","type":"post","link":"https:\/\/www.deberes.net\/tesis\/analisis-literario\/rodrigo-de-reynosa-o-de-linde-bufon-o-loco-literario-estudio-y-edicion-cra%c2%adtica-de-su-obra\/","title":{"rendered":"Rodrigo de reynosa -o de linde-, buf\u00f3n o loco literario. estudio y edici\u00f3n cr\u00edtica de su obra"},"content":{"rendered":"<h2>Tesis doctoral de <strong> Laura Puerto Moro <\/strong><\/h2>\n<p>Estudio y edici\u00f3n cr\u00edtica de la obra literaria del poeta rodrigo de reinosa.<\/p>\n<p>&nbsp;<\/p>\n<h3>Datos acad\u00e9micos de la tesis doctoral \u00ab<strong>Rodrigo de reynosa -o de linde-, buf\u00f3n o loco literario. estudio y edici\u00f3n cr\u00edtica de su obra<\/strong>\u00ab<\/h3>\n<ul>\n<li><strong>T\u00edtulo de la tesis:<\/strong>\u00a0 Rodrigo de reynosa -o de linde-, buf\u00f3n o loco literario. estudio y edici\u00f3n cr\u00edtica de su obra <\/li>\n<li><strong>Autor:<\/strong>\u00a0 Laura Puerto Moro <\/li>\n<li><strong>Universidad:<\/strong>\u00a0 Salamanca<\/li>\n<li><strong>Fecha de lectura de la tesis:<\/strong>\u00a0 11\/06\/2008<\/li>\n<\/ul>\n<p>&nbsp;<\/p>\n<h3>Direcci\u00f3n y tribunal<\/h3>\n<ul>\n<li><strong>Director de la tesis<\/strong>\n<ul>\n<li>Pedro Manuel C\u00e1tedra Garc\u00eda<\/li>\n<\/ul>\n<\/li>\n<li><strong>Tribunal<\/strong>\n<ul>\n<li>Presidente del tribunal: vicente Beltran pepio <\/li>\n<li>Emilio De Miguel mart\u00ednez (vocal)<\/li>\n<li>Carlos Heusch (vocal)<\/li>\n<li>Mar\u00eda  mercedes Fernandez valladares (vocal)<\/li>\n<\/ul>\n<\/li>\n<\/ul>\n<p>&nbsp;<\/p>\n","protected":false},"excerpt":{"rendered":"<p>Tesis doctoral de Laura Puerto Moro Estudio y edici\u00f3n cr\u00edtica de la obra literaria del poeta rodrigo de reinosa. &nbsp; [&hellip;]<\/p>\n","protected":false},"author":1,"featured_media":0,"comment_status":"open","ping_status":"open","sticky":false,"template":"","format":"standard","meta":{"site-sidebar-layout":"default","site-content-layout":"","ast-site-content-layout":"","site-content-style":"default","site-sidebar-style":"default","ast-global-header-display":"","ast-banner-title-visibility":"","ast-main-header-display":"","ast-hfb-above-header-display":"","ast-hfb-below-header-display":"","ast-hfb-mobile-header-display":"","site-post-title":"","ast-breadcrumbs-content":"","ast-featured-img":"","footer-sml-layout":"","theme-transparent-header-meta":"","adv-header-id-meta":"","stick-header-meta":"","header-above-stick-meta":"","header-main-stick-meta":"","header-below-stick-meta":"","astra-migrate-meta-layouts":"default","ast-page-background-enabled":"default","ast-page-background-meta":{"desktop":{"background-color":"var(--ast-global-color-4)","background-image":"","background-repeat":"repeat","background-position":"center center","background-size":"auto","background-attachment":"scroll","background-type":"","background-media":"","overlay-type":"","overlay-color":"","overlay-gradient":""},"tablet":{"background-color":"","background-image":"","background-repeat":"repeat","background-position":"center center","background-size":"auto","background-attachment":"scroll","background-type":"","background-media":"","overlay-type":"","overlay-color":"","overlay-gradient":""},"mobile":{"background-color":"","background-image":"","background-repeat":"repeat","background-position":"center center","background-size":"auto","background-attachment":"scroll","background-type":"","background-media":"","overlay-type":"","overlay-color":"","overlay-gradient":""}},"ast-content-background-meta":{"desktop":{"background-color":"var(--ast-global-color-5)","background-image":"","background-repeat":"repeat","background-position":"center center","background-size":"auto","background-attachment":"scroll","background-type":"","background-media":"","overlay-type":"","overlay-color":"","overlay-gradient":""},"tablet":{"background-color":"var(--ast-global-color-5)","background-image":"","background-repeat":"repeat","background-position":"center center","background-size":"auto","background-attachment":"scroll","background-type":"","background-media":"","overlay-type":"","overlay-color":"","overlay-gradient":""},"mobile":{"background-color":"var(--ast-global-color-5)","background-image":"","background-repeat":"repeat","background-position":"center center","background-size":"auto","background-attachment":"scroll","background-type":"","background-media":"","overlay-type":"","overlay-color":"","overlay-gradient":""}},"footnotes":""},"categories":[148,2965,1867,9386,628],"tags":[143678,36569,143677,6954,11880,19364],"class_list":["post-65136","post","type-post","status-publish","format-standard","hentry","category-analisis-literario","category-estilo-y-estetica-literarios","category-historia-de-la-literatura-espanola","category-salamanca","category-teoria-analisis-y-critica-literarios","tag-carlos-heusch","tag-emilio-de-miguel-Martinez","tag-laura-puerto-moro","tag-maria-mercedes-fernandez-valladares","tag-pedro-manuel-catedra-garcia","tag-vicente-beltran-pepio"],"_links":{"self":[{"href":"https:\/\/www.deberes.net\/tesis\/wp-json\/wp\/v2\/posts\/65136","targetHints":{"allow":["GET"]}}],"collection":[{"href":"https:\/\/www.deberes.net\/tesis\/wp-json\/wp\/v2\/posts"}],"about":[{"href":"https:\/\/www.deberes.net\/tesis\/wp-json\/wp\/v2\/types\/post"}],"author":[{"embeddable":true,"href":"https:\/\/www.deberes.net\/tesis\/wp-json\/wp\/v2\/users\/1"}],"replies":[{"embeddable":true,"href":"https:\/\/www.deberes.net\/tesis\/wp-json\/wp\/v2\/comments?post=65136"}],"version-history":[{"count":0,"href":"https:\/\/www.deberes.net\/tesis\/wp-json\/wp\/v2\/posts\/65136\/revisions"}],"wp:attachment":[{"href":"https:\/\/www.deberes.net\/tesis\/wp-json\/wp\/v2\/media?parent=65136"}],"wp:term":[{"taxonomy":"category","embeddable":true,"href":"https:\/\/www.deberes.net\/tesis\/wp-json\/wp\/v2\/categories?post=65136"},{"taxonomy":"post_tag","embeddable":true,"href":"https:\/\/www.deberes.net\/tesis\/wp-json\/wp\/v2\/tags?post=65136"}],"curies":[{"name":"wp","href":"https:\/\/api.w.org\/{rel}","templated":true}]}}