{"id":65210,"date":"2018-03-09T22:53:17","date_gmt":"2018-03-09T22:53:17","guid":{"rendered":"https:\/\/www.deberes.net\/tesis\/sin-categoria\/sistemas-de-prediccion-que-caracterizan-el-campo-sonoro-en-iglesias\/"},"modified":"2018-03-09T22:53:17","modified_gmt":"2018-03-09T22:53:17","slug":"sistemas-de-prediccion-que-caracterizan-el-campo-sonoro-en-iglesias","status":"publish","type":"post","link":"https:\/\/www.deberes.net\/tesis\/diseno-arquitectonico\/sistemas-de-prediccion-que-caracterizan-el-campo-sonoro-en-iglesias\/","title":{"rendered":"Sistemas de predicci\u00f3n que caracterizan el campo sonoro en iglesias"},"content":{"rendered":"<h2>Tesis doctoral de <strong> Julio Ignacio De Barrio Mora <\/strong><\/h2>\n<p>La presente tesis versa sobre diversos par\u00e1metros ac\u00fasticos que determinan en gran medida el campo sonoro en unos recintos con unas condiciones muy espec\u00edficas, tanto formales como funcionales, como es el caso de las iglesias cristianas. Por otra parte se trata de comprobar la bondad del software de simulaci\u00f3n ac\u00fastica, aplicado a este tipo de salas. la redacci\u00f3n de la tesis se puede dividir en cuatro grandes bloques. El primero de ellos es una introducci\u00f3n a la ac\u00fastica de recintos, con menci\u00f3n especial a las caracter\u00edsticas propias que presentan las iglesias. El segundo es un breve recorrido por la evoluci\u00f3n de la forma arquitect\u00f3nica a lo largo del tiempo y las variaciones surgidas en la m\u00fasica sacra antigua. En el tercer bloque se hace menci\u00f3n a diversos estudios, publicados con anterioridad y que tratan de las condiciones ac\u00fasticas que presentan algunas iglesias, como por ejemplo san pedro del vaticano o la catedral de san pablo de londres. Por \u00faltimo, el cuarto bloque, donde se desarrollan de forma exhaustiva los estudios ac\u00fasticos pormenorizados de cinco templos, aportaci\u00f3n completamente nueva, toda vez que no hab\u00edan sido medidos con anterioridad. Estas iglesias son: la bas\u00edlica de san lorenzo de el escorial, la bas\u00edlica del valle de los ca\u00eddos y tres iglesias situadas en la ciudad de Madrid, san antonio de la florida, el sant\u00edsimo sacramento y santa rita. En la mayor\u00eda de los casos adem\u00e1s de las mediciones ac\u00fasticas ha sido preciso elaborar la documentaci\u00f3n gr\u00e1fica que acompa\u00f1a al texto. las conclusiones a las que se llegan despu\u00e9s del estudio de los resultados obtenidos en las diversas pruebas experimentales son: 1\u00c2\u00ba.- La evoluci\u00f3n de la forma arquitect\u00f3nica ha tenido una influencia decisiva en la ac\u00fastica que presentan estos recintos. 2\u00c2\u00ba.- La m\u00fasica sacra se ha ido adaptando,  a lo largo del tiempo, a las condiciones y formas que presentaban las salas donde se ejecutaban. 3\u00c2\u00ba.- Los templos cristianos presenta, en general, una mala inteligibilidad de la palabra. Este problema se intenta resolver con instalaciones electroac\u00fasticas. 4\u00c2\u00ba.- Aunque ser\u00eda l\u00f3gico suponer que ante el aumento del volumen de las iglesias, el tiempo de reverberaci\u00f3n se ver\u00eda fuertemente afectado, en determinados casos esto no resulta as\u00ed. Los acoplamientos entre nave central y laterales o capillas, redunda favorablemente en unos tiempos relativamente correctos. 5\u00c2\u00ba.- El software de simulaci\u00f3n ac\u00fastica no ha resultado \u00fatil a la hora de los estudios realizados, con grandes diferencias entre los resultados obtenidos y los realmente medidos in situ. Esto es debido a la extraordinaria complejidad que presenta, en la mayor\u00eda de los casos, los anteriores de las iglesias. 6\u00c2\u00ba.- Se han obtenido cuatro familias de rectas de regresi\u00f3n lineal, dos para el tiempo de reverberaci\u00f3n y otras dos para la absorci\u00f3n de este tipo de recintos. Estas rectas se han clasificado en dos grupos. Unas considerando iglesias de hasta 3.000 m3 de volumen y otras para iglesias mayores.<\/p>\n<p>&nbsp;<\/p>\n<h3>Datos acad\u00e9micos de la tesis doctoral \u00ab<strong>Sistemas de predicci\u00f3n que caracterizan el campo sonoro en iglesias<\/strong>\u00ab<\/h3>\n<ul>\n<li><strong>T\u00edtulo de la tesis:<\/strong>\u00a0 Sistemas de predicci\u00f3n que caracterizan el campo sonoro en iglesias <\/li>\n<li><strong>Autor:<\/strong>\u00a0 Julio Ignacio De Barrio Mora <\/li>\n<li><strong>Universidad:<\/strong>\u00a0 Polit\u00e9cnica de Madrid<\/li>\n<li><strong>Fecha de lectura de la tesis:<\/strong>\u00a0 13\/06\/2008<\/li>\n<\/ul>\n<p>&nbsp;<\/p>\n<h3>Direcci\u00f3n y tribunal<\/h3>\n<ul>\n<li><strong>Director de la tesis<\/strong>\n<ul>\n<li>Manuel Recuero Lopez<\/li>\n<\/ul>\n<\/li>\n<li><strong>Tribunal<\/strong>\n<ul>\n<li>Presidente del tribunal: Juan Monjo carrio <\/li>\n<li>marcos david Fernandez berlanga (vocal)<\/li>\n<li>Mar\u00eda no Gonz\u00e1lez cortina (vocal)<\/li>\n<li>francesc Daumal i domenech (vocal)<\/li>\n<\/ul>\n<\/li>\n<\/ul>\n<p>&nbsp;<\/p>\n","protected":false},"excerpt":{"rendered":"<p>Tesis doctoral de Julio Ignacio De Barrio Mora La presente tesis versa sobre diversos par\u00e1metros ac\u00fasticos que determinan en gran [&hellip;]<\/p>\n","protected":false},"author":1,"featured_media":0,"comment_status":"open","ping_status":"open","sticky":false,"template":"","format":"standard","meta":{"site-sidebar-layout":"default","site-content-layout":"","ast-site-content-layout":"","site-content-style":"default","site-sidebar-style":"default","ast-global-header-display":"","ast-banner-title-visibility":"","ast-main-header-display":"","ast-hfb-above-header-display":"","ast-hfb-below-header-display":"","ast-hfb-mobile-header-display":"","site-post-title":"","ast-breadcrumbs-content":"","ast-featured-img":"","footer-sml-layout":"","theme-transparent-header-meta":"","adv-header-id-meta":"","stick-header-meta":"","header-above-stick-meta":"","header-main-stick-meta":"","header-below-stick-meta":"","astra-migrate-meta-layouts":"default","ast-page-background-enabled":"default","ast-page-background-meta":{"desktop":{"background-color":"var(--ast-global-color-4)","background-image":"","background-repeat":"repeat","background-position":"center center","background-size":"auto","background-attachment":"scroll","background-type":"","background-media":"","overlay-type":"","overlay-color":"","overlay-gradient":""},"tablet":{"background-color":"","background-image":"","background-repeat":"repeat","background-position":"center center","background-size":"auto","background-attachment":"scroll","background-type":"","background-media":"","overlay-type":"","overlay-color":"","overlay-gradient":""},"mobile":{"background-color":"","background-image":"","background-repeat":"repeat","background-position":"center center","background-size":"auto","background-attachment":"scroll","background-type":"","background-media":"","overlay-type":"","overlay-color":"","overlay-gradient":""}},"ast-content-background-meta":{"desktop":{"background-color":"var(--ast-global-color-5)","background-image":"","background-repeat":"repeat","background-position":"center center","background-size":"auto","background-attachment":"scroll","background-type":"","background-media":"","overlay-type":"","overlay-color":"","overlay-gradient":""},"tablet":{"background-color":"var(--ast-global-color-5)","background-image":"","background-repeat":"repeat","background-position":"center center","background-size":"auto","background-attachment":"scroll","background-type":"","background-media":"","overlay-type":"","overlay-color":"","overlay-gradient":""},"mobile":{"background-color":"var(--ast-global-color-5)","background-image":"","background-repeat":"repeat","background-position":"center center","background-size":"auto","background-attachment":"scroll","background-type":"","background-media":"","overlay-type":"","overlay-color":"","overlay-gradient":""}},"footnotes":""},"categories":[12564,16008],"tags":[143835,16467,143834,5055,131906,79453],"class_list":["post-65210","post","type-post","status-publish","format-standard","hentry","category-diseno-arquitectonico","category-politecnica-de-madrid","tag-francesc-daumal-i-domenech","tag-juan-monjo-carrio","tag-julio-ignacio-de-barrio-mora","tag-manuel-recuero-lopez","tag-marcos-david-fernandez-berlanga","tag-maria-no-gonzalez-cortina"],"_links":{"self":[{"href":"https:\/\/www.deberes.net\/tesis\/wp-json\/wp\/v2\/posts\/65210","targetHints":{"allow":["GET"]}}],"collection":[{"href":"https:\/\/www.deberes.net\/tesis\/wp-json\/wp\/v2\/posts"}],"about":[{"href":"https:\/\/www.deberes.net\/tesis\/wp-json\/wp\/v2\/types\/post"}],"author":[{"embeddable":true,"href":"https:\/\/www.deberes.net\/tesis\/wp-json\/wp\/v2\/users\/1"}],"replies":[{"embeddable":true,"href":"https:\/\/www.deberes.net\/tesis\/wp-json\/wp\/v2\/comments?post=65210"}],"version-history":[{"count":0,"href":"https:\/\/www.deberes.net\/tesis\/wp-json\/wp\/v2\/posts\/65210\/revisions"}],"wp:attachment":[{"href":"https:\/\/www.deberes.net\/tesis\/wp-json\/wp\/v2\/media?parent=65210"}],"wp:term":[{"taxonomy":"category","embeddable":true,"href":"https:\/\/www.deberes.net\/tesis\/wp-json\/wp\/v2\/categories?post=65210"},{"taxonomy":"post_tag","embeddable":true,"href":"https:\/\/www.deberes.net\/tesis\/wp-json\/wp\/v2\/tags?post=65210"}],"curies":[{"name":"wp","href":"https:\/\/api.w.org\/{rel}","templated":true}]}}