{"id":65225,"date":"2018-03-09T22:53:17","date_gmt":"2018-03-09T22:53:17","guid":{"rendered":"https:\/\/www.deberes.net\/tesis\/sin-categoria\/impacto-de-las-politicas-agrarias-de-areas-desarrolladas-en-la-economia-de-benin-burkina-faso-y-mali-el-caso-del-algodon\/"},"modified":"2018-03-09T22:53:17","modified_gmt":"2018-03-09T22:53:17","slug":"impacto-de-las-politicas-agrarias-de-areas-desarrolladas-en-la-economia-de-benin-burkina-faso-y-mali-el-caso-del-algodon","status":"publish","type":"post","link":"https:\/\/www.deberes.net\/tesis\/organizacion-industrial-y-sector-publico\/impacto-de-las-politicas-agrarias-de-areas-desarrolladas-en-la-economia-de-benin-burkina-faso-y-mali-el-caso-del-algodon\/","title":{"rendered":"Impacto de las politicas agrarias de areas desarrolladas en la economia de benin, burkina faso y mali. el caso del algodon."},"content":{"rendered":"<h2>Tesis doctoral de <strong> Christian Mabi Lukusa <\/strong><\/h2>\n<p>La tesis describe, en primer lugar un marco gen\u00e9rico relacionado con las pol\u00edticas agrarias. En este sentido se estudian diversos modelos que ponen de manifiesto las relaciones de diferentes variables econ\u00f3micas.  una vez realizado este estudio, el segundo cap\u00edtulo se dedica al an\u00e1lisis de las pol\u00edticas agrarias de diferentes pa\u00edses desarrollados, dedic\u00e1ndole especial atenci\u00f3n a la pol\u00edtica agr\u00edcola com\u00fan de la uni\u00f3n europea y a la pol\u00edtica agraria de los estados unidos. Se centra especialmente este cap\u00edtulo en el an\u00e1lisis de las ayudas que en ambos casos se da al cultivo del algod\u00f3n. En este orden se estudia de una forma especial una diferencia presentada ante el \u00f3rgano de soluci\u00f3n de diferencias de la omc sobre algod\u00f3n, as\u00ed como la iniciativa de los pa\u00edses que se incluyen en la tesis en relaci\u00f3n con las negociaciones comerciales que actualmente se llevan a cabo dentro de la ronda doha. Es de destacar la utilizaci\u00f3n de los informes que fueron presentados ante el citado \u00f3rgano as\u00ed como sus conclusiones.  el tercer cap\u00edtulo analiza el mercado mundial del algod\u00f3n estudiando de una forma espec\u00edfica las caracter\u00edsticas t\u00e9cnicas del cultivo y la utilizaci\u00f3n del algod\u00f3n y, l\u00f3gicamente, se lleva a cabo el estudio de la oferta y la demanda mundiales del producto, teniendo en cuenta sus relaciones con el sector vestido y estudia  igualmente las corrientes comerciales, exportaciones e importaciones del producto. Se obtienen y se presentan datos relacionados con los precios mundiales y sus oscilaciones en los \u00faltimos veinticinco a\u00f1os.  el cuarto cap\u00edtulo estudia las caracter\u00edsticas de las econom\u00edas de los pa\u00edses objeto de estudio, destacando de forma muy clara la importancia que los productos agr\u00edcolas tienen en las econom\u00edas de estos pa\u00edses, describiendo las pol\u00edticas de apoyo y la importancia que el cultivo del algod\u00f3n tiene dentro de los problemas de la agricultura de estas naciones. Se analizan de forma especial las superficies cultivadas, la oferta agraria y el comercio agrario.  en el cap\u00edtulo siguiente se estudia, a trav\u00e9s de una serie de trabajos emp\u00edricos el impacto que las ayudas al algod\u00f3n, especialmente las realizadas por parte de los estados unidos, tienen sobre los precios y las cotizaciones mundiales del producto con su consecuencia inmediata de consecuci\u00f3n de partes del mercado que no pueden cubrir los pa\u00edses citados. En definitiva se trata de que las subvenciones de diversos tipos otorgadas por los estados unidos afectan claramente a los precios y que debido a ella los pa\u00edses citados se encuentran fuera del mercado.  finalmente, la tesis termina con un cap\u00edtulo de resumen de las anteriores consideraciones y se\u00f1ala en pocas palabras el impacto negativo de las ayudas norteamericanas.<\/p>\n<p>&nbsp;<\/p>\n<h3>Datos acad\u00e9micos de la tesis doctoral \u00ab<strong>Impacto de las politicas agrarias de areas desarrolladas en la economia de benin, burkina faso y mali. el caso del algodon.<\/strong>\u00ab<\/h3>\n<ul>\n<li><strong>T\u00edtulo de la tesis:<\/strong>\u00a0 Impacto de las politicas agrarias de areas desarrolladas en la economia de benin, burkina faso y mali. el caso del algodon. <\/li>\n<li><strong>Autor:<\/strong>\u00a0 Christian Mabi Lukusa <\/li>\n<li><strong>Universidad:<\/strong>\u00a0 Alcal\u00e1<\/li>\n<li><strong>Fecha de lectura de la tesis:<\/strong>\u00a0 13\/06\/2008<\/li>\n<\/ul>\n<p>&nbsp;<\/p>\n<h3>Direcci\u00f3n y tribunal<\/h3>\n<ul>\n<li><strong>Director de la tesis<\/strong>\n<ul>\n<li>Juan  Ramon Cuadrado Roura<\/li>\n<\/ul>\n<\/li>\n<li><strong>Tribunal<\/strong>\n<ul>\n<li>Presidente del tribunal: eduardo Cuenca garcia <\/li>\n<li>raquel Gonz\u00e1lez blanco (vocal)<\/li>\n<li>carmen Ce\u00f1a jodra (vocal)<\/li>\n<li>isabel Bardaji azcarate (vocal)<\/li>\n<\/ul>\n<\/li>\n<\/ul>\n<p>&nbsp;<\/p>\n","protected":false},"excerpt":{"rendered":"<p>Tesis doctoral de Christian Mabi Lukusa La tesis describe, en primer lugar un marco gen\u00e9rico relacionado con las pol\u00edticas agrarias. [&hellip;]<\/p>\n","protected":false},"author":1,"featured_media":0,"comment_status":"open","ping_status":"open","sticky":false,"template":"","format":"standard","meta":{"site-sidebar-layout":"default","site-content-layout":"","ast-site-content-layout":"","site-content-style":"default","site-sidebar-style":"default","ast-global-header-display":"","ast-banner-title-visibility":"","ast-main-header-display":"","ast-hfb-above-header-display":"","ast-hfb-below-header-display":"","ast-hfb-mobile-header-display":"","site-post-title":"","ast-breadcrumbs-content":"","ast-featured-img":"","footer-sml-layout":"","theme-transparent-header-meta":"","adv-header-id-meta":"","stick-header-meta":"","header-above-stick-meta":"","header-main-stick-meta":"","header-below-stick-meta":"","astra-migrate-meta-layouts":"default","ast-page-background-enabled":"default","ast-page-background-meta":{"desktop":{"background-color":"var(--ast-global-color-4)","background-image":"","background-repeat":"repeat","background-position":"center center","background-size":"auto","background-attachment":"scroll","background-type":"","background-media":"","overlay-type":"","overlay-color":"","overlay-gradient":""},"tablet":{"background-color":"","background-image":"","background-repeat":"repeat","background-position":"center center","background-size":"auto","background-attachment":"scroll","background-type":"","background-media":"","overlay-type":"","overlay-color":"","overlay-gradient":""},"mobile":{"background-color":"","background-image":"","background-repeat":"repeat","background-position":"center center","background-size":"auto","background-attachment":"scroll","background-type":"","background-media":"","overlay-type":"","overlay-color":"","overlay-gradient":""}},"ast-content-background-meta":{"desktop":{"background-color":"var(--ast-global-color-5)","background-image":"","background-repeat":"repeat","background-position":"center center","background-size":"auto","background-attachment":"scroll","background-type":"","background-media":"","overlay-type":"","overlay-color":"","overlay-gradient":""},"tablet":{"background-color":"var(--ast-global-color-5)","background-image":"","background-repeat":"repeat","background-position":"center center","background-size":"auto","background-attachment":"scroll","background-type":"","background-media":"","overlay-type":"","overlay-color":"","overlay-gradient":""},"mobile":{"background-color":"var(--ast-global-color-5)","background-image":"","background-repeat":"repeat","background-position":"center center","background-size":"auto","background-attachment":"scroll","background-type":"","background-media":"","overlay-type":"","overlay-color":"","overlay-gradient":""}},"footnotes":""},"categories":[17426,2825],"tags":[56211,143872,3988,39763,11760,99406],"class_list":["post-65225","post","type-post","status-publish","format-standard","hentry","category-alcala","category-organizacion-industrial-y-sector-publico","tag-carmen-cena-jodra","tag-christian-mabi-lukusa","tag-eduardo-cuenca-garcia","tag-isabel-bardaji-azcarate","tag-juan-ramon-cuadrado-roura","tag-raquel-gonzalez-blanco"],"_links":{"self":[{"href":"https:\/\/www.deberes.net\/tesis\/wp-json\/wp\/v2\/posts\/65225","targetHints":{"allow":["GET"]}}],"collection":[{"href":"https:\/\/www.deberes.net\/tesis\/wp-json\/wp\/v2\/posts"}],"about":[{"href":"https:\/\/www.deberes.net\/tesis\/wp-json\/wp\/v2\/types\/post"}],"author":[{"embeddable":true,"href":"https:\/\/www.deberes.net\/tesis\/wp-json\/wp\/v2\/users\/1"}],"replies":[{"embeddable":true,"href":"https:\/\/www.deberes.net\/tesis\/wp-json\/wp\/v2\/comments?post=65225"}],"version-history":[{"count":0,"href":"https:\/\/www.deberes.net\/tesis\/wp-json\/wp\/v2\/posts\/65225\/revisions"}],"wp:attachment":[{"href":"https:\/\/www.deberes.net\/tesis\/wp-json\/wp\/v2\/media?parent=65225"}],"wp:term":[{"taxonomy":"category","embeddable":true,"href":"https:\/\/www.deberes.net\/tesis\/wp-json\/wp\/v2\/categories?post=65225"},{"taxonomy":"post_tag","embeddable":true,"href":"https:\/\/www.deberes.net\/tesis\/wp-json\/wp\/v2\/tags?post=65225"}],"curies":[{"name":"wp","href":"https:\/\/api.w.org\/{rel}","templated":true}]}}