{"id":65286,"date":"2018-03-09T22:53:21","date_gmt":"2018-03-09T22:53:21","guid":{"rendered":"https:\/\/www.deberes.net\/tesis\/sin-categoria\/aproximacion-al-teatro-filosofico-de-antonio-buero-vallejo\/"},"modified":"2018-03-09T22:53:21","modified_gmt":"2018-03-09T22:53:21","slug":"aproximacion-al-teatro-filosofico-de-antonio-buero-vallejo","status":"publish","type":"post","link":"https:\/\/www.deberes.net\/tesis\/antropologia-filosofica\/aproximacion-al-teatro-filosofico-de-antonio-buero-vallejo\/","title":{"rendered":"Aproximacion al teatro filosofico de antonio buero vallejo"},"content":{"rendered":"<h2>Tesis doctoral de <strong> Jos\u00e9 Mar\u00eda Callejas Berdones <\/strong><\/h2>\n<p>La tesis doctoral aproximaci\u00f3n al teatro filos\u00f3fico de antonio buero vallejo  es una exploraci\u00f3n de su obra dram\u00e1tica desde una doble perspectiva: por un lado, desde el punto de vista del nacimiento de la filosof\u00eda en grecia, en la que el teatro constituye una forma de sabidur\u00eda, y por otro, desde la constituci\u00f3n de una nueva filosof\u00eda espa\u00f1ola. La tesis consta de tres partes. En la primera, explicamos los fundamentos filos\u00f3ficos del teatro y su influencia en la formaci\u00f3n del concepto de persona.  en la segunda, analizaos ocho obras representativas de la cosmovisi\u00f3n (weltanschauung) de antonio buero vallejo: historia de una escalera, en la ardiente oscuridad, las meninas, el concierto de san ovidio, el tragaluz, la doble historia del doctor valmy, la fundaci\u00f3n y mito. En la tercera parte, meditamos acerca de la esperanza tr\u00e1gica en la totalidad de la obra dram\u00e1tica de antonio buero vallejo y resaltamos su compromiso \u00e9tico con el hombre, su compromiso hist\u00f3rico con espa\u00f1a y su compromiso est\u00e9tico con el teatro. La tesis se acerca a la figura de una persona ejemplar: un dramaturgo universal comprometido con su tiempo.<\/p>\n<p>&nbsp;<\/p>\n<h3>Datos acad\u00e9micos de la tesis doctoral \u00ab<strong>Aproximacion al teatro filosofico de antonio buero vallejo<\/strong>\u00ab<\/h3>\n<ul>\n<li><strong>T\u00edtulo de la tesis:<\/strong>\u00a0 Aproximacion al teatro filosofico de antonio buero vallejo <\/li>\n<li><strong>Autor:<\/strong>\u00a0 Jos\u00e9 Mar\u00eda Callejas Berdones <\/li>\n<li><strong>Universidad:<\/strong>\u00a0 Complutense de Madrid<\/li>\n<li><strong>Fecha de lectura de la tesis:<\/strong>\u00a0 16\/06\/2008<\/li>\n<\/ul>\n<p>&nbsp;<\/p>\n<h3>Direcci\u00f3n y tribunal<\/h3>\n<ul>\n<li><strong>Director de la tesis<\/strong>\n<ul>\n<li>Ana Mar\u00eda Leyra Soriano<\/li>\n<\/ul>\n<\/li>\n<li><strong>Tribunal<\/strong>\n<ul>\n<li>Presidente del tribunal: manuel Maceiras fafi\u00e1n <\/li>\n<li>Juan a Sanchez-gey venegas (vocal)<\/li>\n<li>alfonso Lopez quintas (vocal)<\/li>\n<li>Antonio Heredia soriano (vocal)<\/li>\n<\/ul>\n<\/li>\n<\/ul>\n<p>&nbsp;<\/p>\n","protected":false},"excerpt":{"rendered":"<p>Tesis doctoral de Jos\u00e9 Mar\u00eda Callejas Berdones La tesis doctoral aproximaci\u00f3n al teatro filos\u00f3fico de antonio buero vallejo es una [&hellip;]<\/p>\n","protected":false},"author":1,"featured_media":0,"comment_status":"open","ping_status":"open","sticky":false,"template":"","format":"standard","meta":{"site-sidebar-layout":"default","site-content-layout":"","ast-site-content-layout":"","site-content-style":"default","site-sidebar-style":"default","ast-global-header-display":"","ast-banner-title-visibility":"","ast-main-header-display":"","ast-hfb-above-header-display":"","ast-hfb-below-header-display":"","ast-hfb-mobile-header-display":"","site-post-title":"","ast-breadcrumbs-content":"","ast-featured-img":"","footer-sml-layout":"","theme-transparent-header-meta":"","adv-header-id-meta":"","stick-header-meta":"","header-above-stick-meta":"","header-main-stick-meta":"","header-below-stick-meta":"","astra-migrate-meta-layouts":"default","ast-page-background-enabled":"default","ast-page-background-meta":{"desktop":{"background-color":"var(--ast-global-color-4)","background-image":"","background-repeat":"repeat","background-position":"center center","background-size":"auto","background-attachment":"scroll","background-type":"","background-media":"","overlay-type":"","overlay-color":"","overlay-gradient":""},"tablet":{"background-color":"","background-image":"","background-repeat":"repeat","background-position":"center center","background-size":"auto","background-attachment":"scroll","background-type":"","background-media":"","overlay-type":"","overlay-color":"","overlay-gradient":""},"mobile":{"background-color":"","background-image":"","background-repeat":"repeat","background-position":"center center","background-size":"auto","background-attachment":"scroll","background-type":"","background-media":"","overlay-type":"","overlay-color":"","overlay-gradient":""}},"ast-content-background-meta":{"desktop":{"background-color":"var(--ast-global-color-5)","background-image":"","background-repeat":"repeat","background-position":"center center","background-size":"auto","background-attachment":"scroll","background-type":"","background-media":"","overlay-type":"","overlay-color":"","overlay-gradient":""},"tablet":{"background-color":"var(--ast-global-color-5)","background-image":"","background-repeat":"repeat","background-position":"center center","background-size":"auto","background-attachment":"scroll","background-type":"","background-media":"","overlay-type":"","overlay-color":"","overlay-gradient":""},"mobile":{"background-color":"var(--ast-global-color-5)","background-image":"","background-repeat":"repeat","background-position":"center center","background-size":"auto","background-attachment":"scroll","background-type":"","background-media":"","overlay-type":"","overlay-color":"","overlay-gradient":""}},"footnotes":""},"categories":[960,10452],"tags":[6494,23338,1836,143995,44192,5345],"class_list":["post-65286","post","type-post","status-publish","format-standard","hentry","category-antropologia-filosofica","category-estetica","tag-alfonso-lopez-quintas","tag-ana-maria-leyra-soriano","tag-antonio-heredia-soriano","tag-jose-maria-callejas-berdones","tag-juan-a-sanchez-gey-venegas","tag-manuel-maceiras-fafian"],"_links":{"self":[{"href":"https:\/\/www.deberes.net\/tesis\/wp-json\/wp\/v2\/posts\/65286","targetHints":{"allow":["GET"]}}],"collection":[{"href":"https:\/\/www.deberes.net\/tesis\/wp-json\/wp\/v2\/posts"}],"about":[{"href":"https:\/\/www.deberes.net\/tesis\/wp-json\/wp\/v2\/types\/post"}],"author":[{"embeddable":true,"href":"https:\/\/www.deberes.net\/tesis\/wp-json\/wp\/v2\/users\/1"}],"replies":[{"embeddable":true,"href":"https:\/\/www.deberes.net\/tesis\/wp-json\/wp\/v2\/comments?post=65286"}],"version-history":[{"count":0,"href":"https:\/\/www.deberes.net\/tesis\/wp-json\/wp\/v2\/posts\/65286\/revisions"}],"wp:attachment":[{"href":"https:\/\/www.deberes.net\/tesis\/wp-json\/wp\/v2\/media?parent=65286"}],"wp:term":[{"taxonomy":"category","embeddable":true,"href":"https:\/\/www.deberes.net\/tesis\/wp-json\/wp\/v2\/categories?post=65286"},{"taxonomy":"post_tag","embeddable":true,"href":"https:\/\/www.deberes.net\/tesis\/wp-json\/wp\/v2\/tags?post=65286"}],"curies":[{"name":"wp","href":"https:\/\/api.w.org\/{rel}","templated":true}]}}