{"id":65333,"date":"2018-03-09T22:53:25","date_gmt":"2018-03-09T22:53:25","guid":{"rendered":"https:\/\/www.deberes.net\/tesis\/sin-categoria\/organizacion-del-desarrollo-integradoy-sostenible-de-la-empresa-en-aragon-mediante-categorias-universales-aplicacion-a-la-ribera-alta-del-ebro\/"},"modified":"2018-03-09T22:53:25","modified_gmt":"2018-03-09T22:53:25","slug":"organizacion-del-desarrollo-integradoy-sostenible-de-la-empresa-en-aragon-mediante-categorias-universales-aplicacion-a-la-ribera-alta-del-ebro","status":"publish","type":"post","link":"https:\/\/www.deberes.net\/tesis\/modelos-y-teorias-del-desarrollo-economico\/organizacion-del-desarrollo-integradoy-sostenible-de-la-empresa-en-aragon-mediante-categorias-universales-aplicacion-a-la-ribera-alta-del-ebro\/","title":{"rendered":"Organizacion del desarrollo integradoy sostenible de la empresa en aragon mediante categorias universales. aplicacion a la ribera alta del ebro"},"content":{"rendered":"<h2>Tesis doctoral de <strong> M\u00aa Rosario Gonzalez Pedraza <\/strong><\/h2>\n<p>La ley 10\/1993, de 4 de noviembre, de comarcalizaci\u00f3n de arag\u00f3n y su desarrollo pretenden impulsar el progreso de la comunidad aut\u00f3noma y articular un territorio m\u00e1s equilibrado, m\u00e1s solidario y mejor dotado de servicios y oportunidades para todos sus habitantes. Existen innegables ventajas al aproximar la gesti\u00f3n de determinados aspectos p\u00fablicos amos habitantes del medio rural, alcanzando mayor eficiencia en el aprovechamiento de todos los recursos. Sin embargo, la administraci\u00f3n necesaria para este nuevo escenario debe afrontar el reto de mejorar y profesionalizar su gesti\u00f3n, que en el medio rural es intuitiva, cuando no inexistente. es necesario estandarizar los procesos de gesti\u00f3n con criterios de calidad de servicio y optimizaci\u00f3n de los recursos p\u00fablicos. Son todav\u00eda muy t\u00edmidas las iniciativas de mejora de calidad en la administraci\u00f3n local, contrastando con su generalizaci\u00f3n en el sector privado, y no es frecuente encontrar manuales de gesti\u00f3n p\u00fablica. por otra parte las t\u00e9cnicas de evaluaci\u00f3n y mejora de la calidad en sistemas complejos como una comarcapresentan di#icultades y retos considerables. la presente tesis doctoral plantea un m\u00e9todo de an\u00e1lisis aplicable para la organizaci\u00f3n del desarrollo sostenible en el territorio, elaborado a partir de un modelo previamente validado de funcionamiento de una empresa, que se extrapola al resto de los agentes de desarrollo comarcal considerados_ entre estos agentes se consideran entidades de la administraci\u00f3n local (consejo comarcal y ayuntamientos), empresas., Organizaciones sin \u00e1nimo de lucro y centros educativos. El modelo es aplicable en primera instancia a cualquier comarca de la regi\u00f3n aragonesa y extrapolable a extensi\u00f3n nacional o internacional. adem\u00e1s, se presenta un m\u00e9todo de evaluaci\u00f3n integral del desarrollo mediante el uso de categor\u00edas universales, adaptado de tesis anteriores del mismo grupo investigador que lo aplicaban a empresas productivas. Este m\u00e9todo lleva incorporada la posibilidad de evaluaci\u00f3n objetiva continua y la orientaci\u00f3n a la toma de decisiones para la mejora de la comarca, desvinculada de planteamientos partidistas. De este modo se asegurar\u00e1 la oportunidad de tener continuidad sin m\u00e1s que mantener actualizadas las bases de datos estad\u00edsticos utilizadas. se efect\u00faa la evaluaci\u00f3n de la situaci\u00f3n de la comarca n\u00c2\u00b0 15 de arag\u00f3n, denominada ribera alta del ebro. Esta comarca se extiende en el \u00abcorredor del ebro\u00bb desde los limites de navarra hasta el municipio de utebo. Al norte limita con las cinco villas, al sur con \u00e9l jal\u00f3n medio, al oeste con el campo de borja y al este con zaragoza. Est\u00e1 compuesta por diecisiete municipios que ocupan una superficie de 495 km2 y tienen una poblaci\u00f3n aproximada de 40000 personas. Esta zona es una de las pocas del territorio aragon\u00e9s, que mantiene una poblaci\u00f3n estable en los \u00faltimos diez a\u00f1os. esta comarca es representativa dentro del conjunto de arag\u00f3n, con oportunidades y retos generalizables a otros casos. Cuenta con la implantaci\u00f3n de sectores econ\u00f3micos complementarios (industria, agricultura, miner\u00eda, comercio). Sus similitudes con otras comarcas incluyen el crecimiento no planificado, los contrastes entre n\u00facleos m\u00e1s y menos industrializados, la despoblaci\u00f3n y el envejecimiento de la poblaci\u00f3n, la competencia con una comunidad aut\u00f3noma pr\u00f3xima, con r\u00e9gimen foral propio y gran capacidad econ\u00f3mica , etc. Todo ello la convierte en una comarca estrat\u00e9gica para el desarrollo del conjunto de arag\u00f3n. la tesis aborda el estudio y mejora de la interacci\u00f3n entre las empresas y el resto de agentes de desarrollo comarcal. Clasifica y ordena sistem\u00e1ticamente los datos estad\u00edsticos disponibles. Facilita un nuevo m\u00e9todo de gesti\u00f3n con indicadores clasificados y agrupados por diversas categor\u00edas, lo que permite vigilar y elevar los niveles de calidad y desarrollo.<\/p>\n<p>&nbsp;<\/p>\n<h3>Datos acad\u00e9micos de la tesis doctoral \u00ab<strong>Organizacion del desarrollo integradoy sostenible de la empresa en aragon mediante categorias universales. aplicacion a la ribera alta del ebro<\/strong>\u00ab<\/h3>\n<ul>\n<li><strong>T\u00edtulo de la tesis:<\/strong>\u00a0 Organizacion del desarrollo integradoy sostenible de la empresa en aragon mediante categorias universales. aplicacion a la ribera alta del ebro <\/li>\n<li><strong>Autor:<\/strong>\u00a0 M\u00aa Rosario Gonzalez Pedraza <\/li>\n<li><strong>Universidad:<\/strong>\u00a0 Zaragoza<\/li>\n<li><strong>Fecha de lectura de la tesis:<\/strong>\u00a0 18\/06\/2008<\/li>\n<\/ul>\n<p>&nbsp;<\/p>\n<h3>Direcci\u00f3n y tribunal<\/h3>\n<ul>\n<li><strong>Director de la tesis<\/strong>\n<ul>\n<li>Fernando Torres Leza<\/li>\n<\/ul>\n<\/li>\n<li><strong>Tribunal<\/strong>\n<ul>\n<li>Presidente del tribunal: Miguel angel Sebastian perez <\/li>\n<li>Francisco Bono rios (vocal)<\/li>\n<li>Jos\u00e9 ignacio Castresana ruiz-carrillo (vocal)<\/li>\n<li>Juan  Carlos Martin mallen (vocal)<\/li>\n<\/ul>\n<\/li>\n<\/ul>\n<p>&nbsp;<\/p>\n","protected":false},"excerpt":{"rendered":"<p>Tesis doctoral de M\u00aa Rosario Gonzalez Pedraza La ley 10\/1993, de 4 de noviembre, de comarcalizaci\u00f3n de arag\u00f3n y su [&hellip;]<\/p>\n","protected":false},"author":1,"featured_media":0,"comment_status":"open","ping_status":"open","sticky":false,"template":"","format":"standard","meta":{"site-sidebar-layout":"default","site-content-layout":"","ast-site-content-layout":"","site-content-style":"default","site-sidebar-style":"default","ast-global-header-display":"","ast-banner-title-visibility":"","ast-main-header-display":"","ast-hfb-above-header-display":"","ast-hfb-below-header-display":"","ast-hfb-mobile-header-display":"","site-post-title":"","ast-breadcrumbs-content":"","ast-featured-img":"","footer-sml-layout":"","theme-transparent-header-meta":"","adv-header-id-meta":"","stick-header-meta":"","header-above-stick-meta":"","header-main-stick-meta":"","header-below-stick-meta":"","astra-migrate-meta-layouts":"default","ast-page-background-enabled":"default","ast-page-background-meta":{"desktop":{"background-color":"var(--ast-global-color-4)","background-image":"","background-repeat":"repeat","background-position":"center center","background-size":"auto","background-attachment":"scroll","background-type":"","background-media":"","overlay-type":"","overlay-color":"","overlay-gradient":""},"tablet":{"background-color":"","background-image":"","background-repeat":"repeat","background-position":"center center","background-size":"auto","background-attachment":"scroll","background-type":"","background-media":"","overlay-type":"","overlay-color":"","overlay-gradient":""},"mobile":{"background-color":"","background-image":"","background-repeat":"repeat","background-position":"center center","background-size":"auto","background-attachment":"scroll","background-type":"","background-media":"","overlay-type":"","overlay-color":"","overlay-gradient":""}},"ast-content-background-meta":{"desktop":{"background-color":"var(--ast-global-color-5)","background-image":"","background-repeat":"repeat","background-position":"center center","background-size":"auto","background-attachment":"scroll","background-type":"","background-media":"","overlay-type":"","overlay-color":"","overlay-gradient":""},"tablet":{"background-color":"var(--ast-global-color-5)","background-image":"","background-repeat":"repeat","background-position":"center center","background-size":"auto","background-attachment":"scroll","background-type":"","background-media":"","overlay-type":"","overlay-color":"","overlay-gradient":""},"mobile":{"background-color":"var(--ast-global-color-5)","background-image":"","background-repeat":"repeat","background-position":"center center","background-size":"auto","background-attachment":"scroll","background-type":"","background-media":"","overlay-type":"","overlay-color":"","overlay-gradient":""}},"footnotes":""},"categories":[14991,6713,829,13610],"tags":[39130,144098,144099,75813,16595,144097],"class_list":["post-65333","post","type-post","status-publish","format-standard","hentry","category-desarrollo-regional","category-desarrollo-socioeconomico","category-modelos-y-teorias-del-desarrollo-economico","category-zaragoza","tag-fernando-torres-leza","tag-francisco-bono-rios","tag-jose-ignacio-castresana-ruiz-carrillo","tag-juan-carlos-martin-mallen","tag-miguel-angel-sebastian-perez","tag-ma-rosario-gonzalez-pedraza"],"_links":{"self":[{"href":"https:\/\/www.deberes.net\/tesis\/wp-json\/wp\/v2\/posts\/65333","targetHints":{"allow":["GET"]}}],"collection":[{"href":"https:\/\/www.deberes.net\/tesis\/wp-json\/wp\/v2\/posts"}],"about":[{"href":"https:\/\/www.deberes.net\/tesis\/wp-json\/wp\/v2\/types\/post"}],"author":[{"embeddable":true,"href":"https:\/\/www.deberes.net\/tesis\/wp-json\/wp\/v2\/users\/1"}],"replies":[{"embeddable":true,"href":"https:\/\/www.deberes.net\/tesis\/wp-json\/wp\/v2\/comments?post=65333"}],"version-history":[{"count":0,"href":"https:\/\/www.deberes.net\/tesis\/wp-json\/wp\/v2\/posts\/65333\/revisions"}],"wp:attachment":[{"href":"https:\/\/www.deberes.net\/tesis\/wp-json\/wp\/v2\/media?parent=65333"}],"wp:term":[{"taxonomy":"category","embeddable":true,"href":"https:\/\/www.deberes.net\/tesis\/wp-json\/wp\/v2\/categories?post=65333"},{"taxonomy":"post_tag","embeddable":true,"href":"https:\/\/www.deberes.net\/tesis\/wp-json\/wp\/v2\/tags?post=65333"}],"curies":[{"name":"wp","href":"https:\/\/api.w.org\/{rel}","templated":true}]}}