{"id":65339,"date":"2018-03-09T22:53:25","date_gmt":"2018-03-09T22:53:25","guid":{"rendered":"https:\/\/www.deberes.net\/tesis\/sin-categoria\/estudio-de-los-factores-bhlh-e2-2-en-la-represion-de-cadherina-e-y-la-transicion-epitelio-mesenquima-comparacion-con-e47\/"},"modified":"2018-03-09T22:53:25","modified_gmt":"2018-03-09T22:53:25","slug":"estudio-de-los-factores-bhlh-e2-2-en-la-represion-de-cadherina-e-y-la-transicion-epitelio-mesenquima-comparacion-con-e47","status":"publish","type":"post","link":"https:\/\/www.deberes.net\/tesis\/quimica\/estudio-de-los-factores-bhlh-e2-2-en-la-represion-de-cadherina-e-y-la-transicion-epitelio-mesenquima-comparacion-con-e47\/","title":{"rendered":"Estudio de los factores bhlh e2-2 en la represi\u00f3n de cadherina-e y la transici\u00f3n epitelio-mes\u00e9nquima. comparaci\u00f3n con e47."},"content":{"rendered":"<h2>Tesis doctoral de <strong> Ver\u00f3nica Sobrado Utrera <\/strong><\/h2>\n<p>La p\u00e9rdida de expresi\u00f3n de la prote\u00edna de adhesi\u00f3n intercelular cadherina-e es un evento esencial en el proceso de transici\u00f3n epitelio-mes\u00e9nquima (tem) que permite la migraci\u00f3n celular durante el desarrollo embrionario y en la invesi\u00f3n de tumores de origen epitelial (carcinomas). Las c\u00e9lulas que sufren dicho proceso, pierden su polaridad y la expresi\u00f3n de marcadores epiteliales y adquieren marcadores de fenotipo mesenquim\u00e1tico y propiedades migratorias. La represi\u00f3n transcripcional es uno de los principapes mecanismos que conducen a la regulaci\u00f3n negativa de la expresi\u00f3n de cadherina-e tanto en el desarrollo embrionario como durante la prograsi\u00f3n tumoral. En los \u00faltimos a\u00f1os, se han caracterizado diferentes represores del gen de cadherina-e e inductores de tem, entre los que se encuentran los factores de dedos de zinc snail1 y snail2, los factores de dobles dedos de zinc zeb-1 y zeb-2, y los factores bhlh e47 y twist. Estudios previos de nuestro laboratorio, de an\u00e1lisis de los perfiles de expresi\u00f3n g\u00e9nica de c\u00e9lulas mdck con expresi\u00f3n estable de de los factores snail1, snail2 o e47, identificaron al gen e2-2 (tcf4) como una diana directa o indirecta de dichos represores de cadherina-e\/inductores de tem. Asimismo, trabajos anteriosres de nuestro grupo hab\u00edan aislado a ambos productos del gen e2-2 (e2-2a y e2-2b), por su capacidad de interacci\u00f3n con el elemento epal del promotor de cadherina-e de rat\u00f3n. Los factores e2-2a\/b son reguladores transcripcionales bhlh de clase i, implicados en diversos procesos biol\u00f3gicos, pero se desconoce si juegan un papel en la tem y\/o en la progresi\u00f3n tumoral. En esta tesis se ha analizado la posible implicaci\u00f3n de los factores e2-2a y e2-2b en la tem y en el proceso tumoral. Ambos productos del gen e2-2 reprimen el promotor de cad-e dependiendo de la integridad del elemento epal y de actividad histona deacetilasa (hdac). A su vez, la expresi\u00f3n estable de e2-2a\/b en la l\u00ednea celular mdck induce una tem completa, con la adquisici\u00f3n de una alta capacidad invasiva in vitro, aunque sin alterar las propiedades tumorig\u00e9nicas de dicho sistema celular. El an\u00e1lisis de expresi\u00f3n del gen e2-2 en embriones tempranos de rat\u00f3n revel\u00f3 un patr\u00f3n inverso al de cadherina-e, de acuerdo a su capacidad represora. Asimismo, la expresi\u00f3n de e2-2 est\u00e1 incrementada en l\u00edneas derivadas de carcinomas, invasivas y que carecen de expresi\u00f3n de cadherina-e. Por otra parte, el an\u00e1lisis comparativo de los perfiles de expresi\u00f3n de c\u00e9lulas mdck-e2-2 y mdck-e47 revel\u00f3 la existencia de programas gen\u00e9ticos comunes y espec\u00edficos para ambos tipos de factores. En conjunto, estos resultados sugieren un papel para e2-2a\/b como represores adicionales de cadherina-e e inductores de tem. Finalmente, el estudio de la acci\u00f3n de snail1\/2 sobre el promotor de e2-2a, y de e2-2a\/b sobre los promotores de snail1\/2, indican una regulaci\u00f3n cruzada a nivel transcripcional entre los factores e2-2a\/b y snail1\/2.<\/p>\n<p>&nbsp;<\/p>\n<h3>Datos acad\u00e9micos de la tesis doctoral \u00ab<strong>Estudio de los factores bhlh e2-2 en la represi\u00f3n de cadherina-e y la transici\u00f3n epitelio-mes\u00e9nquima. comparaci\u00f3n con e47.<\/strong>\u00ab<\/h3>\n<ul>\n<li><strong>T\u00edtulo de la tesis:<\/strong>\u00a0 Estudio de los factores bhlh e2-2 en la represi\u00f3n de cadherina-e y la transici\u00f3n epitelio-mes\u00e9nquima. comparaci\u00f3n con e47. <\/li>\n<li><strong>Autor:<\/strong>\u00a0 Ver\u00f3nica Sobrado Utrera <\/li>\n<li><strong>Universidad:<\/strong>\u00a0 Aut\u00f3noma de Madrid<\/li>\n<li><strong>Fecha de lectura de la tesis:<\/strong>\u00a0 18\/06\/2008<\/li>\n<\/ul>\n<p>&nbsp;<\/p>\n<h3>Direcci\u00f3n y tribunal<\/h3>\n<ul>\n<li><strong>Director de la tesis<\/strong>\n<ul>\n<li>Amparo Cano Garcia<\/li>\n<\/ul>\n<\/li>\n<li><strong>Tribunal<\/strong>\n<ul>\n<li>Presidente del tribunal: rafael Garesse alarc\u00f3n <\/li>\n<li>Mar\u00eda de los \u00e1ngeles Garc\u00eda pardo (vocal)<\/li>\n<li>Francisco xavier Real arribas (vocal)<\/li>\n<li>carmela Cales bourdet (vocal)<\/li>\n<\/ul>\n<\/li>\n<\/ul>\n<p>&nbsp;<\/p>\n","protected":false},"excerpt":{"rendered":"<p>Tesis doctoral de Ver\u00f3nica Sobrado Utrera La p\u00e9rdida de expresi\u00f3n de la prote\u00edna de adhesi\u00f3n intercelular cadherina-e es un evento [&hellip;]<\/p>\n","protected":false},"author":1,"featured_media":0,"comment_status":"open","ping_status":"open","sticky":false,"template":"","format":"standard","meta":{"site-sidebar-layout":"default","site-content-layout":"","ast-site-content-layout":"","site-content-style":"default","site-sidebar-style":"default","ast-global-header-display":"","ast-banner-title-visibility":"","ast-main-header-display":"","ast-hfb-above-header-display":"","ast-hfb-below-header-display":"","ast-hfb-mobile-header-display":"","site-post-title":"","ast-breadcrumbs-content":"","ast-featured-img":"","footer-sml-layout":"","theme-transparent-header-meta":"","adv-header-id-meta":"","stick-header-meta":"","header-above-stick-meta":"","header-main-stick-meta":"","header-below-stick-meta":"","astra-migrate-meta-layouts":"default","ast-page-background-enabled":"default","ast-page-background-meta":{"desktop":{"background-color":"var(--ast-global-color-4)","background-image":"","background-repeat":"repeat","background-position":"center center","background-size":"auto","background-attachment":"scroll","background-type":"","background-media":"","overlay-type":"","overlay-color":"","overlay-gradient":""},"tablet":{"background-color":"","background-image":"","background-repeat":"repeat","background-position":"center center","background-size":"auto","background-attachment":"scroll","background-type":"","background-media":"","overlay-type":"","overlay-color":"","overlay-gradient":""},"mobile":{"background-color":"","background-image":"","background-repeat":"repeat","background-position":"center center","background-size":"auto","background-attachment":"scroll","background-type":"","background-media":"","overlay-type":"","overlay-color":"","overlay-gradient":""}},"ast-content-background-meta":{"desktop":{"background-color":"var(--ast-global-color-5)","background-image":"","background-repeat":"repeat","background-position":"center center","background-size":"auto","background-attachment":"scroll","background-type":"","background-media":"","overlay-type":"","overlay-color":"","overlay-gradient":""},"tablet":{"background-color":"var(--ast-global-color-5)","background-image":"","background-repeat":"repeat","background-position":"center center","background-size":"auto","background-attachment":"scroll","background-type":"","background-media":"","overlay-type":"","overlay-color":"","overlay-gradient":""},"mobile":{"background-color":"var(--ast-global-color-5)","background-image":"","background-repeat":"repeat","background-position":"center center","background-size":"auto","background-attachment":"scroll","background-type":"","background-media":"","overlay-type":"","overlay-color":"","overlay-gradient":""}},"footnotes":""},"categories":[160,115,17],"tags":[24375,24623,13679,144109,7832,144108],"class_list":["post-65339","post","type-post","status-publish","format-standard","hentry","category-bioquimica","category-bioquimica-molecular","category-quimica","tag-amparo-cano-garcia","tag-carmela-cales-bourdet","tag-francisco-xavier-real-arribas","tag-maria-de-los-angeles-garcia-pardo","tag-rafael-garesse-alarcon","tag-veronica-sobrado-utrera"],"_links":{"self":[{"href":"https:\/\/www.deberes.net\/tesis\/wp-json\/wp\/v2\/posts\/65339","targetHints":{"allow":["GET"]}}],"collection":[{"href":"https:\/\/www.deberes.net\/tesis\/wp-json\/wp\/v2\/posts"}],"about":[{"href":"https:\/\/www.deberes.net\/tesis\/wp-json\/wp\/v2\/types\/post"}],"author":[{"embeddable":true,"href":"https:\/\/www.deberes.net\/tesis\/wp-json\/wp\/v2\/users\/1"}],"replies":[{"embeddable":true,"href":"https:\/\/www.deberes.net\/tesis\/wp-json\/wp\/v2\/comments?post=65339"}],"version-history":[{"count":0,"href":"https:\/\/www.deberes.net\/tesis\/wp-json\/wp\/v2\/posts\/65339\/revisions"}],"wp:attachment":[{"href":"https:\/\/www.deberes.net\/tesis\/wp-json\/wp\/v2\/media?parent=65339"}],"wp:term":[{"taxonomy":"category","embeddable":true,"href":"https:\/\/www.deberes.net\/tesis\/wp-json\/wp\/v2\/categories?post=65339"},{"taxonomy":"post_tag","embeddable":true,"href":"https:\/\/www.deberes.net\/tesis\/wp-json\/wp\/v2\/tags?post=65339"}],"curies":[{"name":"wp","href":"https:\/\/api.w.org\/{rel}","templated":true}]}}