{"id":65363,"date":"2018-03-09T22:53:25","date_gmt":"2018-03-09T22:53:25","guid":{"rendered":"https:\/\/www.deberes.net\/tesis\/sin-categoria\/espana-entre-la-antorcha-y-la-esvastica-alcance-y-la%c2%admites-del-giro-pola%c2%adtico-espanol-durante-la-ii-guerra-mundial-1942-1943\/"},"modified":"2018-03-09T22:53:25","modified_gmt":"2018-03-09T22:53:25","slug":"espana-entre-la-antorcha-y-la-esvastica-alcance-y-la%c2%admites-del-giro-pola%c2%adtico-espanol-durante-la-ii-guerra-mundial-1942-1943","status":"publish","type":"post","link":"https:\/\/www.deberes.net\/tesis\/historia\/espana-entre-la-antorcha-y-la-esvastica-alcance-y-la%c2%admites-del-giro-pola%c2%adtico-espanol-durante-la-ii-guerra-mundial-1942-1943\/","title":{"rendered":"Espa\u00f1a, entre la antorcha y la esv\u00e1stica, alcance y l\u00edmites del giro pol\u00edtico espa\u00f1ol durante la ii guerra mundial (1942-1943)"},"content":{"rendered":"<h2>Tesis doctoral de <strong> Emilio Salvador Saenz-frances San Baldomero <\/strong><\/h2>\n<p>La tesis analiza la pol\u00edtica exterior espa\u00f1ola en el periodo comprendido entre la primavera de 1942 y el verano de 1943, el momento de la ii guerra mundial en el que el balance de poder en el mediterr\u00e1neo se inclin\u00f3, de manera definitiva, del lado de los aliados. La tesis se centra, en particular, en las consecuencias para la pol\u00edtica exterior espa\u00f1ola del desembarco aliado en el norte de \u00e1frica (operaci\u00f3n torch), en noviembre de 1942, y en los esfuerzos alemanes encaminados a evitar que espa\u00f1a abandonase, aun de facto, su posici\u00f3n en el conflicto como no beligerante, pero que de hecho resultaba abiertamente favorecedora del esfuerzo de guerra del eje. El trabajo pone de manifiesto el impulso que el desembarco aliado en el norte de \u00e1frica tuvo para acelerar un proceso en el que, paulatinamente, se afirmaba la percepci\u00f3n espa\u00f1ola de que la victoria final en la guerra no corresponder\u00eda al iii reich y la italia fascista. La perspectiva y la propia tesis principal con la que se ha abordado la cuesti\u00f3n es la de que el conjunto de la pol\u00edtica exterior espa\u00f1ola durante la guerra estuvo determinada por un factor fundamental: la voluntad de franco de emerger tras ella, fuese cual fuese su fin, no s\u00f3lo como el l\u00edder indiscutible de la coalici\u00f3n victoriosa en la guerra civil sino lograr ese objetivo sin asumir ninguna dependencia con ninguno de los grupos que compon\u00edan esa coalici\u00f3n.  la tesis se sustenta en un intenso trabajo de archivo tanto en centros documentales espa\u00f1oles como europeos y estadounidenses. Esta labor a permitido que el resultado final de la investigaci\u00f3n ofrezca documentos in\u00e9ditos, as\u00ed como perspectivas e interpretaciones novedosas en el contexto de los estudios sobre el primer franquismo. La obra se divide en cinco cap\u00edtulos principales que abordan las visicitudes de la acci\u00f3n exterior espa\u00f1ola desde el comienzo de la guerra, prestando especial atenci\u00f3n a los meses previos al desembarco aliado en el norte de \u00e1frica y la intensificaci\u00f3n de la presi\u00f3n diplom\u00e1tica sobre espa\u00f1a como resultado de estos, analizando con especial cuidado la estructura interna y objetivos pol\u00edticos de los distintos contendientes con respecto a espa\u00f1a.  los principales factores de la operaci\u00f3n torch en relaci\u00f3n con espa\u00f1a son analizados en profundidad, tanto en su faceta diplom\u00e1tica y de estrategia estrictamente militar. La cauta reacci\u00f3n de franco en el momento de iniciarse la operaci\u00f3n, que se materializ\u00f3 in la intensificaci\u00f3n en repliegue espa\u00f1ol con respecto a la pol\u00edtica de descarada identificaci\u00f3n con el eje, que caracteriza el principio de la guerra, es objetivo, as\u00ed mismo, de una atenci\u00f3n preferente.  este repliegue supuso una de las principales preocupaciones de la pol\u00edtica exterior alemana durante los primeros meses de 1943. Uno de los principales cap\u00edtulos de la tesis est\u00e1 dedicado al an\u00e1lisis de esta reacci\u00f3n alemana. Esta secci\u00f3n se basa en el estudio del conjunto de conspiraciones emprendidas desde el entorno de la embajada para revertir la tendencia de la pol\u00edtica exterior espa\u00f1ola. Estas conspiraciones, reflejo de la naturaleza feudal del iii reich, resultaron en el cese del embajador alem\u00e1n, eberhard von stohrer, en diciembre de 1942 y su sustituci\u00f3n por hans adolf von moltke. La tesis ofrece un innovador estudio de las circunstancias y la naturaleza  de la corta (el embajador falleci\u00f3 inesperadamente en marzo de 1943) pero indudablemente relevante embajada de von moltke. El periodo que se inici\u00f3 con su repentina muerte estar\u00e1 determinado por la paulatina disminuci\u00f3n de la influencia alemana en espa\u00f1a.   finalmente, la tesis aborda la estabilizaci\u00f3n de la modulaci\u00f3n de la pol\u00edtica exterior espa\u00f1ola emprendida tras los desembarcos aliados en el norte de \u00e1frica, hasta el verano de 1943, que result\u00f3 en la frustrada oferta de paz espa\u00f1ola de invierno de ese a\u00f1o y en el intento de reformular los t\u00e9rminos sobre los que se hab\u00eda establecido la relaci\u00f3n, hasta ese momento, entre los aliados y espa\u00f1a, con el prop\u00f3sito de escenificar una cordialidad entre ambas partes pero sin por eso atemperar sustancialmente lo amistoso de los t\u00e9rminos en los que se sustentaba la relaci\u00f3n con alemania. Con esta pol\u00edtica, franco cre\u00eda que blindaba su posici\u00f3n ante la eventualidad de una victoria aliada en la guerra. El fortalecimiento de la posici\u00f3n aliada en todos los frentes probar\u00eda esa apreciaci\u00f3n como incorrecta. El final de la guerra en \u00e1frica inaugur\u00f3 un nuevo periodo para la pol\u00edtica exterior espa\u00f1ola en el cual esta no ser\u00eda ya dictada fundamentalmente por los intereses de franco sino por la una creciente presi\u00f3n aliada sobre \u00e9l y su r\u00e9gimen.<\/p>\n<p>&nbsp;<\/p>\n<h3>Datos acad\u00e9micos de la tesis doctoral \u00ab<strong>Espa\u00f1a, entre la antorcha y la esv\u00e1stica, alcance y l\u00edmites del giro pol\u00edtico espa\u00f1ol durante la ii guerra mundial (1942-1943)<\/strong>\u00ab<\/h3>\n<ul>\n<li><strong>T\u00edtulo de la tesis:<\/strong>\u00a0 Espa\u00f1a, entre la antorcha y la esv\u00e1stica, alcance y l\u00edmites del giro pol\u00edtico espa\u00f1ol durante la ii guerra mundial (1942-1943) <\/li>\n<li><strong>Autor:<\/strong>\u00a0 Emilio Salvador Saenz-frances San Baldomero <\/li>\n<li><strong>Universidad:<\/strong>\u00a0 Deusto<\/li>\n<li><strong>Fecha de lectura de la tesis:<\/strong>\u00a0 19\/06\/2008<\/li>\n<\/ul>\n<p>&nbsp;<\/p>\n<h3>Direcci\u00f3n y tribunal<\/h3>\n<ul>\n<li><strong>Director de la tesis<\/strong>\n<ul>\n<li>Fernando Garc\u00eda De Cort\u00e1zar Ruiz De Aguirre<\/li>\n<\/ul>\n<\/li>\n<li><strong>Tribunal<\/strong>\n<ul>\n<li>Presidente del tribunal: Jos\u00e9 Antonio Escudero lopez <\/li>\n<li>julius Ruiz (vocal)<\/li>\n<li>ricardo Martin  de la guardia (vocal)<\/li>\n<li>florentino Portero rodriguez (vocal)<\/li>\n<\/ul>\n<\/li>\n<\/ul>\n<p>&nbsp;<\/p>\n","protected":false},"excerpt":{"rendered":"<p>Tesis doctoral de Emilio Salvador Saenz-frances San Baldomero La tesis analiza la pol\u00edtica exterior espa\u00f1ola en el periodo comprendido entre [&hellip;]<\/p>\n","protected":false},"author":1,"featured_media":0,"comment_status":"open","ping_status":"open","sticky":false,"template":"","format":"standard","meta":{"site-sidebar-layout":"default","site-content-layout":"","ast-site-content-layout":"","site-content-style":"default","site-sidebar-style":"default","ast-global-header-display":"","ast-banner-title-visibility":"","ast-main-header-display":"","ast-hfb-above-header-display":"","ast-hfb-below-header-display":"","ast-hfb-mobile-header-display":"","site-post-title":"","ast-breadcrumbs-content":"","ast-featured-img":"","footer-sml-layout":"","theme-transparent-header-meta":"","adv-header-id-meta":"","stick-header-meta":"","header-above-stick-meta":"","header-main-stick-meta":"","header-below-stick-meta":"","astra-migrate-meta-layouts":"default","ast-page-background-enabled":"default","ast-page-background-meta":{"desktop":{"background-color":"var(--ast-global-color-4)","background-image":"","background-repeat":"repeat","background-position":"center center","background-size":"auto","background-attachment":"scroll","background-type":"","background-media":"","overlay-type":"","overlay-color":"","overlay-gradient":""},"tablet":{"background-color":"","background-image":"","background-repeat":"repeat","background-position":"center center","background-size":"auto","background-attachment":"scroll","background-type":"","background-media":"","overlay-type":"","overlay-color":"","overlay-gradient":""},"mobile":{"background-color":"","background-image":"","background-repeat":"repeat","background-position":"center center","background-size":"auto","background-attachment":"scroll","background-type":"","background-media":"","overlay-type":"","overlay-color":"","overlay-gradient":""}},"ast-content-background-meta":{"desktop":{"background-color":"var(--ast-global-color-5)","background-image":"","background-repeat":"repeat","background-position":"center center","background-size":"auto","background-attachment":"scroll","background-type":"","background-media":"","overlay-type":"","overlay-color":"","overlay-gradient":""},"tablet":{"background-color":"var(--ast-global-color-5)","background-image":"","background-repeat":"repeat","background-position":"center center","background-size":"auto","background-attachment":"scroll","background-type":"","background-media":"","overlay-type":"","overlay-color":"","overlay-gradient":""},"mobile":{"background-color":"var(--ast-global-color-5)","background-image":"","background-repeat":"repeat","background-position":"center center","background-size":"auto","background-attachment":"scroll","background-type":"","background-media":"","overlay-type":"","overlay-color":"","overlay-gradient":""}},"footnotes":""},"categories":[31910,104,1816,413,15343],"tags":[144154,20827,23685,18464,144155,61855],"class_list":["post-65363","post","type-post","status-publish","format-standard","hentry","category-deusto","category-historia","category-historia-contemporanea","category-historia-de-la-guerra","category-historia-de-las-relaciones-internacionales","tag-emilio-salvador-saenz-frances-san-baldomero","tag-fernando-garcia-de-cortazar-ruiz-de-aguirre","tag-florentino-portero-rodriguez","tag-jose-antonio-escudero-lopez","tag-julius-ruiz","tag-ricardo-martin-de-la-guardia"],"_links":{"self":[{"href":"https:\/\/www.deberes.net\/tesis\/wp-json\/wp\/v2\/posts\/65363","targetHints":{"allow":["GET"]}}],"collection":[{"href":"https:\/\/www.deberes.net\/tesis\/wp-json\/wp\/v2\/posts"}],"about":[{"href":"https:\/\/www.deberes.net\/tesis\/wp-json\/wp\/v2\/types\/post"}],"author":[{"embeddable":true,"href":"https:\/\/www.deberes.net\/tesis\/wp-json\/wp\/v2\/users\/1"}],"replies":[{"embeddable":true,"href":"https:\/\/www.deberes.net\/tesis\/wp-json\/wp\/v2\/comments?post=65363"}],"version-history":[{"count":0,"href":"https:\/\/www.deberes.net\/tesis\/wp-json\/wp\/v2\/posts\/65363\/revisions"}],"wp:attachment":[{"href":"https:\/\/www.deberes.net\/tesis\/wp-json\/wp\/v2\/media?parent=65363"}],"wp:term":[{"taxonomy":"category","embeddable":true,"href":"https:\/\/www.deberes.net\/tesis\/wp-json\/wp\/v2\/categories?post=65363"},{"taxonomy":"post_tag","embeddable":true,"href":"https:\/\/www.deberes.net\/tesis\/wp-json\/wp\/v2\/tags?post=65363"}],"curies":[{"name":"wp","href":"https:\/\/api.w.org\/{rel}","templated":true}]}}