{"id":65366,"date":"2018-03-09T22:53:29","date_gmt":"2018-03-09T22:53:29","guid":{"rendered":"https:\/\/www.deberes.net\/tesis\/sin-categoria\/bienestar-personal-y-actividad-en-la-edad-adulta-tarda%c2%ada\/"},"modified":"2018-03-09T22:53:29","modified_gmt":"2018-03-09T22:53:29","slug":"bienestar-personal-y-actividad-en-la-edad-adulta-tarda%c2%ada","status":"publish","type":"post","link":"https:\/\/www.deberes.net\/tesis\/malaga\/bienestar-personal-y-actividad-en-la-edad-adulta-tarda%c2%ada\/","title":{"rendered":"Bienestar personal y actividad en la edad adulta tard\u00eda"},"content":{"rendered":"<h2>Tesis doctoral de <strong> Vanessa Gonz\u00e1lez Herero <\/strong><\/h2>\n<p>La investigaci\u00f3n se centra en el estudio descriptivo y explicativo de distintas medidas de bienestar y actividades en hombres y mujeres entre los 50 y los 82 a\u00f1os. Las medidas de bienestar se han tomado a trav\u00e9s de distintos instrumentos de evaluaci\u00f3n: escala de afectos positivos y negativos, escala de satisfacci\u00f3n en la vida, escala eudemon de bienestar personal. Asimismo se evaluaron la autoestima y el optimismo disposicional de los participantes. Estos han sido un total de 250 personas: de ellas, 50 anas de casa, sin trabajo externo; 50 hombres y 50 mujeres en estatus laboral de trabajadores; 50 mujeres y 50 hombres ya jubilados. Los datos han sido sometidos a an\u00e1lisis descriptivos, de varianza, de correlaci\u00f3n y de regresi\u00f3n m\u00faltiple. El an\u00e1lisis factorial ha puesto de relieve la existencia de un solo factor que da cuenta de la varianza en las distintas medidas de bienestar \/ felicidad. Los resultados muestran, por otra parte, que este bienestar no desciende con la edad, y que se ve acrecentado por la frecuencia de las actividad y, sobre todo, la satisfacci\u00f3n con las mismas.<\/p>\n<p>&nbsp;<\/p>\n<h3>Datos acad\u00e9micos de la tesis doctoral \u00ab<strong>Bienestar personal y actividad en la edad adulta tard\u00eda<\/strong>\u00ab<\/h3>\n<ul>\n<li><strong>T\u00edtulo de la tesis:<\/strong>\u00a0 Bienestar personal y actividad en la edad adulta tard\u00eda<\/li>\n<li><strong>Autor:<\/strong>\u00a0 Vanessa Gonz\u00e1lez Herero <\/li>\n<li><strong>Universidad:<\/strong>\u00a0 M\u00e1laga<\/li>\n<li><strong>Fecha de lectura de la tesis:<\/strong>\u00a0 19\/06\/2008<\/li>\n<\/ul>\n<p>&nbsp;<\/p>\n<h3>Direcci\u00f3n y tribunal<\/h3>\n<ul>\n<li><strong>Director de la tesis<\/strong>\n<ul>\n<li>Alfredo Fierro Bardaj\u00ed<\/li>\n<\/ul>\n<\/li>\n<li><strong>Tribunal<\/strong>\n<ul>\n<li>Presidente del tribunal: amalio Blanco abarca <\/li>\n<li>violeta Cardenal hern\u00e1ez (vocal)<\/li>\n<li>ruut Veenhoven (vocal)<\/li>\n<li>pablo Fernandez berrocal (vocal)<\/li>\n<\/ul>\n<\/li>\n<\/ul>\n<p>&nbsp;<\/p>\n","protected":false},"excerpt":{"rendered":"<p>Tesis doctoral de Vanessa Gonz\u00e1lez Herero La investigaci\u00f3n se centra en el estudio descriptivo y explicativo de distintas medidas de [&hellip;]<\/p>\n","protected":false},"author":1,"featured_media":0,"comment_status":"open","ping_status":"open","sticky":false,"template":"","format":"standard","meta":{"site-sidebar-layout":"default","site-content-layout":"","ast-site-content-layout":"","site-content-style":"default","site-sidebar-style":"default","ast-global-header-display":"","ast-banner-title-visibility":"","ast-main-header-display":"","ast-hfb-above-header-display":"","ast-hfb-below-header-display":"","ast-hfb-mobile-header-display":"","site-post-title":"","ast-breadcrumbs-content":"","ast-featured-img":"","footer-sml-layout":"","theme-transparent-header-meta":"","adv-header-id-meta":"","stick-header-meta":"","header-above-stick-meta":"","header-main-stick-meta":"","header-below-stick-meta":"","astra-migrate-meta-layouts":"default","ast-page-background-enabled":"default","ast-page-background-meta":{"desktop":{"background-color":"var(--ast-global-color-4)","background-image":"","background-repeat":"repeat","background-position":"center center","background-size":"auto","background-attachment":"scroll","background-type":"","background-media":"","overlay-type":"","overlay-color":"","overlay-gradient":""},"tablet":{"background-color":"","background-image":"","background-repeat":"repeat","background-position":"center center","background-size":"auto","background-attachment":"scroll","background-type":"","background-media":"","overlay-type":"","overlay-color":"","overlay-gradient":""},"mobile":{"background-color":"","background-image":"","background-repeat":"repeat","background-position":"center center","background-size":"auto","background-attachment":"scroll","background-type":"","background-media":"","overlay-type":"","overlay-color":"","overlay-gradient":""}},"ast-content-background-meta":{"desktop":{"background-color":"var(--ast-global-color-5)","background-image":"","background-repeat":"repeat","background-position":"center center","background-size":"auto","background-attachment":"scroll","background-type":"","background-media":"","overlay-type":"","overlay-color":"","overlay-gradient":""},"tablet":{"background-color":"var(--ast-global-color-5)","background-image":"","background-repeat":"repeat","background-position":"center center","background-size":"auto","background-attachment":"scroll","background-type":"","background-media":"","overlay-type":"","overlay-color":"","overlay-gradient":""},"mobile":{"background-color":"var(--ast-global-color-5)","background-image":"","background-repeat":"repeat","background-position":"center center","background-size":"auto","background-attachment":"scroll","background-type":"","background-media":"","overlay-type":"","overlay-color":"","overlay-gradient":""}},"footnotes":""},"categories":[32400,11382,7834],"tags":[8150,7128,17091,144164,144163,39221],"class_list":["post-65366","post","type-post","status-publish","format-standard","hentry","category-desarrollo-de-la-personalidad","category-madurez","category-malaga","tag-alfredo-fierro-bardaji","tag-amalio-blanco-abarca","tag-pablo-fernandez-berrocal","tag-ruut-veenhoven","tag-vanessa-gonzalez-herero","tag-violeta-cardenal-hernaez"],"_links":{"self":[{"href":"https:\/\/www.deberes.net\/tesis\/wp-json\/wp\/v2\/posts\/65366","targetHints":{"allow":["GET"]}}],"collection":[{"href":"https:\/\/www.deberes.net\/tesis\/wp-json\/wp\/v2\/posts"}],"about":[{"href":"https:\/\/www.deberes.net\/tesis\/wp-json\/wp\/v2\/types\/post"}],"author":[{"embeddable":true,"href":"https:\/\/www.deberes.net\/tesis\/wp-json\/wp\/v2\/users\/1"}],"replies":[{"embeddable":true,"href":"https:\/\/www.deberes.net\/tesis\/wp-json\/wp\/v2\/comments?post=65366"}],"version-history":[{"count":0,"href":"https:\/\/www.deberes.net\/tesis\/wp-json\/wp\/v2\/posts\/65366\/revisions"}],"wp:attachment":[{"href":"https:\/\/www.deberes.net\/tesis\/wp-json\/wp\/v2\/media?parent=65366"}],"wp:term":[{"taxonomy":"category","embeddable":true,"href":"https:\/\/www.deberes.net\/tesis\/wp-json\/wp\/v2\/categories?post=65366"},{"taxonomy":"post_tag","embeddable":true,"href":"https:\/\/www.deberes.net\/tesis\/wp-json\/wp\/v2\/tags?post=65366"}],"curies":[{"name":"wp","href":"https:\/\/api.w.org\/{rel}","templated":true}]}}