{"id":65386,"date":"2018-03-09T22:53:29","date_gmt":"2018-03-09T22:53:29","guid":{"rendered":"https:\/\/www.deberes.net\/tesis\/sin-categoria\/predictores-de-la-insercion-laboral-de-personas-con-discapacidad-por-esquizofrenia-estudios-con\/"},"modified":"2018-03-09T22:53:29","modified_gmt":"2018-03-09T22:53:29","slug":"predictores-de-la-insercion-laboral-de-personas-con-discapacidad-por-esquizofrenia-estudios-con","status":"publish","type":"post","link":"https:\/\/www.deberes.net\/tesis\/psicologia-de-la-anormalidad\/predictores-de-la-insercion-laboral-de-personas-con-discapacidad-por-esquizofrenia-estudios-con\/","title":{"rendered":"Predictores de la inserci\u00f3n laboral de personas con discapacidad por esquizofrenia. estudios con&#8230;"},"content":{"rendered":"<h2>Tesis doctoral de <strong> Luis \u00e1ngel L\u00f3pez Men\u00e9ndez <\/strong><\/h2>\n<p>Este trabajo se centra en el estudio de las variables predictoras de la integraci\u00f3n laboral, elemento este determinante de la rehabilitaci\u00f3n psicosocial de personas con trastorno mental severo. en la parte te\u00f3rica se revisan las caracter\u00edsticas cl\u00ednicas y sociol\u00f3gicas del colectivo de estudio. Los tratamientos que han sido aplicados a este colectivo son aqu\u00ed objeto de revisi\u00f3n, tanto la asistencia que ha recibido a lo largo de la historia, como las metodolog\u00edas terap\u00e9uticas actuales con mas respaldo cient\u00edfico, en las cuales se ha profundizado con detalle. La atenci\u00f3n de estas personas tiene por objeto, no s\u00f3lo la reducci\u00f3n sintom\u00e1tica, sino tambi\u00e9n la integraci\u00f3n social con la mejora de la autonom\u00eda personal y calidad de vida; por tanto, precisan de la atenci\u00f3n de redes de servicios asistenciales que les facilite rehabilitaci\u00f3n psicosocial integral, que es el tratamiento de elecci\u00f3n para este colectivo. El nivel de desempe\u00f1o laboral (inserci\u00f3n laboral) es una variable importante, pues es un indicativo fiable de la recuperaci\u00f3n de las personas con trastorno mental severo. Dada la importancia de la inserci\u00f3n laboral para las personas con trastorno mental severo, son muchos los estudios que analizan sus variables predictoras. Se puede afirmar que hay una razonable evidencia cient\u00edfica al respecto del valor predictivo para la integraci\u00f3n laboral de ciertas variables como la experiencia laboral prem\u00f3rbida exitosa, la formaci\u00f3n adecuada, el deseo de trabajar y el buen funcionamiento cognitivo. Ante la ausencia de estudios sobre predictores de integraci\u00f3n laboral con poblaci\u00f3n espa\u00f1ola con trastorno mental severo, es aconsejable tomar en cuenta las conclusiones arriba citadas y constatar la necesidad de realizaci\u00f3n de estudios al respecto con este colectivo. El objetivo del estudio realizado es determinar las variables psicopatol\u00f3gicas y psicosociales que se relacionan con la inserci\u00f3n laboral de espa\u00f1oles con esquizofrenia. As\u00ed mismo y dado que para la valoraci\u00f3n de las variables citadas se han utilizado una serie de instrumentos de evaluaci\u00f3n, se analiza su utilidad para la medici\u00f3n de las variables predictoras de la inserci\u00f3n laboral. Participan en el presente estudio experimental un total de 33 sujetos, seleccionados conforme los criterios de ser personas con esquizofrenia, tener nacionalidad espa\u00f1ola y desarrollar actividad laboral remunerada. Los participantes en el estudio cada seis meses y en cuatro ocasiones(fases) cumplimentan una bater\u00eda de instrumentos de evaluaci\u00f3n dise\u00f1ada al efecto para medir las variables seleccionadas a evaluar. los resultados estos son recogidos ene una base de datos elaborada al efecto con el programa estad\u00edstico para las ciencias sociales spss v.12.0, a fin de facilitar su an\u00e1lisis estad\u00edstico. realizados los pertinentes an\u00e1lisis estad\u00edsticos, se comprueba que las hip\u00f3tesis establecidas se cumplen, determin\u00e1ndose por tanto el perfil espec\u00edfico de variables psicopatol\u00f3gicas y psicosociales que correlacionan con la integraci\u00f3n laboral de personas espa\u00f1olas con esquizofrenia. Se comprueba as\u00ed mismo la validez de los instrumentos de evaluaci\u00f3n utilizados para la medici\u00f3n de las variables predictoras.<\/p>\n<p>&nbsp;<\/p>\n<h3>Datos acad\u00e9micos de la tesis doctoral \u00ab<strong>Predictores de la inserci\u00f3n laboral de personas con discapacidad por esquizofrenia. estudios con&#8230;<\/strong>\u00ab<\/h3>\n<ul>\n<li><strong>T\u00edtulo de la tesis:<\/strong>\u00a0 Predictores de la inserci\u00f3n laboral de personas con discapacidad por esquizofrenia. estudios con&#8230; <\/li>\n<li><strong>Autor:<\/strong>\u00a0 Luis \u00e1ngel L\u00f3pez Men\u00e9ndez <\/li>\n<li><strong>Universidad:<\/strong>\u00a0 Oviedo<\/li>\n<li><strong>Fecha de lectura de la tesis:<\/strong>\u00a0 19\/06\/2008<\/li>\n<\/ul>\n<p>&nbsp;<\/p>\n<h3>Direcci\u00f3n y tribunal<\/h3>\n<ul>\n<li><strong>Director de la tesis<\/strong>\n<ul>\n<li>Antonio  Le\u00f3n Aguado D\u00edaz<\/li>\n<\/ul>\n<\/li>\n<li><strong>Tribunal<\/strong>\n<ul>\n<li>Presidente del tribunal: Miguel angel Verdugo alonso <\/li>\n<li>Mar\u00eda  yolanda Fontanil gomez (vocal)<\/li>\n<li>alfonso Vazquez barquero (vocal)<\/li>\n<li>benito Arias Martinez (vocal)<\/li>\n<\/ul>\n<\/li>\n<\/ul>\n<p>&nbsp;<\/p>\n","protected":false},"excerpt":{"rendered":"<p>Tesis doctoral de Luis \u00e1ngel L\u00f3pez Men\u00e9ndez Este trabajo se centra en el estudio de las variables predictoras de la [&hellip;]<\/p>\n","protected":false},"author":1,"featured_media":0,"comment_status":"open","ping_status":"open","sticky":false,"template":"","format":"standard","meta":{"site-sidebar-layout":"default","site-content-layout":"","ast-site-content-layout":"","site-content-style":"default","site-sidebar-style":"default","ast-global-header-display":"","ast-banner-title-visibility":"","ast-main-header-display":"","ast-hfb-above-header-display":"","ast-hfb-below-header-display":"","ast-hfb-mobile-header-display":"","site-post-title":"","ast-breadcrumbs-content":"","ast-featured-img":"","footer-sml-layout":"","theme-transparent-header-meta":"","adv-header-id-meta":"","stick-header-meta":"","header-above-stick-meta":"","header-main-stick-meta":"","header-below-stick-meta":"","astra-migrate-meta-layouts":"default","ast-page-background-enabled":"default","ast-page-background-meta":{"desktop":{"background-color":"var(--ast-global-color-4)","background-image":"","background-repeat":"repeat","background-position":"center center","background-size":"auto","background-attachment":"scroll","background-type":"","background-media":"","overlay-type":"","overlay-color":"","overlay-gradient":""},"tablet":{"background-color":"","background-image":"","background-repeat":"repeat","background-position":"center center","background-size":"auto","background-attachment":"scroll","background-type":"","background-media":"","overlay-type":"","overlay-color":"","overlay-gradient":""},"mobile":{"background-color":"","background-image":"","background-repeat":"repeat","background-position":"center center","background-size":"auto","background-attachment":"scroll","background-type":"","background-media":"","overlay-type":"","overlay-color":"","overlay-gradient":""}},"ast-content-background-meta":{"desktop":{"background-color":"var(--ast-global-color-5)","background-image":"","background-repeat":"repeat","background-position":"center center","background-size":"auto","background-attachment":"scroll","background-type":"","background-media":"","overlay-type":"","overlay-color":"","overlay-gradient":""},"tablet":{"background-color":"var(--ast-global-color-5)","background-image":"","background-repeat":"repeat","background-position":"center center","background-size":"auto","background-attachment":"scroll","background-type":"","background-media":"","overlay-type":"","overlay-color":"","overlay-gradient":""},"mobile":{"background-color":"var(--ast-global-color-5)","background-image":"","background-repeat":"repeat","background-position":"center center","background-size":"auto","background-attachment":"scroll","background-type":"","background-media":"","overlay-type":"","overlay-color":"","overlay-gradient":""}},"footnotes":""},"categories":[1175,8846,6894,961],"tags":[130226,8851,9413,144214,89086,9414],"class_list":["post-65386","post","type-post","status-publish","format-standard","hentry","category-evaluacion-y-diagnostico-en-psicologia","category-oviedo","category-personalidad","category-psicologia-de-la-anormalidad","tag-alfonso-vazquez-barquero","tag-antonio-leon-aguado-diaz","tag-benito-arias-Martinez","tag-luis-angel-lopez-menendez","tag-maria-yolanda-fontanil-gomez","tag-miguel-angel-verdugo-alonso"],"_links":{"self":[{"href":"https:\/\/www.deberes.net\/tesis\/wp-json\/wp\/v2\/posts\/65386","targetHints":{"allow":["GET"]}}],"collection":[{"href":"https:\/\/www.deberes.net\/tesis\/wp-json\/wp\/v2\/posts"}],"about":[{"href":"https:\/\/www.deberes.net\/tesis\/wp-json\/wp\/v2\/types\/post"}],"author":[{"embeddable":true,"href":"https:\/\/www.deberes.net\/tesis\/wp-json\/wp\/v2\/users\/1"}],"replies":[{"embeddable":true,"href":"https:\/\/www.deberes.net\/tesis\/wp-json\/wp\/v2\/comments?post=65386"}],"version-history":[{"count":0,"href":"https:\/\/www.deberes.net\/tesis\/wp-json\/wp\/v2\/posts\/65386\/revisions"}],"wp:attachment":[{"href":"https:\/\/www.deberes.net\/tesis\/wp-json\/wp\/v2\/media?parent=65386"}],"wp:term":[{"taxonomy":"category","embeddable":true,"href":"https:\/\/www.deberes.net\/tesis\/wp-json\/wp\/v2\/categories?post=65386"},{"taxonomy":"post_tag","embeddable":true,"href":"https:\/\/www.deberes.net\/tesis\/wp-json\/wp\/v2\/tags?post=65386"}],"curies":[{"name":"wp","href":"https:\/\/api.w.org\/{rel}","templated":true}]}}