{"id":65390,"date":"2018-03-09T22:53:29","date_gmt":"2018-03-09T22:53:29","guid":{"rendered":"https:\/\/www.deberes.net\/tesis\/sin-categoria\/modelos-urbanisticos-modernos-e-parques-urbanos-as-relaa%c2%a7a%c2%b5es-entre-urbanismo-e-paisagismo-em-sao-paulo-na-primeira-metade-do-seculo-xx\/"},"modified":"2018-03-09T22:53:29","modified_gmt":"2018-03-09T22:53:29","slug":"modelos-urbanisticos-modernos-e-parques-urbanos-as-relaa%c2%a7a%c2%b5es-entre-urbanismo-e-paisagismo-em-sao-paulo-na-primeira-metade-do-seculo-xx","status":"publish","type":"post","link":"https:\/\/www.deberes.net\/tesis\/historia-de-la-arquitectura\/modelos-urbanisticos-modernos-e-parques-urbanos-as-relaa%c2%a7a%c2%b5es-entre-urbanismo-e-paisagismo-em-sao-paulo-na-primeira-metade-do-seculo-xx\/","title":{"rendered":"Modelos urbanisticos modernos e parques urbanos: as rela\u00c1\u00a7\u00c1\u00b5es entre urbanismo e paisagismo em s\u00c1\u00a3o paulo na primeira metade do seculo xx"},"content":{"rendered":"<h2>Tesis doctoral de <strong> Fabiano Lemes De Oliveira <\/strong><\/h2>\n<p>Esta tesis analiza las relaciones entre el pensamiento urban\u00edstico y los debates paisaj\u00edsticos en s\u00ed\u00a3o paulo en la primera mitad del siglo xx, enfocando como los planes urban\u00edsticos para la ciudad incorporaron los parques y sistemas de parque. Ha sido fundamental destacar cuales fueron los principales referentes discutidos y c\u00f3mo se produjeron las transferencias, cambios y apropiaciones de idearios. Inicialmente, pone de manifiesto que la emergencia de la reflexi\u00f3n urban\u00edstica en la ciudad se hizo al mismo tiempo que el surgimiento de la idea de parque urbano moderno. Destaca que la urban\u00edstica de la europa continental, el town planning brit\u00e1nico y las ideas de h\u00e9nard fueron las principales referencias te\u00f3ricas apropiadas en la formaci\u00f3n del urbanismo paulistano y en la primera divulgaci\u00f3n de la importancia de que se crease un sistema de parques conectado al sistema viario. A continuaci\u00f3n, analiza las propuestas de barry parker para barrios-jard\u00edn en la ciudad, su idea de un anillo de parques alrededor del \u00e1rea urbana y su influencia en los anteproyectos para la regi\u00f3n del r\u00edo tiet\u00ed\u00aa. En la secuencia, presenta un cuadro explicativo de las principales visiones nacionales acerca de las relaciones entre modernidad y brasilidad en la construcci\u00f3n de jardines y parques a partir de la d\u00e9cada de los 20; discurre sobre determinadas visiones de le corbusier &#8211; acerca de las relaciones entre arquitectura, naturaleza y ciudad &#8211; importantes para la comprensi\u00f3n de proyectos locales y analiza el plan que hizo para s\u00ed\u00a3o paulo. Los \u00faltimos cap\u00edtulos siguen analizando los planos urban\u00edsticos para la ciudad y las \u00e1reas verdes propuestas y buscan identificar cu\u00e1les fueron las matrices conceptuales, las permanencias y rupturas te\u00f3ricas en relaci\u00f3n al momento anterior. De entre estos planes, se examinan el proyecto de maia y cintra, de 1924 a 1926; las concepciones de ciudad y de sus \u00e1reas verdes de prestes maia, sobre todo, en el plano de avenidas; al igual que analiza la importancia de las ideas de anhaia mello sobre el urbanismo y el recreo activo. Finalmente, examina los razonamientos sobre las \u00e1reas verdes en s\u00ed\u00a3o paulo en el contexto metropolitano de la d\u00e9cada de los 50, con especial \u00e9nfasis en el an\u00e1lisis del plan de robert moses, de 1950, en los proyectos y en la construcci\u00f3n del parque del ibirapuera, en los planes para la ciudad universitaria y en los debates acerca de la creaci\u00f3n de un plan director para la regi\u00f3n.<\/p>\n<p>&nbsp;<\/p>\n<h3>Datos acad\u00e9micos de la tesis doctoral \u00ab<strong>Modelos urbanisticos modernos e parques urbanos: as rela\u00c1\u00a7\u00c1\u00b5es entre urbanismo e paisagismo em s\u00c1\u00a3o paulo na primeira metade do seculo xx<\/strong>\u00ab<\/h3>\n<ul>\n<li><strong>T\u00edtulo de la tesis:<\/strong>\u00a0 Modelos urbanisticos modernos e parques urbanos: as rela\u00c1\u00a7\u00c1\u00b5es entre urbanismo e paisagismo em s\u00c1\u00a3o paulo na primeira metade do seculo xx <\/li>\n<li><strong>Autor:<\/strong>\u00a0 Fabiano Lemes De Oliveira <\/li>\n<li><strong>Universidad:<\/strong>\u00a0 Polit\u00e9cnica de catalunya<\/li>\n<li><strong>Fecha de lectura de la tesis:<\/strong>\u00a0 19\/06\/2008<\/li>\n<\/ul>\n<p>&nbsp;<\/p>\n<h3>Direcci\u00f3n y tribunal<\/h3>\n<ul>\n<li><strong>Director de la tesis<\/strong>\n<ul>\n<li>Jos\u00e9 Mar\u00eda Montaner Martorell<\/li>\n<\/ul>\n<\/li>\n<li><strong>Tribunal<\/strong>\n<ul>\n<li>Presidente del tribunal: horacio Capel saez <\/li>\n<li>Jos\u00e9 Luque valdivia (vocal)<\/li>\n<li>ruth Verde zein (vocal)<\/li>\n<li>fernando-victorino \u00e1lvarez prozorovich (vocal)<\/li>\n<\/ul>\n<\/li>\n<\/ul>\n<p>&nbsp;<\/p>\n","protected":false},"excerpt":{"rendered":"<p>Tesis doctoral de Fabiano Lemes De Oliveira Esta tesis analiza las relaciones entre el pensamiento urban\u00edstico y los debates paisaj\u00edsticos [&hellip;]<\/p>\n","protected":false},"author":1,"featured_media":0,"comment_status":"open","ping_status":"open","sticky":false,"template":"","format":"standard","meta":{"site-sidebar-layout":"default","site-content-layout":"","ast-site-content-layout":"","site-content-style":"default","site-sidebar-style":"default","ast-global-header-display":"","ast-banner-title-visibility":"","ast-main-header-display":"","ast-hfb-above-header-display":"","ast-hfb-below-header-display":"","ast-hfb-mobile-header-display":"","site-post-title":"","ast-breadcrumbs-content":"","ast-featured-img":"","footer-sml-layout":"","theme-transparent-header-meta":"","adv-header-id-meta":"","stick-header-meta":"","header-above-stick-meta":"","header-main-stick-meta":"","header-below-stick-meta":"","astra-migrate-meta-layouts":"default","ast-page-background-enabled":"default","ast-page-background-meta":{"desktop":{"background-color":"var(--ast-global-color-4)","background-image":"","background-repeat":"repeat","background-position":"center center","background-size":"auto","background-attachment":"scroll","background-type":"","background-media":"","overlay-type":"","overlay-color":"","overlay-gradient":""},"tablet":{"background-color":"","background-image":"","background-repeat":"repeat","background-position":"center center","background-size":"auto","background-attachment":"scroll","background-type":"","background-media":"","overlay-type":"","overlay-color":"","overlay-gradient":""},"mobile":{"background-color":"","background-image":"","background-repeat":"repeat","background-position":"center center","background-size":"auto","background-attachment":"scroll","background-type":"","background-media":"","overlay-type":"","overlay-color":"","overlay-gradient":""}},"ast-content-background-meta":{"desktop":{"background-color":"var(--ast-global-color-5)","background-image":"","background-repeat":"repeat","background-position":"center center","background-size":"auto","background-attachment":"scroll","background-type":"","background-media":"","overlay-type":"","overlay-color":"","overlay-gradient":""},"tablet":{"background-color":"var(--ast-global-color-5)","background-image":"","background-repeat":"repeat","background-position":"center center","background-size":"auto","background-attachment":"scroll","background-type":"","background-media":"","overlay-type":"","overlay-color":"","overlay-gradient":""},"mobile":{"background-color":"var(--ast-global-color-5)","background-image":"","background-repeat":"repeat","background-position":"center center","background-size":"auto","background-attachment":"scroll","background-type":"","background-media":"","overlay-type":"","overlay-color":"","overlay-gradient":""}},"footnotes":""},"categories":[1745,16072,15596,5371],"tags":[144222,15716,1404,32203,15725,144223],"class_list":["post-65390","post","type-post","status-publish","format-standard","hentry","category-historia-de-la-arquitectura","category-jardines-y-parques","category-politecnica-de-catalunya","category-urbanismo","tag-fabiano-lemes-de-oliveira","tag-fernando-victorino-alvarez-prozorovich","tag-horacio-capel-saez","tag-jose-luque-valdivia","tag-jose-maria-montaner-martorell","tag-ruth-verde-zein"],"_links":{"self":[{"href":"https:\/\/www.deberes.net\/tesis\/wp-json\/wp\/v2\/posts\/65390","targetHints":{"allow":["GET"]}}],"collection":[{"href":"https:\/\/www.deberes.net\/tesis\/wp-json\/wp\/v2\/posts"}],"about":[{"href":"https:\/\/www.deberes.net\/tesis\/wp-json\/wp\/v2\/types\/post"}],"author":[{"embeddable":true,"href":"https:\/\/www.deberes.net\/tesis\/wp-json\/wp\/v2\/users\/1"}],"replies":[{"embeddable":true,"href":"https:\/\/www.deberes.net\/tesis\/wp-json\/wp\/v2\/comments?post=65390"}],"version-history":[{"count":0,"href":"https:\/\/www.deberes.net\/tesis\/wp-json\/wp\/v2\/posts\/65390\/revisions"}],"wp:attachment":[{"href":"https:\/\/www.deberes.net\/tesis\/wp-json\/wp\/v2\/media?parent=65390"}],"wp:term":[{"taxonomy":"category","embeddable":true,"href":"https:\/\/www.deberes.net\/tesis\/wp-json\/wp\/v2\/categories?post=65390"},{"taxonomy":"post_tag","embeddable":true,"href":"https:\/\/www.deberes.net\/tesis\/wp-json\/wp\/v2\/tags?post=65390"}],"curies":[{"name":"wp","href":"https:\/\/api.w.org\/{rel}","templated":true}]}}