{"id":65423,"date":"2018-03-09T22:53:29","date_gmt":"2018-03-09T22:53:29","guid":{"rendered":""},"modified":"2018-03-09T22:53:29","modified_gmt":"2018-03-09T22:53:29","slug":"influencia-de-la-va%c2%ada-de-administracion-de-la-profilaxis-antibiotica-intraincisional-vs-intravenosa-y-de-otros-factores-de-riesgo-en-la-infeccion-de-sitio-quirurgico-postapendicectoma%c2%ada","status":"publish","type":"post","link":"https:\/\/www.deberes.net\/tesis\/cirugia-abdominal\/influencia-de-la-va%c2%ada-de-administracion-de-la-profilaxis-antibiotica-intraincisional-vs-intravenosa-y-de-otros-factores-de-riesgo-en-la-infeccion-de-sitio-quirurgico-postapendicectoma%c2%ada\/","title":{"rendered":"Influencia de la v\u00edade administraci\u00f3n de la profilaxis antibi\u00f3tica (intraincisional vs intravenosa) y de otros factores de riesgo en la infecci\u00f3n de sitio quir\u00fargico postapendicectom\u00eda"},"content":{"rendered":"<h2>Tesis doctoral de <strong> Jos\u00e9 Manuel Aranda Narvaez <\/strong><\/h2>\n<p>Estudio cuasiexperimental sobre la v\u00eda de administraci\u00f3n de antibi\u00f3ticos en la profilaxis de la infecci\u00f3n dle sitio quir\u00fargico post-apendicectom\u00eda. Se analizan otros factores de riesgo, como objetivo secundario. tras una exhaustivo estudio estad\u00edstico se concluye que no existen diferencias significativas entre la v\u00eda intraincisional y la v\u00eda intravenosa, si bien se establecen determinadas posibilidades de uso de la v\u00eda intraincisional en intervenciones con peque\u00f1as incisiones y alto riesgo de contminaci\u00f3n, dada la mayor concentraci\u00f3n antibi\u00f3tica obtenida en tejidos usando esta v\u00eda.<\/p>\n<p>&nbsp;<\/p>\n<h3>Datos acad\u00e9micos de la tesis doctoral \u00ab<strong>Influencia de la v\u00edade administraci\u00f3n de la profilaxis antibi\u00f3tica (intraincisional vs intravenosa) y de otros factores de riesgo en la infecci\u00f3n de sitio quir\u00fargico postapendicectom\u00eda<\/strong>\u00ab<\/h3>\n<ul>\n<li><strong>T\u00edtulo de la tesis:<\/strong>\u00a0 Influencia de la v\u00edade administraci\u00f3n de la profilaxis antibi\u00f3tica (intraincisional vs intravenosa) y de otros factores de riesgo en la infecci\u00f3n de sitio quir\u00fargico postapendicectom\u00eda<\/li>\n<li><strong>Autor:<\/strong>\u00a0 Jos\u00e9 Manuel Aranda Narvaez <\/li>\n<li><strong>Universidad:<\/strong>\u00a0 M\u00e1laga<\/li>\n<li><strong>Fecha de lectura de la tesis:<\/strong>\u00a0 20\/06\/2008<\/li>\n<\/ul>\n<p>&nbsp;<\/p>\n<h3>Direcci\u00f3n y tribunal<\/h3>\n<ul>\n<li><strong>Director de la tesis<\/strong>\n<ul>\n<li> Fuente Perucho Agust\u00edn De La<\/li>\n<\/ul>\n<\/li>\n<li><strong>Tribunal<\/strong>\n<ul>\n<li>Presidente del tribunal: Jos\u00e9 Mar\u00eda Garcia gil <\/li>\n<li>jacinto Garc\u00eda Garc\u00eda (vocal)<\/li>\n<li>Jos\u00e9 Mar\u00eda Ortega bevia (vocal)<\/li>\n<li>inmaculada Bellido est\u00e9vez (vocal)<\/li>\n<\/ul>\n<\/li>\n<\/ul>\n<p>&nbsp;<\/p>\n","protected":false},"excerpt":{"rendered":"<p>Tesis doctoral de Jos\u00e9 Manuel Aranda Narvaez Estudio cuasiexperimental sobre la v\u00eda de administraci\u00f3n de antibi\u00f3ticos en la profilaxis de [&hellip;]<\/p>\n","protected":false},"author":1,"featured_media":0,"comment_status":"open","ping_status":"open","sticky":false,"template":"","format":"standard","meta":{"site-sidebar-layout":"default","site-content-layout":"","ast-site-content-layout":"","site-content-style":"default","site-sidebar-style":"default","ast-global-header-display":"","ast-banner-title-visibility":"","ast-main-header-display":"","ast-hfb-above-header-display":"","ast-hfb-below-header-display":"","ast-hfb-mobile-header-display":"","site-post-title":"","ast-breadcrumbs-content":"","ast-featured-img":"","footer-sml-layout":"","theme-transparent-header-meta":"","adv-header-id-meta":"","stick-header-meta":"","header-above-stick-meta":"","header-main-stick-meta":"","header-below-stick-meta":"","astra-migrate-meta-layouts":"default","ast-page-background-enabled":"default","ast-page-background-meta":{"desktop":{"background-color":"var(--ast-global-color-4)","background-image":"","background-repeat":"repeat","background-position":"center center","background-size":"auto","background-attachment":"scroll","background-type":"","background-media":"","overlay-type":"","overlay-color":"","overlay-gradient":""},"tablet":{"background-color":"","background-image":"","background-repeat":"repeat","background-position":"center center","background-size":"auto","background-attachment":"scroll","background-type":"","background-media":"","overlay-type":"","overlay-color":"","overlay-gradient":""},"mobile":{"background-color":"","background-image":"","background-repeat":"repeat","background-position":"center center","background-size":"auto","background-attachment":"scroll","background-type":"","background-media":"","overlay-type":"","overlay-color":"","overlay-gradient":""}},"ast-content-background-meta":{"desktop":{"background-color":"var(--ast-global-color-5)","background-image":"","background-repeat":"repeat","background-position":"center center","background-size":"auto","background-attachment":"scroll","background-type":"","background-media":"","overlay-type":"","overlay-color":"","overlay-gradient":""},"tablet":{"background-color":"var(--ast-global-color-5)","background-image":"","background-repeat":"repeat","background-position":"center center","background-size":"auto","background-attachment":"scroll","background-type":"","background-media":"","overlay-type":"","overlay-color":"","overlay-gradient":""},"mobile":{"background-color":"var(--ast-global-color-5)","background-image":"","background-repeat":"repeat","background-position":"center center","background-size":"auto","background-attachment":"scroll","background-type":"","background-media":"","overlay-type":"","overlay-color":"","overlay-gradient":""}},"footnotes":""},"categories":[387,7834],"tags":[8210,38469,59689,144293,4296,10972],"class_list":["post-65423","post","type-post","status-publish","format-standard","hentry","category-cirugia-abdominal","category-malaga","tag-fuente-perucho-agustin-de-la","tag-inmaculada-bellido-estevez","tag-jacinto-garcia-garcia","tag-jose-manuel-aranda-narvaez","tag-jose-maria-garcia-gil","tag-jose-maria-ortega-bevia"],"_links":{"self":[{"href":"https:\/\/www.deberes.net\/tesis\/wp-json\/wp\/v2\/posts\/65423","targetHints":{"allow":["GET"]}}],"collection":[{"href":"https:\/\/www.deberes.net\/tesis\/wp-json\/wp\/v2\/posts"}],"about":[{"href":"https:\/\/www.deberes.net\/tesis\/wp-json\/wp\/v2\/types\/post"}],"author":[{"embeddable":true,"href":"https:\/\/www.deberes.net\/tesis\/wp-json\/wp\/v2\/users\/1"}],"replies":[{"embeddable":true,"href":"https:\/\/www.deberes.net\/tesis\/wp-json\/wp\/v2\/comments?post=65423"}],"version-history":[{"count":0,"href":"https:\/\/www.deberes.net\/tesis\/wp-json\/wp\/v2\/posts\/65423\/revisions"}],"wp:attachment":[{"href":"https:\/\/www.deberes.net\/tesis\/wp-json\/wp\/v2\/media?parent=65423"}],"wp:term":[{"taxonomy":"category","embeddable":true,"href":"https:\/\/www.deberes.net\/tesis\/wp-json\/wp\/v2\/categories?post=65423"},{"taxonomy":"post_tag","embeddable":true,"href":"https:\/\/www.deberes.net\/tesis\/wp-json\/wp\/v2\/tags?post=65423"}],"curies":[{"name":"wp","href":"https:\/\/api.w.org\/{rel}","templated":true}]}}