{"id":65451,"date":"2018-03-09T22:53:33","date_gmt":"2018-03-09T22:53:33","guid":{"rendered":"https:\/\/www.deberes.net\/tesis\/sin-categoria\/diseno-y-composicion-en-la-fotografa%c2%ada-arquitectonica-publicada-de-andres-solana\/"},"modified":"2018-03-09T22:53:33","modified_gmt":"2018-03-09T22:53:33","slug":"diseno-y-composicion-en-la-fotografa%c2%ada-arquitectonica-publicada-de-andres-solana","status":"publish","type":"post","link":"https:\/\/www.deberes.net\/tesis\/arquitectura\/diseno-y-composicion-en-la-fotografa%c2%ada-arquitectonica-publicada-de-andres-solana\/","title":{"rendered":"Dise\u00f1o y composici\u00f3n en la fotograf\u00edaarquitect\u00f3nica publicada de andr\u00e9s solana"},"content":{"rendered":"<h2>Tesis doctoral de <strong> Luc\u00eda Van Geeteruyen Ib\u00e1\u00f1ez <\/strong><\/h2>\n<p>La presente tesis doctoral es un estudio de investigaci\u00f3n sobre el dise\u00f1o y la composici\u00f3n en la fotograf\u00eda arquitect\u00f3nica publicada de andr\u00e9s solana.  Comienza describiendo el marco te\u00f3rico en el que encuadramos la fotograf\u00eda arquitect\u00f3nica y el de los referentes utilizados para su an\u00e1lisis compositivo. contin\u00faa con la metodolog\u00eda empleada para la selecci\u00f3n de fotograf\u00edas de andr\u00e9s solana y de prestigiosos fot\u00f3grafos arquitect\u00f3nicos que nutrieron su obra, y que conforman una base de datos gr\u00e1fica que se muestra a continuaci\u00f3n. seguidamente se hace la presentaci\u00f3n del autor, a trav\u00e9s de una breve biograf\u00eda y una referencia a sus inquietudes y motivaciones como artista, su relaci\u00f3n con la arquitectura, la influencia de \u00e9sta en su \u00abobra de autor\u00bb, y la sinergia existente entre esta \u00faltima y su obra arquitect\u00f3nica. a continuaci\u00f3n se procede al an\u00e1lisis compositivo de las fotograf\u00edas arquitect\u00f3nicas seleccionadas, teniendo en cuenta sus analog\u00edas y diferencias m\u00e1s notables. finalmente se da paso a las conclusiones en las que se presentan las estructuras compositivas m\u00e1s utilizadas por el autor, y que perfilan su estilo fotogr\u00e1fico en la disciplina arquitect\u00f3nica, as\u00ed como su perspectiva est\u00e9tica y conceptual.<\/p>\n<p>&nbsp;<\/p>\n<h3>Datos acad\u00e9micos de la tesis doctoral \u00ab<strong>Dise\u00f1o y composici\u00f3n en la fotograf\u00edaarquitect\u00f3nica publicada de andr\u00e9s solana<\/strong>\u00ab<\/h3>\n<ul>\n<li><strong>T\u00edtulo de la tesis:<\/strong>\u00a0 Dise\u00f1o y composici\u00f3n en la fotograf\u00edaarquitect\u00f3nica publicada de andr\u00e9s solana <\/li>\n<li><strong>Autor:<\/strong>\u00a0 Luc\u00eda Van Geeteruyen Ib\u00e1\u00f1ez <\/li>\n<li><strong>Universidad:<\/strong>\u00a0 Palmas de gran canaria<\/li>\n<li><strong>Fecha de lectura de la tesis:<\/strong>\u00a0 20\/06\/2008<\/li>\n<\/ul>\n<p>&nbsp;<\/p>\n<h3>Direcci\u00f3n y tribunal<\/h3>\n<ul>\n<li><strong>Director de la tesis<\/strong>\n<ul>\n<li>Enrique Solana Su\u00e1rez<\/li>\n<\/ul>\n<\/li>\n<li><strong>Tribunal<\/strong>\n<ul>\n<li>Presidente del tribunal: dimas Martin socas <\/li>\n<li>sebasti\u00e1n L\u00f3pez Garc\u00eda (vocal)<\/li>\n<li>Mar\u00eda dolores Camalich massieu (vocal)<\/li>\n<li>rosario Aleman hernandez (vocal)<\/li>\n<\/ul>\n<\/li>\n<\/ul>\n<p>&nbsp;<\/p>\n","protected":false},"excerpt":{"rendered":"<p>Tesis doctoral de Luc\u00eda Van Geeteruyen Ib\u00e1\u00f1ez La presente tesis doctoral es un estudio de investigaci\u00f3n sobre el dise\u00f1o y [&hellip;]<\/p>\n","protected":false},"author":1,"featured_media":0,"comment_status":"open","ping_status":"open","sticky":false,"template":"","format":"standard","meta":{"site-sidebar-layout":"default","site-content-layout":"","ast-site-content-layout":"","site-content-style":"default","site-sidebar-style":"default","ast-global-header-display":"","ast-banner-title-visibility":"","ast-main-header-display":"","ast-hfb-above-header-display":"","ast-hfb-below-header-display":"","ast-hfb-mobile-header-display":"","site-post-title":"","ast-breadcrumbs-content":"","ast-featured-img":"","footer-sml-layout":"","theme-transparent-header-meta":"","adv-header-id-meta":"","stick-header-meta":"","header-above-stick-meta":"","header-main-stick-meta":"","header-below-stick-meta":"","astra-migrate-meta-layouts":"default","ast-page-background-enabled":"default","ast-page-background-meta":{"desktop":{"background-color":"var(--ast-global-color-4)","background-image":"","background-repeat":"repeat","background-position":"center center","background-size":"auto","background-attachment":"scroll","background-type":"","background-media":"","overlay-type":"","overlay-color":"","overlay-gradient":""},"tablet":{"background-color":"","background-image":"","background-repeat":"repeat","background-position":"center center","background-size":"auto","background-attachment":"scroll","background-type":"","background-media":"","overlay-type":"","overlay-color":"","overlay-gradient":""},"mobile":{"background-color":"","background-image":"","background-repeat":"repeat","background-position":"center center","background-size":"auto","background-attachment":"scroll","background-type":"","background-media":"","overlay-type":"","overlay-color":"","overlay-gradient":""}},"ast-content-background-meta":{"desktop":{"background-color":"var(--ast-global-color-5)","background-image":"","background-repeat":"repeat","background-position":"center center","background-size":"auto","background-attachment":"scroll","background-type":"","background-media":"","overlay-type":"","overlay-color":"","overlay-gradient":""},"tablet":{"background-color":"var(--ast-global-color-5)","background-image":"","background-repeat":"repeat","background-position":"center center","background-size":"auto","background-attachment":"scroll","background-type":"","background-media":"","overlay-type":"","overlay-color":"","overlay-gradient":""},"mobile":{"background-color":"var(--ast-global-color-5)","background-image":"","background-repeat":"repeat","background-position":"center center","background-size":"auto","background-attachment":"scroll","background-type":"","background-media":"","overlay-type":"","overlay-color":"","overlay-gradient":""}},"footnotes":""},"categories":[4509,12564,4510,5270,16629],"tags":[24793,67896,144347,144348,144349,106150],"class_list":["post-65451","post","type-post","status-publish","format-standard","hentry","category-arquitectura","category-diseno-arquitectonico","category-estetica-de-las-bellas-artes","category-fotografia","category-palmas-de-gran-canaria","tag-dimas-martin-socas","tag-enrique-solana-suarez","tag-lucia-van-geeteruyen-ibanez","tag-maria-dolores-camalich-massieu","tag-rosario-aleman-hernandez","tag-sebastian-lopez-garcia"],"_links":{"self":[{"href":"https:\/\/www.deberes.net\/tesis\/wp-json\/wp\/v2\/posts\/65451","targetHints":{"allow":["GET"]}}],"collection":[{"href":"https:\/\/www.deberes.net\/tesis\/wp-json\/wp\/v2\/posts"}],"about":[{"href":"https:\/\/www.deberes.net\/tesis\/wp-json\/wp\/v2\/types\/post"}],"author":[{"embeddable":true,"href":"https:\/\/www.deberes.net\/tesis\/wp-json\/wp\/v2\/users\/1"}],"replies":[{"embeddable":true,"href":"https:\/\/www.deberes.net\/tesis\/wp-json\/wp\/v2\/comments?post=65451"}],"version-history":[{"count":0,"href":"https:\/\/www.deberes.net\/tesis\/wp-json\/wp\/v2\/posts\/65451\/revisions"}],"wp:attachment":[{"href":"https:\/\/www.deberes.net\/tesis\/wp-json\/wp\/v2\/media?parent=65451"}],"wp:term":[{"taxonomy":"category","embeddable":true,"href":"https:\/\/www.deberes.net\/tesis\/wp-json\/wp\/v2\/categories?post=65451"},{"taxonomy":"post_tag","embeddable":true,"href":"https:\/\/www.deberes.net\/tesis\/wp-json\/wp\/v2\/tags?post=65451"}],"curies":[{"name":"wp","href":"https:\/\/api.w.org\/{rel}","templated":true}]}}