{"id":65500,"date":"2018-03-09T22:53:37","date_gmt":"2018-03-09T22:53:37","guid":{"rendered":"https:\/\/www.deberes.net\/tesis\/sin-categoria\/la-intervencion-de-los-psicologos-forenses-en-las-evaluaciones-periciales-de-guarda-y-custodia-de-los-ninos\/"},"modified":"2018-03-09T22:53:37","modified_gmt":"2018-03-09T22:53:37","slug":"la-intervencion-de-los-psicologos-forenses-en-las-evaluaciones-periciales-de-guarda-y-custodia-de-los-ninos","status":"publish","type":"post","link":"https:\/\/www.deberes.net\/tesis\/psicologia\/la-intervencion-de-los-psicologos-forenses-en-las-evaluaciones-periciales-de-guarda-y-custodia-de-los-ninos\/","title":{"rendered":"La intervencion de los psicologos forenses en las evaluaciones periciales de guarda y custodia de los ni\u00f1os."},"content":{"rendered":"<h2>Tesis doctoral de <strong> Milagros Arch Marin <\/strong><\/h2>\n<p>A medida que la intervenci\u00f3n de los psic\u00f3logos forenses se ha ido consolidando en nuestro pa\u00eds y con la influencia del espectacular aumento de las tasas de separaci\u00f3n \/ divorcio, resulta cada vez m\u00e1s cotidiana la participaci\u00f3n del psic\u00f3logo forense en procedimientos de familia, especialmente, para ofrecer valoraci\u00f3n y asesoramiento sobre el sistema de guarda y custodia m\u00e1s adecuado para los menores implicados. Sin embargo, existen escasos datos emp\u00edricos que ayuden a los profesionales en su proceso de toma de decisiones en este tipo de evaluaciones. Este trabajo tiene como objetivo principal la realizaci\u00f3n de un estudio sobre la pr\u00e1ctica profesional de los psic\u00f3logos forenses espa\u00f1oles en la evaluaci\u00f3n de la guarda y custodia de los ni\u00f1os y los criterios de decisi\u00f3n que utilizan para sus recomendaciones ante los tribunales de familia. Secundariamente nos planteamos obtener datos de car\u00e1cter exploratorio sobre la percepci\u00f3n de los juristas (jueces y abogados) en relaci\u00f3n a estas intervenciones un extensivo cuestionario desarrollado partiendo del utilizado por keilin y bloom (1986) y la ampliaci\u00f3n de ackerman y ackerman (1997). Los grupos de juristas han cumplimentado un cuestionario elaborado \u00abad-hoc\u00bb donde se exploran caracter\u00edsticas, percepciones y creencias de los participantes en relaci\u00f3n al objeto de investigaci\u00f3n. Los resultados obtenidos en la investigaci\u00f3n emp\u00edrica ofrecen datos significativos aut\u00f3ctonos por primera vez en nuestro pa\u00eds sobre el perfil demogr\u00e1fico y profesional de los psic\u00f3logos forenses expertos en guarda y custodia de los ni\u00f1os. Asimismo se ofrecen datos sobre las opiniones, creencias y experiencias tanto de psic\u00f3logos como de juristas en relaci\u00f3n a los diferentes sistemas de guarda y custodia de los ni\u00f1os (exclusiva, compartida, repartida). Finalmente, se realiza un amplio an\u00e1lisis estad\u00edstico de los criterios t\u00e9cnicos para la recomendaci\u00f3n de un sistema de guarda y custodia y la relaci\u00f3n entre la importancia que otorgan al criterio y la decisi\u00f3n que adoptan. Respecto a la custodia exclusiva, los profesionales otorgan la mayor importancia a los criterios relacionadas con factores que puedan suponer un gran perjuicio para el menor (maltrato, abuso, negligencia o exposici\u00f3n a situaciones de alto riesgo. En el caso de la custodia compartida dotan de mayor importancia a la necesidad y conveniencia de un alto nivel de comunicaci\u00f3n interparental y ausencia de conflicto as\u00ed como la implicaci\u00f3n y vinculaci\u00f3n de ambos progenitores con el ni\u00f1o. Tanto en un sistema de custodia como en el otro se aprecia que los profesionales otorgan muy poca importancia a los factores m\u00e1s tradicionales tendiendo a un rol progresista que refleja una posici\u00f3n de no discriminaci\u00f3n.<\/p>\n<p>&nbsp;<\/p>\n<h3>Datos acad\u00e9micos de la tesis doctoral \u00ab<strong>La intervencion de los psicologos forenses en las evaluaciones periciales de guarda y custodia de los ni\u00f1os.<\/strong>\u00ab<\/h3>\n<ul>\n<li><strong>T\u00edtulo de la tesis:<\/strong>\u00a0 La intervencion de los psicologos forenses en las evaluaciones periciales de guarda y custodia de los ni\u00f1os. <\/li>\n<li><strong>Autor:<\/strong>\u00a0 Milagros Arch Marin <\/li>\n<li><strong>Universidad:<\/strong>\u00a0 Barcelona<\/li>\n<li><strong>Fecha de lectura de la tesis:<\/strong>\u00a0 23\/06\/2008<\/li>\n<\/ul>\n<p>&nbsp;<\/p>\n<h3>Direcci\u00f3n y tribunal<\/h3>\n<ul>\n<li><strong>Director de la tesis<\/strong>\n<ul>\n<li>Adolfo Jarne Esparcia<\/li>\n<\/ul>\n<\/li>\n<li><strong>Tribunal<\/strong>\n<ul>\n<li>Presidente del tribunal: Mar\u00eda Forns santacana <\/li>\n<li>conxita Cartil ferre (vocal)<\/li>\n<li>joan Guardia olmos (vocal)<\/li>\n<li>Javier Urra portillo (vocal)<\/li>\n<\/ul>\n<\/li>\n<\/ul>\n<p>&nbsp;<\/p>\n","protected":false},"excerpt":{"rendered":"<p>Tesis doctoral de Milagros Arch Marin A medida que la intervenci\u00f3n de los psic\u00f3logos forenses se ha ido consolidando en [&hellip;]<\/p>\n","protected":false},"author":1,"featured_media":0,"comment_status":"open","ping_status":"open","sticky":false,"template":"","format":"standard","meta":{"site-sidebar-layout":"default","site-content-layout":"","ast-site-content-layout":"","site-content-style":"default","site-sidebar-style":"default","ast-global-header-display":"","ast-banner-title-visibility":"","ast-main-header-display":"","ast-hfb-above-header-display":"","ast-hfb-below-header-display":"","ast-hfb-mobile-header-display":"","site-post-title":"","ast-breadcrumbs-content":"","ast-featured-img":"","footer-sml-layout":"","theme-transparent-header-meta":"","adv-header-id-meta":"","stick-header-meta":"","header-above-stick-meta":"","header-main-stick-meta":"","header-below-stick-meta":"","astra-migrate-meta-layouts":"default","ast-page-background-enabled":"default","ast-page-background-meta":{"desktop":{"background-color":"var(--ast-global-color-4)","background-image":"","background-repeat":"repeat","background-position":"center center","background-size":"auto","background-attachment":"scroll","background-type":"","background-media":"","overlay-type":"","overlay-color":"","overlay-gradient":""},"tablet":{"background-color":"","background-image":"","background-repeat":"repeat","background-position":"center center","background-size":"auto","background-attachment":"scroll","background-type":"","background-media":"","overlay-type":"","overlay-color":"","overlay-gradient":""},"mobile":{"background-color":"","background-image":"","background-repeat":"repeat","background-position":"center center","background-size":"auto","background-attachment":"scroll","background-type":"","background-media":"","overlay-type":"","overlay-color":"","overlay-gradient":""}},"ast-content-background-meta":{"desktop":{"background-color":"var(--ast-global-color-5)","background-image":"","background-repeat":"repeat","background-position":"center center","background-size":"auto","background-attachment":"scroll","background-type":"","background-media":"","overlay-type":"","overlay-color":"","overlay-gradient":""},"tablet":{"background-color":"var(--ast-global-color-5)","background-image":"","background-repeat":"repeat","background-position":"center center","background-size":"auto","background-attachment":"scroll","background-type":"","background-media":"","overlay-type":"","overlay-color":"","overlay-gradient":""},"mobile":{"background-color":"var(--ast-global-color-5)","background-image":"","background-repeat":"repeat","background-position":"center center","background-size":"auto","background-attachment":"scroll","background-type":"","background-media":"","overlay-type":"","overlay-color":"","overlay-gradient":""}},"footnotes":""},"categories":[951,6025,1175,324,325],"tags":[86094,144447,137027,20057,22257,144446],"class_list":["post-65500","post","type-post","status-publish","format-standard","hentry","category-barcelona","category-estudio-psicologico-de-cuestiones-sociales","category-evaluacion-y-diagnostico-en-psicologia","category-psicologia","category-psicopatologia","tag-adolfo-jarne-esparcia","tag-conxita-cartil-ferre","tag-javier-urra-portillo","tag-joan-guardia-olmos","tag-maria-forns-santacana","tag-milagros-arch-marin"],"_links":{"self":[{"href":"https:\/\/www.deberes.net\/tesis\/wp-json\/wp\/v2\/posts\/65500","targetHints":{"allow":["GET"]}}],"collection":[{"href":"https:\/\/www.deberes.net\/tesis\/wp-json\/wp\/v2\/posts"}],"about":[{"href":"https:\/\/www.deberes.net\/tesis\/wp-json\/wp\/v2\/types\/post"}],"author":[{"embeddable":true,"href":"https:\/\/www.deberes.net\/tesis\/wp-json\/wp\/v2\/users\/1"}],"replies":[{"embeddable":true,"href":"https:\/\/www.deberes.net\/tesis\/wp-json\/wp\/v2\/comments?post=65500"}],"version-history":[{"count":0,"href":"https:\/\/www.deberes.net\/tesis\/wp-json\/wp\/v2\/posts\/65500\/revisions"}],"wp:attachment":[{"href":"https:\/\/www.deberes.net\/tesis\/wp-json\/wp\/v2\/media?parent=65500"}],"wp:term":[{"taxonomy":"category","embeddable":true,"href":"https:\/\/www.deberes.net\/tesis\/wp-json\/wp\/v2\/categories?post=65500"},{"taxonomy":"post_tag","embeddable":true,"href":"https:\/\/www.deberes.net\/tesis\/wp-json\/wp\/v2\/tags?post=65500"}],"curies":[{"name":"wp","href":"https:\/\/api.w.org\/{rel}","templated":true}]}}