{"id":65554,"date":"2018-03-09T22:53:41","date_gmt":"2018-03-09T22:53:41","guid":{"rendered":"https:\/\/www.deberes.net\/tesis\/sin-categoria\/la-participacion-de-los-prestadores-de-trabajo-en-el-ambito-cooperativo\/"},"modified":"2018-03-09T22:53:41","modified_gmt":"2018-03-09T22:53:41","slug":"la-participacion-de-los-prestadores-de-trabajo-en-el-ambito-cooperativo","status":"publish","type":"post","link":"https:\/\/www.deberes.net\/tesis\/derecho-del-trabajo-y-de-la-seguridad-social\/la-participacion-de-los-prestadores-de-trabajo-en-el-ambito-cooperativo\/","title":{"rendered":"La participaci\u00f3n de los prestadores de trabajo en el \u00e1mbito cooperativo"},"content":{"rendered":"<h2>Tesis doctoral de <strong> Jos\u00e9 Antonio Prieto Ju\u00e1rez <\/strong><\/h2>\n<p>En la investigaci\u00f3n llevada a cabo se analizan los fundamentos teleol\u00f3gicos del cooperativismo de trabajo asociado en sede constitucional, siendo al respecto objeto de exhaustivo estudio la igualdad en su triple dimensi\u00f3n como valor, principio y derecho. La igualdad constitucional junto al derecho de participaci\u00f3n en la empresa constituyen los dos elementos nucleares en la estructura, organizaci\u00f3n y funcionamiento de la sociedad cooperativa y, son por tanto, los dos ejes sobre los que se articula la minuciosa indagaci\u00f3n efectuada. M\u00e1s en particular, es el r\u00e9gimen jur\u00eddico participativo de los prestadores de trabajo desde los presupuestos mencionados y en el \u00e1mbito cooperativo el que ha permitido completar el tema propuesto. La constataci\u00f3n de progresivas restricciones o supresiones en la legislaci\u00f3n especial en el orden participativo mencionado conforma, en definitiva, el objeto de estudio desarrollado con amplitud en la tesis doctoral presentada.<\/p>\n<p>&nbsp;<\/p>\n<h3>Datos acad\u00e9micos de la tesis doctoral \u00ab<strong>La participaci\u00f3n de los prestadores de trabajo en el \u00e1mbito cooperativo<\/strong>\u00ab<\/h3>\n<ul>\n<li><strong>T\u00edtulo de la tesis:<\/strong>\u00a0 La participaci\u00f3n de los prestadores de trabajo en el \u00e1mbito cooperativo <\/li>\n<li><strong>Autor:<\/strong>\u00a0 Jos\u00e9 Antonio Prieto Ju\u00e1rez <\/li>\n<li><strong>Universidad:<\/strong>\u00a0 Castilla-la mancha<\/li>\n<li><strong>Fecha de lectura de la tesis:<\/strong>\u00a0 25\/06\/2008<\/li>\n<\/ul>\n<p>&nbsp;<\/p>\n<h3>Direcci\u00f3n y tribunal<\/h3>\n<ul>\n<li><strong>Director de la tesis<\/strong>\n<ul>\n<li>Rosario Gallardo Moya<\/li>\n<\/ul>\n<\/li>\n<li><strong>Tribunal<\/strong>\n<ul>\n<li>Presidente del tribunal: Antonio Baylos grau <\/li>\n<li>eduardo Rojo torrecilla (vocal)<\/li>\n<li>joaquin Aparicio tovar (vocal)<\/li>\n<li>Juan  pablo Landa zapirain (vocal)<\/li>\n<\/ul>\n<\/li>\n<\/ul>\n<p>&nbsp;<\/p>\n","protected":false},"excerpt":{"rendered":"<p>Tesis doctoral de Jos\u00e9 Antonio Prieto Ju\u00e1rez En la investigaci\u00f3n llevada a cabo se analizan los fundamentos teleol\u00f3gicos del cooperativismo [&hellip;]<\/p>\n","protected":false},"author":1,"featured_media":0,"comment_status":"open","ping_status":"open","sticky":false,"template":"","format":"standard","meta":{"site-sidebar-layout":"default","site-content-layout":"","ast-site-content-layout":"","site-content-style":"default","site-sidebar-style":"default","ast-global-header-display":"","ast-banner-title-visibility":"","ast-main-header-display":"","ast-hfb-above-header-display":"","ast-hfb-below-header-display":"","ast-hfb-mobile-header-display":"","site-post-title":"","ast-breadcrumbs-content":"","ast-featured-img":"","footer-sml-layout":"","theme-transparent-header-meta":"","adv-header-id-meta":"","stick-header-meta":"","header-above-stick-meta":"","header-main-stick-meta":"","header-below-stick-meta":"","astra-migrate-meta-layouts":"default","ast-page-background-enabled":"default","ast-page-background-meta":{"desktop":{"background-color":"var(--ast-global-color-4)","background-image":"","background-repeat":"repeat","background-position":"center center","background-size":"auto","background-attachment":"scroll","background-type":"","background-media":"","overlay-type":"","overlay-color":"","overlay-gradient":""},"tablet":{"background-color":"","background-image":"","background-repeat":"repeat","background-position":"center center","background-size":"auto","background-attachment":"scroll","background-type":"","background-media":"","overlay-type":"","overlay-color":"","overlay-gradient":""},"mobile":{"background-color":"","background-image":"","background-repeat":"repeat","background-position":"center center","background-size":"auto","background-attachment":"scroll","background-type":"","background-media":"","overlay-type":"","overlay-color":"","overlay-gradient":""}},"ast-content-background-meta":{"desktop":{"background-color":"var(--ast-global-color-5)","background-image":"","background-repeat":"repeat","background-position":"center center","background-size":"auto","background-attachment":"scroll","background-type":"","background-media":"","overlay-type":"","overlay-color":"","overlay-gradient":""},"tablet":{"background-color":"var(--ast-global-color-5)","background-image":"","background-repeat":"repeat","background-position":"center center","background-size":"auto","background-attachment":"scroll","background-type":"","background-media":"","overlay-type":"","overlay-color":"","overlay-gradient":""},"mobile":{"background-color":"var(--ast-global-color-5)","background-image":"","background-repeat":"repeat","background-position":"center center","background-size":"auto","background-attachment":"scroll","background-type":"","background-media":"","overlay-type":"","overlay-color":"","overlay-gradient":""}},"footnotes":""},"categories":[18451,2170],"tags":[18714,29032,39408,144549,50383,18485],"class_list":["post-65554","post","type-post","status-publish","format-standard","hentry","category-castilla-la-mancha","category-derecho-del-trabajo-y-de-la-seguridad-social","tag-antonio-baylos-grau","tag-eduardo-rojo-torrecilla","tag-joaquin-aparicio-tovar","tag-jose-antonio-prieto-juarez","tag-juan-pablo-landa-zapirain","tag-rosario-gallardo-moya"],"_links":{"self":[{"href":"https:\/\/www.deberes.net\/tesis\/wp-json\/wp\/v2\/posts\/65554","targetHints":{"allow":["GET"]}}],"collection":[{"href":"https:\/\/www.deberes.net\/tesis\/wp-json\/wp\/v2\/posts"}],"about":[{"href":"https:\/\/www.deberes.net\/tesis\/wp-json\/wp\/v2\/types\/post"}],"author":[{"embeddable":true,"href":"https:\/\/www.deberes.net\/tesis\/wp-json\/wp\/v2\/users\/1"}],"replies":[{"embeddable":true,"href":"https:\/\/www.deberes.net\/tesis\/wp-json\/wp\/v2\/comments?post=65554"}],"version-history":[{"count":0,"href":"https:\/\/www.deberes.net\/tesis\/wp-json\/wp\/v2\/posts\/65554\/revisions"}],"wp:attachment":[{"href":"https:\/\/www.deberes.net\/tesis\/wp-json\/wp\/v2\/media?parent=65554"}],"wp:term":[{"taxonomy":"category","embeddable":true,"href":"https:\/\/www.deberes.net\/tesis\/wp-json\/wp\/v2\/categories?post=65554"},{"taxonomy":"post_tag","embeddable":true,"href":"https:\/\/www.deberes.net\/tesis\/wp-json\/wp\/v2\/tags?post=65554"}],"curies":[{"name":"wp","href":"https:\/\/api.w.org\/{rel}","templated":true}]}}