{"id":65569,"date":"2018-03-09T22:53:41","date_gmt":"2018-03-09T22:53:41","guid":{"rendered":"https:\/\/www.deberes.net\/tesis\/sin-categoria\/los-inda%c2%adgenas-del-oeste-panameno\/"},"modified":"2018-03-09T22:53:41","modified_gmt":"2018-03-09T22:53:41","slug":"los-inda%c2%adgenas-del-oeste-panameno","status":"publish","type":"post","link":"https:\/\/www.deberes.net\/tesis\/salamanca\/los-inda%c2%adgenas-del-oeste-panameno\/","title":{"rendered":"Los ind\u00edgenas del oeste paname\u00f1o"},"content":{"rendered":"<h2>Tesis doctoral de <strong> Mar\u00eda De Los \u00e1ngeles Delgado Burgos <\/strong><\/h2>\n<p>Inter\u00e9s de estudio &#8211; la falta de investigaciones de seguimiento de la poblaci\u00f3n ind\u00edgena paname\u00f1a, desde el paleol\u00edtico hasta la actualidad, en concreto de la poblaci\u00f3n ind\u00edgena naso tj\u00ed\u00abrbidi motivos del vacio &#8211; utilizaci\u00f3n \u00fanica de las fuentes hispanas como su referencia hist\u00f3rica &#8211; la falta de coordinaci\u00f3n interdisciplinar  en el estudio de los antecedentes ind\u00edgenas (investig. Arqueol\u00f3gicas, m\u00edticas (el popol vuh), gen\u00e9ticas, ling\u00ed\u00bc\u00edsticas, hist\u00f3ricas, etnogr\u00e1ficas -trabajos de campo, incluido el que hemos realizado sobre este grupo- , y antropol\u00f3gicas) m\u00e9todo de estudio de las fuentes: modelo anal\u00edtico \u00abhistoria sociol\u00f3gica\u00bb m\u00e9todo de trabajo de campo: \u00abobservaci\u00f3n participante\u00bb s\u00edntesis del proceso vital naso tj\u00ed\u00abrbidi &#8211; de una mayor dependencia del medio a una mayor autonom\u00eda = de una menor concreci\u00f3n cultural y funcional a una mayor uni\u00f3n con la naturaleza que se aplica en todas las acciones cotidianas: a) el eje de simetr\u00eda (\u00e1rbol de la vida) como punto de equidistancia territorial y de c\u00f3mputo del circuito solar y lunar que marca el centro de su espacio colectivo de recursos = espacio de adquisici\u00f3n y ejercicio de la fertilidad en funci\u00f3n del sexo y la edad b) la actividad plantadora y cultivadora les hace percibir tres dimensiones temporales retroalimentadoras del ejercicio del aprendizaje, en funci\u00f3n de la edad y el sexo, y dentro del espacio de su microcosmos de recursos vinculado a un linaje:  &#8211; mundo terrestre = espacio de demostraci\u00f3n del ejercicio de la supervivencia (comunic\u00e1ndose con los ancestros = fuerzas naturales) &#8211; mundo subterr\u00e1neo = espacio de demostraci\u00f3n del aprendizaje adquirido en vida &#8211; mundo a\u00e9reo = espacio de demostraci\u00f3n de la capacidad de pervivencia por haberse convertido en ancestros = alter ego de las fuerzas naturales (animales y h\u00e9roes culturales) que comunican a los vivos los comportamientos a seguir para la adaptaci\u00f3n al medio c) sus peri\u00f3dicas segmentaciones y fusiones condicionaron su perpetuo estado transicional de adaptaci\u00f3n al biotopo que, a su vez, les aboc\u00f3 a una evoluci\u00f3n end\u00f3gena, aunque por sus contactos de intercambio siempre estuvo revitalizada por ciertas innovaciones de grupos de lejano parentesco.<\/p>\n<p>&nbsp;<\/p>\n<h3>Datos acad\u00e9micos de la tesis doctoral \u00ab<strong>Los ind\u00edgenas del oeste paname\u00f1o<\/strong>\u00ab<\/h3>\n<ul>\n<li><strong>T\u00edtulo de la tesis:<\/strong>\u00a0 Los ind\u00edgenas del oeste paname\u00f1o <\/li>\n<li><strong>Autor:<\/strong>\u00a0 Mar\u00eda De Los \u00e1ngeles Delgado Burgos <\/li>\n<li><strong>Universidad:<\/strong>\u00a0 Salamanca<\/li>\n<li><strong>Fecha de lectura de la tesis:<\/strong>\u00a0 25\/06\/2008<\/li>\n<\/ul>\n<p>&nbsp;<\/p>\n<h3>Direcci\u00f3n y tribunal<\/h3>\n<ul>\n<li><strong>Director de la tesis<\/strong>\n<ul>\n<li>Angel Baldomero Espina Barrio<\/li>\n<\/ul>\n<\/li>\n<li><strong>Tribunal<\/strong>\n<ul>\n<li>Presidente del tribunal: emiliano Gonz\u00e1lez diez <\/li>\n<li>eufemio Lorenzo sanz (vocal)<\/li>\n<li>agueda Rodr\u00edguez cruz (vocal)<\/li>\n<li>oscar Fernandez alvarez (vocal)<\/li>\n<\/ul>\n<\/li>\n<\/ul>\n<p>&nbsp;<\/p>\n","protected":false},"excerpt":{"rendered":"<p>Tesis doctoral de Mar\u00eda De Los \u00e1ngeles Delgado Burgos Inter\u00e9s de estudio &#8211; la falta de investigaciones de seguimiento de [&hellip;]<\/p>\n","protected":false},"author":1,"featured_media":0,"comment_status":"open","ping_status":"open","sticky":false,"template":"","format":"standard","meta":{"site-sidebar-layout":"default","site-content-layout":"","ast-site-content-layout":"","site-content-style":"default","site-sidebar-style":"default","ast-global-header-display":"","ast-banner-title-visibility":"","ast-main-header-display":"","ast-hfb-above-header-display":"","ast-hfb-below-header-display":"","ast-hfb-mobile-header-display":"","site-post-title":"","ast-breadcrumbs-content":"","ast-featured-img":"","footer-sml-layout":"","theme-transparent-header-meta":"","adv-header-id-meta":"","stick-header-meta":"","header-above-stick-meta":"","header-main-stick-meta":"","header-below-stick-meta":"","astra-migrate-meta-layouts":"default","ast-page-background-enabled":"default","ast-page-background-meta":{"desktop":{"background-color":"var(--ast-global-color-4)","background-image":"","background-repeat":"repeat","background-position":"center center","background-size":"auto","background-attachment":"scroll","background-type":"","background-media":"","overlay-type":"","overlay-color":"","overlay-gradient":""},"tablet":{"background-color":"","background-image":"","background-repeat":"repeat","background-position":"center center","background-size":"auto","background-attachment":"scroll","background-type":"","background-media":"","overlay-type":"","overlay-color":"","overlay-gradient":""},"mobile":{"background-color":"","background-image":"","background-repeat":"repeat","background-position":"center center","background-size":"auto","background-attachment":"scroll","background-type":"","background-media":"","overlay-type":"","overlay-color":"","overlay-gradient":""}},"ast-content-background-meta":{"desktop":{"background-color":"var(--ast-global-color-5)","background-image":"","background-repeat":"repeat","background-position":"center center","background-size":"auto","background-attachment":"scroll","background-type":"","background-media":"","overlay-type":"","overlay-color":"","overlay-gradient":""},"tablet":{"background-color":"var(--ast-global-color-5)","background-image":"","background-repeat":"repeat","background-position":"center center","background-size":"auto","background-attachment":"scroll","background-type":"","background-media":"","overlay-type":"","overlay-color":"","overlay-gradient":""},"mobile":{"background-color":"var(--ast-global-color-5)","background-image":"","background-repeat":"repeat","background-position":"center center","background-size":"auto","background-attachment":"scroll","background-type":"","background-media":"","overlay-type":"","overlay-color":"","overlay-gradient":""}},"footnotes":""},"categories":[9386],"tags":[9643,25760,33454,127425,144585,33809],"class_list":["post-65569","post","type-post","status-publish","format-standard","hentry","category-salamanca","tag-agueda-rodriguez-cruz","tag-angel-baldomero-espina-barrio","tag-emiliano-gonzalez-diez","tag-eufemio-lorenzo-sanz","tag-maria-de-los-angeles-delgado-burgos","tag-oscar-fernandez-alvarez"],"_links":{"self":[{"href":"https:\/\/www.deberes.net\/tesis\/wp-json\/wp\/v2\/posts\/65569","targetHints":{"allow":["GET"]}}],"collection":[{"href":"https:\/\/www.deberes.net\/tesis\/wp-json\/wp\/v2\/posts"}],"about":[{"href":"https:\/\/www.deberes.net\/tesis\/wp-json\/wp\/v2\/types\/post"}],"author":[{"embeddable":true,"href":"https:\/\/www.deberes.net\/tesis\/wp-json\/wp\/v2\/users\/1"}],"replies":[{"embeddable":true,"href":"https:\/\/www.deberes.net\/tesis\/wp-json\/wp\/v2\/comments?post=65569"}],"version-history":[{"count":0,"href":"https:\/\/www.deberes.net\/tesis\/wp-json\/wp\/v2\/posts\/65569\/revisions"}],"wp:attachment":[{"href":"https:\/\/www.deberes.net\/tesis\/wp-json\/wp\/v2\/media?parent=65569"}],"wp:term":[{"taxonomy":"category","embeddable":true,"href":"https:\/\/www.deberes.net\/tesis\/wp-json\/wp\/v2\/categories?post=65569"},{"taxonomy":"post_tag","embeddable":true,"href":"https:\/\/www.deberes.net\/tesis\/wp-json\/wp\/v2\/tags?post=65569"}],"curies":[{"name":"wp","href":"https:\/\/api.w.org\/{rel}","templated":true}]}}