{"id":65571,"date":"2018-03-09T22:53:41","date_gmt":"2018-03-09T22:53:41","guid":{"rendered":"https:\/\/www.deberes.net\/tesis\/sin-categoria\/la-composicion-del-parque-del-retiro-discontinuidad-e-integracion-de-las-formas-espaciales-de-su-paisaje\/"},"modified":"2018-03-09T22:53:41","modified_gmt":"2018-03-09T22:53:41","slug":"la-composicion-del-parque-del-retiro-discontinuidad-e-integracion-de-las-formas-espaciales-de-su-paisaje","status":"publish","type":"post","link":"https:\/\/www.deberes.net\/tesis\/arquitectura\/la-composicion-del-parque-del-retiro-discontinuidad-e-integracion-de-las-formas-espaciales-de-su-paisaje\/","title":{"rendered":"La composici\u00f3n del parque del retiro: discontinuidad e integraci\u00f3n de las formas espaciales de su paisaje"},"content":{"rendered":"<h2>Tesis doctoral de <strong> Mar\u00eda  Marta Nieto Bedoya <\/strong><\/h2>\n<p>La presente tesis \u00abla composici\u00f3n del parque del retiro discontinuidad e integraci\u00f3n de las formas espaciales de su paisaje\u00bb, ha tenido su punto de arranque en el trabajo de investigaci\u00f3n de la autora sobre el an\u00e1lisis compositivo de los planos del buen retiro, de pedro texeira de 1656, de tom\u00e1s l\u00f3pez de 1785 y de francisco coello de 1848 primera etapa: se establecen los cap\u00edtulos para el estudio y an\u00e1lisis de la tesis a lo largo del trabajo se han ido desgranando los significados de los t\u00e9rminos composici\u00f3n, forma, espacio y paisaje. El primer paso del desarrollo de la tesis ha sido establecer los cap\u00edtulos de la investigaci\u00f3n. Inicialmente se ha estudiado la elecci\u00f3n del lugar y la relaci\u00f3n del parque con la arquitectura y con la urbe. Le ha seguido el estudio del suelo y la actividad que sucede en \u00e9l. Por \u00faltimo se ha trabajado sobre el concepto de la forma y su relaci\u00f3n con la materia vegetal. el t\u00e9rmino lectura se ha elegido por la acepci\u00f3n de: \u00abinterpretaci\u00f3n del sentido de un texto seg\u00fan sus valores y estudio de \u00e9l, seg\u00fan sus variantes\u00bb. por consiguiente, el trabajo se ha enfocado hacia la identificaci\u00f3n del car\u00e1cter, a la localizaci\u00f3n del tipo y arquetipo de las formas del paisaje y a ver sus continuidades o discontinuidades. Tambi\u00e9n se reconoce el trabajo de observar como base del conocimiento, el ejercicio de la mirada, el \u00abtocar\u00bb con las yemas de nuestros ojos. los cap\u00edtulos son los siguientes: la lectura del entorno, del terreno, del uso. De la forma y de la vegetaci\u00f3n. En los anexos se incluye una relaci\u00f3n de los fondos de no-do con im\u00e1genes del retiro del siglo xx y una selecci\u00f3n de las mismas, reproducidas por cortes\u00eda de la filmoteca nacional. Se incluye una serie de planos rotulados de los a\u00f1os 1656, 1785, 1848, 1872-74, 1877, 1929 y 2003 con  los elementos m\u00e1s caracter\u00edsticos citados en el texto y un listado de los \u00e1rboles y arbustos hist\u00f3ricos y de los existentes en el a\u00f1o 2000. segunda etapa: se observan las relaciones entre los cap\u00edtulos el origen y los cambios en los aspectos de la composici\u00f3n, el uso y la vegetaci\u00f3n del parque del retiro,  han estado determinados por haber sido propiedad del rey desde el a\u00f1o 1633 al a\u00f1o 1868, y del estado, cedida por \u00e9ste al ayuntamiento de Madrid, desde 1868 hasta el d\u00eda de hoy. Sin embargo los per\u00edodos privado y p\u00fablico no han sido absolutos. El parque fue paulatinamente haci\u00e9ndose accesible a los visitantes en determinadas fiestas con el rey felipe iv, y cumpliendo ciertos requisitos como una apropiada vestimenta, en zonas acotadas con carlos iii. fernando vil permiti\u00f3 el arrendamiento de las huertas y su hija isabel ii dej\u00f3 visitar el jard\u00edn reservado previo pago de una entrada. El parque tiene en la actualidad servicios arrendados y recintos cercados para el deporte. la ubicaci\u00f3n estrat\u00e9gica del retiro propici\u00f3 la consolidaci\u00f3n de la trama urbana en su entorno. Desde su origen sus cercas formaron parte del per\u00edmetro de la villa. La barrera f\u00edsica del palacio y del monasterio de los jer\u00f3nimos hac\u00edan del retiro un sitio en las afueras, dentro del casco urbano. Esta percepci\u00f3n se mantuvo hasta el siglo xx, utiliz\u00e1ndose los jardines como recinto de exposiciones y los paseos como calles del viario urbano y de los circuitos deportivos. La introducci\u00f3n a gran escala del asfalto supuso una transformaci\u00f3n dr\u00e1stica del suelo y del uso del parque tercera etapa: se definen los conceptos aplicados a las formas de paisaje los momentos de esplendor responden a una coherencia en los aspectos citados con anterioridad y se pueden leer en los planos de: 1.-1656, el origen de la propiedad real, plano de pedro texeira el real sitio del buen retiro ten\u00eda el palacio, los jardines del rey, de la reina y del pr\u00edncipe vinculados a las ermitas, las huertas, el bosque, el estanque grande, los r\u00edos y el jard\u00edn ochavado. \u00e9ste \u00faltimo serv\u00eda de punto de fuga en la escena del coliseo. 2.-1929, la consolidaci\u00f3n de los grandes proyectos del parque p\u00fablico, plano del instituto geogr\u00e1fico nacional. El parque de Madrid tiene un nuevo per\u00edmetro. El campo grande y el paseo de coches son las formas que han dado un nuevo uso al retiro. 3.- 2003, tras un per\u00edodo de obras, resurge el parque de la gran urbe, plano del ayuntamiento de Madrid. Se finaliza el cierre de su per\u00edmetro y se recupera la forma rectangular del estanque en el estudio de la composici\u00f3n del retiro se define la unidad ambiental, apreciando en ella el car\u00e1cter de recorrido o estancia. Se establecen, argumentan, analizan y relacionan los conceptos de huerta, bosque y jard\u00edn con los arquetipos agr\u00edcola, natural y arquitect\u00f3nico. El estanque grande, el paseo de coches y el campo grande son las formas del paisaje de mayor inter\u00e9s por su sencillez, complejidad y permanencia en el tiempo. Tienen el grado de \u00e1mbitos por aglutinar enclaves e hitos y hacen referencia, respectivamente, a los tipos huerta, bosque y jard\u00edn.<\/p>\n<p>&nbsp;<\/p>\n<h3>Datos acad\u00e9micos de la tesis doctoral \u00ab<strong>La composici\u00f3n del parque del retiro: discontinuidad e integraci\u00f3n de las formas espaciales de su paisaje<\/strong>\u00ab<\/h3>\n<ul>\n<li><strong>T\u00edtulo de la tesis:<\/strong>\u00a0 La composici\u00f3n del parque del retiro: discontinuidad e integraci\u00f3n de las formas espaciales de su paisaje <\/li>\n<li><strong>Autor:<\/strong>\u00a0 Mar\u00eda  Marta Nieto Bedoya <\/li>\n<li><strong>Universidad:<\/strong>\u00a0 Polit\u00e9cnica de Madrid<\/li>\n<li><strong>Fecha de lectura de la tesis:<\/strong>\u00a0 25\/06\/2008<\/li>\n<\/ul>\n<p>&nbsp;<\/p>\n<h3>Direcci\u00f3n y tribunal<\/h3>\n<ul>\n<li><strong>Director de la tesis<\/strong>\n<ul>\n<li>Luis Moya Gonz\u00e1lez<\/li>\n<\/ul>\n<\/li>\n<li><strong>Tribunal<\/strong>\n<ul>\n<li>Presidente del tribunal: Fernando de Teran troyano <\/li>\n<li>josefina Gomez mendoza (vocal)<\/li>\n<li>dario \u00e1lvarez \u00e1lvarez (vocal)<\/li>\n<li>eduardo Rojo fraile (vocal)<\/li>\n<\/ul>\n<\/li>\n<\/ul>\n<p>&nbsp;<\/p>\n","protected":false},"excerpt":{"rendered":"<p>Tesis doctoral de Mar\u00eda Marta Nieto Bedoya La presente tesis \u00abla composici\u00f3n del parque del retiro discontinuidad e integraci\u00f3n de [&hellip;]<\/p>\n","protected":false},"author":1,"featured_media":0,"comment_status":"open","ping_status":"open","sticky":false,"template":"","format":"standard","meta":{"site-sidebar-layout":"default","site-content-layout":"","ast-site-content-layout":"","site-content-style":"default","site-sidebar-style":"default","ast-global-header-display":"","ast-banner-title-visibility":"","ast-main-header-display":"","ast-hfb-above-header-display":"","ast-hfb-below-header-display":"","ast-hfb-mobile-header-display":"","site-post-title":"","ast-breadcrumbs-content":"","ast-featured-img":"","footer-sml-layout":"","theme-transparent-header-meta":"","adv-header-id-meta":"","stick-header-meta":"","header-above-stick-meta":"","header-main-stick-meta":"","header-below-stick-meta":"","astra-migrate-meta-layouts":"default","ast-page-background-enabled":"default","ast-page-background-meta":{"desktop":{"background-color":"var(--ast-global-color-4)","background-image":"","background-repeat":"repeat","background-position":"center center","background-size":"auto","background-attachment":"scroll","background-type":"","background-media":"","overlay-type":"","overlay-color":"","overlay-gradient":""},"tablet":{"background-color":"","background-image":"","background-repeat":"repeat","background-position":"center center","background-size":"auto","background-attachment":"scroll","background-type":"","background-media":"","overlay-type":"","overlay-color":"","overlay-gradient":""},"mobile":{"background-color":"","background-image":"","background-repeat":"repeat","background-position":"center center","background-size":"auto","background-attachment":"scroll","background-type":"","background-media":"","overlay-type":"","overlay-color":"","overlay-gradient":""}},"ast-content-background-meta":{"desktop":{"background-color":"var(--ast-global-color-5)","background-image":"","background-repeat":"repeat","background-position":"center center","background-size":"auto","background-attachment":"scroll","background-type":"","background-media":"","overlay-type":"","overlay-color":"","overlay-gradient":""},"tablet":{"background-color":"var(--ast-global-color-5)","background-image":"","background-repeat":"repeat","background-position":"center center","background-size":"auto","background-attachment":"scroll","background-type":"","background-media":"","overlay-type":"","overlay-color":"","overlay-gradient":""},"mobile":{"background-color":"var(--ast-global-color-5)","background-image":"","background-repeat":"repeat","background-position":"center center","background-size":"auto","background-attachment":"scroll","background-type":"","background-media":"","overlay-type":"","overlay-color":"","overlay-gradient":""}},"footnotes":""},"categories":[4509,16072,16008],"tags":[16078,144588,16565,14951,32256,144587],"class_list":["post-65571","post","type-post","status-publish","format-standard","hentry","category-arquitectura","category-jardines-y-parques","category-politecnica-de-madrid","tag-dario-alvarez-alvarez","tag-eduardo-rojo-fraile","tag-fernando-de-teran-troyano","tag-josefina-gomez-mendoza","tag-luis-moya-gonzalez","tag-maria-marta-nieto-bedoya"],"_links":{"self":[{"href":"https:\/\/www.deberes.net\/tesis\/wp-json\/wp\/v2\/posts\/65571","targetHints":{"allow":["GET"]}}],"collection":[{"href":"https:\/\/www.deberes.net\/tesis\/wp-json\/wp\/v2\/posts"}],"about":[{"href":"https:\/\/www.deberes.net\/tesis\/wp-json\/wp\/v2\/types\/post"}],"author":[{"embeddable":true,"href":"https:\/\/www.deberes.net\/tesis\/wp-json\/wp\/v2\/users\/1"}],"replies":[{"embeddable":true,"href":"https:\/\/www.deberes.net\/tesis\/wp-json\/wp\/v2\/comments?post=65571"}],"version-history":[{"count":0,"href":"https:\/\/www.deberes.net\/tesis\/wp-json\/wp\/v2\/posts\/65571\/revisions"}],"wp:attachment":[{"href":"https:\/\/www.deberes.net\/tesis\/wp-json\/wp\/v2\/media?parent=65571"}],"wp:term":[{"taxonomy":"category","embeddable":true,"href":"https:\/\/www.deberes.net\/tesis\/wp-json\/wp\/v2\/categories?post=65571"},{"taxonomy":"post_tag","embeddable":true,"href":"https:\/\/www.deberes.net\/tesis\/wp-json\/wp\/v2\/tags?post=65571"}],"curies":[{"name":"wp","href":"https:\/\/api.w.org\/{rel}","templated":true}]}}