{"id":65652,"date":"2018-03-09T22:53:45","date_gmt":"2018-03-09T22:53:45","guid":{"rendered":"https:\/\/www.deberes.net\/tesis\/sin-categoria\/aplicacion-de-nuevos-materiales-electrodicos-para-la-determinacion-de-residuos-de-contaminantes-en-muestras-ambientales\/"},"modified":"2018-03-09T22:53:45","modified_gmt":"2018-03-09T22:53:45","slug":"aplicacion-de-nuevos-materiales-electrodicos-para-la-determinacion-de-residuos-de-contaminantes-en-muestras-ambientales","status":"publish","type":"post","link":"https:\/\/www.deberes.net\/tesis\/sin-categoria\/aplicacion-de-nuevos-materiales-electrodicos-para-la-determinacion-de-residuos-de-contaminantes-en-muestras-ambientales\/","title":{"rendered":"Aplicaci\u00f3n de nuevos materiales electr\u00f3dicos para la determinaci\u00f3n de residuos de contaminantes en muestras ambientales."},"content":{"rendered":"<h2>Tesis doctoral de <strong> Denis Ines Vega Montenegro <\/strong><\/h2>\n<p>Referencia(1): consejo de coordinaci\u00f3n universitaria tesis doctorales base de datos teseo   universidad: complutense de Madrid                     c\u00f3digo de universidad(2):            ano acad\u00e9mico(3): 2007 centro de lectura(4): facultad de ciencias qu\u00edmicas clasificaci\u00f3n de la unesco(4) unesco 1\u00c2\u00b0:                   unesco 2\u00c2\u00ba:                   unesco 3\u00c2\u00b0:                   unesco 4\u00c2\u00ba:       direcci\u00f3n director: jose manuel pingarr\u00f3n carraz\u00f3n           director: lourdes ag\u00ed\u00bc\u00ed chicharro  director: pa loma y\u00e1\u00f1ez-sede\u00f1o orive     tribunal presidente: d. Luis maria polo d\u00edez      1\u00c2\u00b0 vocal: d\u00f1a. Mar\u00eda encarnaci\u00f3n lorenzo abad            2\u00c2\u00ba vocal: d\u00f1a. Mar\u00eda cristina gonz\u00e1lez mart\u00edn            3^vocal:  d\u00f1a. Agustina guiberteau cabanillas           se cretario: araceli gonz\u00e1lez cort\u00e9s      autor nombre y apellidos: denis ines vega montenegro  d.N.I. O pasaporte:   x5463102g                                                                                                        a\u00f1o de nacimiento: 04 de julio de 1972   sexo: mujer            nacionalidad:    paname\u00f1a                                                                          c\u00f3digo naci\u00f3n(2):  t\u00edtulo por el que accede al tercer ciclo: licenciada en qu\u00edmica     c\u00f3digo t\u00edtulo(2): universidad en la que se obtuvo el citado t\u00edtulo: universidad de panam\u00e1              c\u00f3digo universidad(2):  a\u00f1o acad\u00e9mico de graduaci\u00f3n(6): 1996 a\u00f1o acad\u00e9mico comienzo estudios tercer ciclo(7):  2004 a\u00f1o certificaci\u00f3n suficienc ia investigadora:  2005    consejo de coordinaci\u00f3n universitaria tesis doctorales base de datos teseo                                                                      referencia:     departamento: qu\u00edmica anal\u00edtica programa doctorado: qu\u00edmica ana l\u00edtica centro de realizaci\u00f3n: facultad de ciencias qu\u00edmicas de la universidad complutense de Madrid  tesis calificaci\u00f3n(8):  t\u00edtulo de la tesis: aplicaci\u00f3n de nuevos materiales electr\u00f3dicos para la determinaci\u00f3n de residuos de       contaminantes en muestras ambientales resumen: se desarrollan m\u00e9todos electroanal\u00edticos sensibles, reproducibles y r\u00e1pidos usando nuevos materiales electr\u00f3dicos, para la determinaci\u00f3n de compuestos de inter\u00e9s ambiental: explosivos nitroarom\u00e1ticos, fenoles estr\u00f3genos y tetraciclinas. Se aplican t\u00e9cnicas voltamperom\u00e9tricas y de detecci\u00f3n amperom\u00e9trica en flujo, mediante cromatograf\u00eda l\u00edquida y electroforesis capilar. Se preparan microelectrodos de fibra de carbono activada electroqu\u00edmicamente, electrodos de carbon<\/p>\n<p>&nbsp;<\/p>\n<h3>Datos acad\u00e9micos de la tesis doctoral \u00ab<strong>Aplicaci\u00f3n de nuevos materiales electr\u00f3dicos para la determinaci\u00f3n de residuos de contaminantes en muestras ambientales.<\/strong>\u00ab<\/h3>\n<ul>\n<li><strong>T\u00edtulo de la tesis:<\/strong>\u00a0 Aplicaci\u00f3n de nuevos materiales electr\u00f3dicos para la determinaci\u00f3n de residuos de contaminantes en muestras ambientales. <\/li>\n<li><strong>Autor:<\/strong>\u00a0 Denis Ines Vega Montenegro <\/li>\n<li><strong>Universidad:<\/strong>\u00a0 Complutense de Madrid<\/li>\n<li><strong>Fecha de lectura de la tesis:<\/strong>\u00a0 27\/06\/2008<\/li>\n<\/ul>\n<p>&nbsp;<\/p>\n<h3>Direcci\u00f3n y tribunal<\/h3>\n<ul>\n<li><strong>Director de la tesis<\/strong>\n<ul>\n<li>Jos\u00e9 Manuel Pingarr\u00f3n Carraz\u00f3n<\/li>\n<\/ul>\n<\/li>\n<li><strong>Tribunal<\/strong>\n<ul>\n<li>Presidente del tribunal: Luis Mar\u00eda Polo d\u00edez <\/li>\n<li>agustina Guiberteau cabanillas (vocal)<\/li>\n<li>Mar\u00eda   encarnacion Lorenzo abad (vocal)<\/li>\n<li>m. cristina Gonzalez martin (vocal)<\/li>\n<\/ul>\n<\/li>\n<\/ul>\n<p>&nbsp;<\/p>\n","protected":false},"excerpt":{"rendered":"<p>Tesis doctoral de Denis Ines Vega Montenegro Referencia(1): consejo de coordinaci\u00f3n universitaria tesis doctorales base de datos teseo universidad: complutense [&hellip;]<\/p>\n","protected":false},"author":1,"featured_media":0,"comment_status":"open","ping_status":"open","sticky":false,"template":"","format":"standard","meta":{"site-sidebar-layout":"default","site-content-layout":"","ast-site-content-layout":"","site-content-style":"default","site-sidebar-style":"default","ast-global-header-display":"","ast-banner-title-visibility":"","ast-main-header-display":"","ast-hfb-above-header-display":"","ast-hfb-below-header-display":"","ast-hfb-mobile-header-display":"","site-post-title":"","ast-breadcrumbs-content":"","ast-featured-img":"","footer-sml-layout":"","theme-transparent-header-meta":"","adv-header-id-meta":"","stick-header-meta":"","header-above-stick-meta":"","header-main-stick-meta":"","header-below-stick-meta":"","astra-migrate-meta-layouts":"default","ast-page-background-enabled":"default","ast-page-background-meta":{"desktop":{"background-color":"var(--ast-global-color-4)","background-image":"","background-repeat":"repeat","background-position":"center center","background-size":"auto","background-attachment":"scroll","background-type":"","background-media":"","overlay-type":"","overlay-color":"","overlay-gradient":""},"tablet":{"background-color":"","background-image":"","background-repeat":"repeat","background-position":"center center","background-size":"auto","background-attachment":"scroll","background-type":"","background-media":"","overlay-type":"","overlay-color":"","overlay-gradient":""},"mobile":{"background-color":"","background-image":"","background-repeat":"repeat","background-position":"center center","background-size":"auto","background-attachment":"scroll","background-type":"","background-media":"","overlay-type":"","overlay-color":"","overlay-gradient":""}},"ast-content-background-meta":{"desktop":{"background-color":"var(--ast-global-color-5)","background-image":"","background-repeat":"repeat","background-position":"center center","background-size":"auto","background-attachment":"scroll","background-type":"","background-media":"","overlay-type":"","overlay-color":"","overlay-gradient":""},"tablet":{"background-color":"var(--ast-global-color-5)","background-image":"","background-repeat":"repeat","background-position":"center center","background-size":"auto","background-attachment":"scroll","background-type":"","background-media":"","overlay-type":"","overlay-color":"","overlay-gradient":""},"mobile":{"background-color":"var(--ast-global-color-5)","background-image":"","background-repeat":"repeat","background-position":"center center","background-size":"auto","background-attachment":"scroll","background-type":"","background-media":"","overlay-type":"","overlay-color":"","overlay-gradient":""}},"footnotes":""},"categories":[1],"tags":[32502,144731,5764,5257,144732,25316],"class_list":["post-65652","post","type-post","status-publish","format-standard","hentry","category-sin-categoria","tag-agustina-guiberteau-cabanillas","tag-denis-ines-vega-montenegro","tag-jose-manuel-pingarron-carrazon","tag-luis-maria-polo-diez","tag-m-cristina-gonzalez-martin","tag-maria-encarnacion-lorenzo-abad"],"_links":{"self":[{"href":"https:\/\/www.deberes.net\/tesis\/wp-json\/wp\/v2\/posts\/65652","targetHints":{"allow":["GET"]}}],"collection":[{"href":"https:\/\/www.deberes.net\/tesis\/wp-json\/wp\/v2\/posts"}],"about":[{"href":"https:\/\/www.deberes.net\/tesis\/wp-json\/wp\/v2\/types\/post"}],"author":[{"embeddable":true,"href":"https:\/\/www.deberes.net\/tesis\/wp-json\/wp\/v2\/users\/1"}],"replies":[{"embeddable":true,"href":"https:\/\/www.deberes.net\/tesis\/wp-json\/wp\/v2\/comments?post=65652"}],"version-history":[{"count":0,"href":"https:\/\/www.deberes.net\/tesis\/wp-json\/wp\/v2\/posts\/65652\/revisions"}],"wp:attachment":[{"href":"https:\/\/www.deberes.net\/tesis\/wp-json\/wp\/v2\/media?parent=65652"}],"wp:term":[{"taxonomy":"category","embeddable":true,"href":"https:\/\/www.deberes.net\/tesis\/wp-json\/wp\/v2\/categories?post=65652"},{"taxonomy":"post_tag","embeddable":true,"href":"https:\/\/www.deberes.net\/tesis\/wp-json\/wp\/v2\/tags?post=65652"}],"curies":[{"name":"wp","href":"https:\/\/api.w.org\/{rel}","templated":true}]}}