{"id":65672,"date":"2018-03-09T22:53:49","date_gmt":"2018-03-09T22:53:49","guid":{"rendered":"https:\/\/www.deberes.net\/tesis\/sin-categoria\/aprovechamiento-del-uso-publico-mediante-la-aplicacion-de-sistemas-de-informacion-geografica-y-tecnicas-de-decision-multicriterio-multiobjetivo\/"},"modified":"2018-03-09T22:53:49","modified_gmt":"2018-03-09T22:53:49","slug":"aprovechamiento-del-uso-publico-mediante-la-aplicacion-de-sistemas-de-informacion-geografica-y-tecnicas-de-decision-multicriterio-multiobjetivo","status":"publish","type":"post","link":"https:\/\/www.deberes.net\/tesis\/ingenieria-y-tecnologia-del-medio-ambiente\/aprovechamiento-del-uso-publico-mediante-la-aplicacion-de-sistemas-de-informacion-geografica-y-tecnicas-de-decision-multicriterio-multiobjetivo\/","title":{"rendered":"Aprovechamiento del uso p\u00fablico mediante la aplicaci\u00f3n de sistemas de informaci\u00f3n geogr\u00e1fica y t\u00e9cnicas de decisi\u00f3n multicriterio-multiobjetivo"},"content":{"rendered":"<h2>Tesis doctoral de <strong> Mar\u00eda no Crespo Blazquez <\/strong><\/h2>\n<p>En los \u00faltimos a\u00f1os ha aumentado considerablemente el inter\u00e9s y la demanda por el recreo al aire libre, tanto por parte del p\u00fablico que lo lleva a cabo, como por los profesionales y personal t\u00e9cnico de la administraci\u00f3n, que han comprobado la importancia de la planificaci\u00f3n en la gesti\u00f3n del territorio. esto nos ha llevado a intentar facilitar la toma de decisiones sobre la planificaci\u00f3n del uso p\u00fablico recreativo mediante la realizaci\u00f3n de un modelo de capacidad de acogida integrado en un sistema de informaci\u00f3n geogr\u00e1fica (sig). para llevar a cabo la realizaci\u00f3n y ejecuci\u00f3n del modelo hemos tenido que ahondar en diversas cuestiones: &#8211;\tprimero era necesario determinar que se entiende por ocio, recreaci\u00f3n y uso p\u00fablico recreativo, cual ha sido su evoluci\u00f3n hist\u00f3rica, los beneficios     y     sus elementos esenciales. Dentro del amplio concepto de recreaci\u00f3n nos hemos centrado en el turismo rural, y como caso especial, el turismo rural en los espacios protegidos. &#8211;\ten segundo lugar hab\u00eda que destacar la importancia de la planificaci\u00f3n territorial, en nuestro caso de los usos p\u00fablicos recreativos, el aumento de la utilizaci\u00f3n de los sig para la planificaci\u00f3n medioambiental y las m\u00faltiples ventajas que nos ofrecen, as\u00ed como la integraci\u00f3n entre los sig y el an\u00e1lisis espacial o modelizaci\u00f3n. &#8211;\ten tercer lugar se ha considerado a la evaluaci\u00f3n multicriterio multiobjetivo (emc\/mo) integrada en un sig, como herramienta de gran ayuda en las t\u00e9cnicas de toma de decisiones. Los m\u00e9todos de comparaci\u00f3n por pares y delphi, se utilizan en la aplicaci\u00f3n de la emc\/mo. &#8211;\tla aplicaci\u00f3n pr\u00e1ctica del modelo se realizar\u00e1 a una zona determinada, en concreto el parque natural sierra de aracena y picos de aroche (pnsapa) de la provincia de huelva, realiz\u00e1ndose una descripci\u00f3n del territorio a estudio. &#8211;\tpor \u00faltimo se ha llevado a cabo, exponi\u00e9ndose paso a paso el proceso a seguir en el planteamiento de nuestro modelo de planificaci\u00f3n tanto a nivel te\u00f3rico como pr\u00e1ctico, mediante la explicaci\u00f3n de su integraci\u00f3n en un sig, obteni\u00e9ndose como resultado un mapa final en el que aparecen las manchas o  zonas de ubicaci\u00f3n m\u00e1s aptas para cada uno de los equipamientos de uso p\u00fablico de nueva creaci\u00f3n pretendidos en el modelo. Se consigue as\u00ed, que aumente la media de estos equipamientos del pnsapa con respecto a la media de la comunidad aut\u00f3noma de andaluc\u00eda dentro de la red de espacios naturales protegidos.<\/p>\n<p>&nbsp;<\/p>\n<h3>Datos acad\u00e9micos de la tesis doctoral \u00ab<strong>Aprovechamiento del uso p\u00fablico mediante la aplicaci\u00f3n de sistemas de informaci\u00f3n geogr\u00e1fica y t\u00e9cnicas de decisi\u00f3n multicriterio-multiobjetivo<\/strong>\u00ab<\/h3>\n<ul>\n<li><strong>T\u00edtulo de la tesis:<\/strong>\u00a0 Aprovechamiento del uso p\u00fablico mediante la aplicaci\u00f3n de sistemas de informaci\u00f3n geogr\u00e1fica y t\u00e9cnicas de decisi\u00f3n multicriterio-multiobjetivo <\/li>\n<li><strong>Autor:<\/strong>\u00a0 Mar\u00eda no Crespo Blazquez <\/li>\n<li><strong>Universidad:<\/strong>\u00a0 Huelva<\/li>\n<li><strong>Fecha de lectura de la tesis:<\/strong>\u00a0 27\/06\/2008<\/li>\n<\/ul>\n<p>&nbsp;<\/p>\n<h3>Direcci\u00f3n y tribunal<\/h3>\n<ul>\n<li><strong>Director de la tesis<\/strong>\n<ul>\n<li>Encarnaci\u00f3n Gonz\u00e1lez Algarra<\/li>\n<\/ul>\n<\/li>\n<li><strong>Tribunal<\/strong>\n<ul>\n<li>Presidente del tribunal: Francisco Cordoba garcia <\/li>\n<li>Jos\u00e9 Antonio Grande gil (vocal)<\/li>\n<li>ignacio Morell evangelista (vocal)<\/li>\n<li>Emilio j. Sanch\u00eds moll (vocal)<\/li>\n<\/ul>\n<\/li>\n<\/ul>\n<p>&nbsp;<\/p>\n","protected":false},"excerpt":{"rendered":"<p>Tesis doctoral de Mar\u00eda no Crespo Blazquez En los \u00faltimos a\u00f1os ha aumentado considerablemente el inter\u00e9s y la demanda por [&hellip;]<\/p>\n","protected":false},"author":1,"featured_media":0,"comment_status":"open","ping_status":"open","sticky":false,"template":"","format":"standard","meta":{"site-sidebar-layout":"default","site-content-layout":"","ast-site-content-layout":"","site-content-style":"default","site-sidebar-style":"default","ast-global-header-display":"","ast-banner-title-visibility":"","ast-main-header-display":"","ast-hfb-above-header-display":"","ast-hfb-below-header-display":"","ast-hfb-mobile-header-display":"","site-post-title":"","ast-breadcrumbs-content":"","ast-featured-img":"","footer-sml-layout":"","theme-transparent-header-meta":"","adv-header-id-meta":"","stick-header-meta":"","header-above-stick-meta":"","header-main-stick-meta":"","header-below-stick-meta":"","astra-migrate-meta-layouts":"default","ast-page-background-enabled":"default","ast-page-background-meta":{"desktop":{"background-color":"var(--ast-global-color-4)","background-image":"","background-repeat":"repeat","background-position":"center center","background-size":"auto","background-attachment":"scroll","background-type":"","background-media":"","overlay-type":"","overlay-color":"","overlay-gradient":""},"tablet":{"background-color":"","background-image":"","background-repeat":"repeat","background-position":"center center","background-size":"auto","background-attachment":"scroll","background-type":"","background-media":"","overlay-type":"","overlay-color":"","overlay-gradient":""},"mobile":{"background-color":"","background-image":"","background-repeat":"repeat","background-position":"center center","background-size":"auto","background-attachment":"scroll","background-type":"","background-media":"","overlay-type":"","overlay-color":"","overlay-gradient":""}},"ast-content-background-meta":{"desktop":{"background-color":"var(--ast-global-color-5)","background-image":"","background-repeat":"repeat","background-position":"center center","background-size":"auto","background-attachment":"scroll","background-type":"","background-media":"","overlay-type":"","overlay-color":"","overlay-gradient":""},"tablet":{"background-color":"var(--ast-global-color-5)","background-image":"","background-repeat":"repeat","background-position":"center center","background-size":"auto","background-attachment":"scroll","background-type":"","background-media":"","overlay-type":"","overlay-color":"","overlay-gradient":""},"mobile":{"background-color":"var(--ast-global-color-5)","background-image":"","background-repeat":"repeat","background-position":"center center","background-size":"auto","background-attachment":"scroll","background-type":"","background-media":"","overlay-type":"","overlay-color":"","overlay-gradient":""}},"footnotes":""},"categories":[1399,18975,1333,13113,13542],"tags":[144777,123033,20968,3647,144776,144775],"class_list":["post-65672","post","type-post","status-publish","format-standard","hentry","category-geografia","category-huelva","category-ingenieria-y-tecnologia-del-medio-ambiente","category-planificacion-urbana","category-sistemas-de-informacion-geografica","tag-emilio-j-sanchis-moll","tag-encarnacion-gonzalez-algarra","tag-francisco-cordoba-garcia","tag-ignacio-morell-evangelista","tag-jose-antonio-grande-gil","tag-maria-no-crespo-blazquez"],"_links":{"self":[{"href":"https:\/\/www.deberes.net\/tesis\/wp-json\/wp\/v2\/posts\/65672","targetHints":{"allow":["GET"]}}],"collection":[{"href":"https:\/\/www.deberes.net\/tesis\/wp-json\/wp\/v2\/posts"}],"about":[{"href":"https:\/\/www.deberes.net\/tesis\/wp-json\/wp\/v2\/types\/post"}],"author":[{"embeddable":true,"href":"https:\/\/www.deberes.net\/tesis\/wp-json\/wp\/v2\/users\/1"}],"replies":[{"embeddable":true,"href":"https:\/\/www.deberes.net\/tesis\/wp-json\/wp\/v2\/comments?post=65672"}],"version-history":[{"count":0,"href":"https:\/\/www.deberes.net\/tesis\/wp-json\/wp\/v2\/posts\/65672\/revisions"}],"wp:attachment":[{"href":"https:\/\/www.deberes.net\/tesis\/wp-json\/wp\/v2\/media?parent=65672"}],"wp:term":[{"taxonomy":"category","embeddable":true,"href":"https:\/\/www.deberes.net\/tesis\/wp-json\/wp\/v2\/categories?post=65672"},{"taxonomy":"post_tag","embeddable":true,"href":"https:\/\/www.deberes.net\/tesis\/wp-json\/wp\/v2\/tags?post=65672"}],"curies":[{"name":"wp","href":"https:\/\/api.w.org\/{rel}","templated":true}]}}