{"id":65749,"date":"2018-03-09T22:53:53","date_gmt":"2018-03-09T22:53:53","guid":{"rendered":"https:\/\/www.deberes.net\/tesis\/sin-categoria\/arquitectura-dia-logos-com-a-musica-concepa%c2%a7ao-tradia%c2%a7ao-criaa%c2%a7ao\/"},"modified":"2018-03-09T22:53:53","modified_gmt":"2018-03-09T22:53:53","slug":"arquitectura-dia-logos-com-a-musica-concepa%c2%a7ao-tradia%c2%a7ao-criaa%c2%a7ao","status":"publish","type":"post","link":"https:\/\/www.deberes.net\/tesis\/historias-especializadas\/arquitectura-dia-logos-com-a-musica-concepa%c2%a7ao-tradia%c2%a7ao-criaa%c2%a7ao\/","title":{"rendered":"Arquitectura: di\u00c1\u00a0logos com a m\u00fasica: concep\u00c1\u00a7ao, tradi\u00c1\u00a7ao, cria\u00c1\u00a7ao"},"content":{"rendered":"<h2>Tesis doctoral de <strong> Clara Germana Ramalho Moutinho Gon\u00c1\u00a7alves <\/strong><\/h2>\n<p>La presente investigaci\u00f3n incide sobre la arquitectura contempor\u00e1nea y la idea contempor\u00e1nea de arquitectura. Es un estudio se y sobre arquitectura en el cual la arquitectura es mirada bajo la criba de la interdisciplinaridad: la m\u00fasica es interlocutora. Se abordan diferentes relaciones con la m\u00fasica y desde la m\u00fasica: te\u00f3ricas, compositivas, pr\u00e1cticas. los objetivos son analizar la arquitectura bajo el di\u00e1logo con l m\u00fasica; verificar si el estudio interdisciplinario puede ser una contribuci\u00f3n para la reflexi\u00f3n sobre arquitectura; profundar el estudio de la atquitectura en lo cual el factor visual es el predominante; verificar el grado de `proximidad (o no) de las dos disciplinas; observar bajo un diferente punto de vista ciertos aspectos de las coyunturas culturales. se constituye por cuatro cap\u00edtulos: el primer cap\u00edtulo tiene un car\u00e1cter general y fundamentalmente te\u00f3rico: se discuten los conceptos musicales y arquitect\u00f3nicos, los argotes, la naturaleza de los conceptos, la relevancia de los conceptos de las dos disciplinas, la comparaci\u00f3n de significados, la relaci\u00f3n entre vocablos y conceptos. El segundo, aborda los siglos xv\/xvi\/xvii: el renacimiento como momento de creaci\u00f3n de un cuerpo te\u00f3rico para la arquitectura en lo cual la m\u00fasica es fundamental; en la primera parte se aborda la emergencia de la ligaci\u00f3n arquitectura-m\u00fasica y en segunda, la disoluci\u00f3n de esa unidad. El tercer cap\u00edtulo incide sobre el siglo xx, en particular, sobre su inicio: arquitectura moderna y movimiento moderno. El cuarto cap\u00edtulo aborda la contemporaneidad eligiendo autores y obras ejemplares, casos concretos de pr\u00e1ctica y o teor\u00eda\/pr\u00e1ctica interdisciplinar entre arquitectura y m\u00fasica.<\/p>\n<p>&nbsp;<\/p>\n<h3>Datos acad\u00e9micos de la tesis doctoral \u00ab<strong>Arquitectura: di\u00c1\u00a0logos com a m\u00fasica: concep\u00c1\u00a7ao, tradi\u00c1\u00a7ao, cria\u00c1\u00a7ao<\/strong>\u00ab<\/h3>\n<ul>\n<li><strong>T\u00edtulo de la tesis:<\/strong>\u00a0 Arquitectura: di\u00c1\u00a0logos com a m\u00fasica: concep\u00c1\u00a7ao, tradi\u00c1\u00a7ao, cria\u00c1\u00a7ao <\/li>\n<li><strong>Autor:<\/strong>\u00a0 Clara Germana Ramalho Moutinho Gon\u00c1\u00a7alves <\/li>\n<li><strong>Universidad:<\/strong>\u00a0 Sevilla<\/li>\n<li><strong>Fecha de lectura de la tesis:<\/strong>\u00a0 30\/06\/2008<\/li>\n<\/ul>\n<p>&nbsp;<\/p>\n<h3>Direcci\u00f3n y tribunal<\/h3>\n<ul>\n<li><strong>Director de la tesis<\/strong>\n<ul>\n<li>Victor Perez Escolano<\/li>\n<\/ul>\n<\/li>\n<li><strong>Tribunal<\/strong>\n<ul>\n<li>Presidente del tribunal: Juan  Miguel Hern\u00e1ndez le\u00f3n <\/li>\n<li>Mar\u00eda Joao soares (vocal)<\/li>\n<li>Jos\u00e9 Javier Maderuelo raso (vocal)<\/li>\n<li>Mar\u00eda inmaculada C\u00e1rdenas serv\u00e1n (vocal)<\/li>\n<\/ul>\n<\/li>\n<\/ul>\n<p>&nbsp;<\/p>\n","protected":false},"excerpt":{"rendered":"<p>Tesis doctoral de Clara Germana Ramalho Moutinho Gon\u00c1\u00a7alves La presente investigaci\u00f3n incide sobre la arquitectura contempor\u00e1nea y la idea contempor\u00e1nea [&hellip;]<\/p>\n","protected":false},"author":1,"featured_media":0,"comment_status":"open","ping_status":"open","sticky":false,"template":"","format":"standard","meta":{"site-sidebar-layout":"default","site-content-layout":"","ast-site-content-layout":"","site-content-style":"default","site-sidebar-style":"default","ast-global-header-display":"","ast-banner-title-visibility":"","ast-main-header-display":"","ast-hfb-above-header-display":"","ast-hfb-below-header-display":"","ast-hfb-mobile-header-display":"","site-post-title":"","ast-breadcrumbs-content":"","ast-featured-img":"","footer-sml-layout":"","theme-transparent-header-meta":"","adv-header-id-meta":"","stick-header-meta":"","header-above-stick-meta":"","header-main-stick-meta":"","header-below-stick-meta":"","astra-migrate-meta-layouts":"default","ast-page-background-enabled":"default","ast-page-background-meta":{"desktop":{"background-color":"var(--ast-global-color-4)","background-image":"","background-repeat":"repeat","background-position":"center center","background-size":"auto","background-attachment":"scroll","background-type":"","background-media":"","overlay-type":"","overlay-color":"","overlay-gradient":""},"tablet":{"background-color":"","background-image":"","background-repeat":"repeat","background-position":"center center","background-size":"auto","background-attachment":"scroll","background-type":"","background-media":"","overlay-type":"","overlay-color":"","overlay-gradient":""},"mobile":{"background-color":"","background-image":"","background-repeat":"repeat","background-position":"center center","background-size":"auto","background-attachment":"scroll","background-type":"","background-media":"","overlay-type":"","overlay-color":"","overlay-gradient":""}},"ast-content-background-meta":{"desktop":{"background-color":"var(--ast-global-color-5)","background-image":"","background-repeat":"repeat","background-position":"center center","background-size":"auto","background-attachment":"scroll","background-type":"","background-media":"","overlay-type":"","overlay-color":"","overlay-gradient":""},"tablet":{"background-color":"var(--ast-global-color-5)","background-image":"","background-repeat":"repeat","background-position":"center center","background-size":"auto","background-attachment":"scroll","background-type":"","background-media":"","overlay-type":"","overlay-color":"","overlay-gradient":""},"mobile":{"background-color":"var(--ast-global-color-5)","background-image":"","background-repeat":"repeat","background-position":"center center","background-size":"auto","background-attachment":"scroll","background-type":"","background-media":"","overlay-type":"","overlay-color":"","overlay-gradient":""}},"footnotes":""},"categories":[4509,222,10715],"tags":[144966,19164,139727,112696,144967,11230],"class_list":["post-65749","post","type-post","status-publish","format-standard","hentry","category-arquitectura","category-historias-especializadas","category-sevilla","tag-clara-germana-ramalho-moutinho-gonaalves","tag-jose-javier-maderuelo-raso","tag-juan-miguel-hernandez-leon","tag-maria-inmaculada-cardenas-servan","tag-maria-joao-soares","tag-victor-perez-escolano"],"_links":{"self":[{"href":"https:\/\/www.deberes.net\/tesis\/wp-json\/wp\/v2\/posts\/65749","targetHints":{"allow":["GET"]}}],"collection":[{"href":"https:\/\/www.deberes.net\/tesis\/wp-json\/wp\/v2\/posts"}],"about":[{"href":"https:\/\/www.deberes.net\/tesis\/wp-json\/wp\/v2\/types\/post"}],"author":[{"embeddable":true,"href":"https:\/\/www.deberes.net\/tesis\/wp-json\/wp\/v2\/users\/1"}],"replies":[{"embeddable":true,"href":"https:\/\/www.deberes.net\/tesis\/wp-json\/wp\/v2\/comments?post=65749"}],"version-history":[{"count":0,"href":"https:\/\/www.deberes.net\/tesis\/wp-json\/wp\/v2\/posts\/65749\/revisions"}],"wp:attachment":[{"href":"https:\/\/www.deberes.net\/tesis\/wp-json\/wp\/v2\/media?parent=65749"}],"wp:term":[{"taxonomy":"category","embeddable":true,"href":"https:\/\/www.deberes.net\/tesis\/wp-json\/wp\/v2\/categories?post=65749"},{"taxonomy":"post_tag","embeddable":true,"href":"https:\/\/www.deberes.net\/tesis\/wp-json\/wp\/v2\/tags?post=65749"}],"curies":[{"name":"wp","href":"https:\/\/api.w.org\/{rel}","templated":true}]}}