{"id":65812,"date":"2008-02-07T00:00:00","date_gmt":"2008-02-07T00:00:00","guid":{"rendered":"https:\/\/www.deberes.net\/tesis\/sin-categoria\/el-dibujo-el-color-y-la-talla-en-madera-como-medio-de-supervivencia-de-los-presos-republicanos-en-las-prisiones-de-la-posguerra-civil-en-espana-1939-1943\/"},"modified":"2008-02-07T00:00:00","modified_gmt":"2008-02-07T00:00:00","slug":"el-dibujo-el-color-y-la-talla-en-madera-como-medio-de-supervivencia-de-los-presos-republicanos-en-las-prisiones-de-la-posguerra-civil-en-espana-1939-1943","status":"publish","type":"post","link":"https:\/\/www.deberes.net\/tesis\/sin-categoria\/el-dibujo-el-color-y-la-talla-en-madera-como-medio-de-supervivencia-de-los-presos-republicanos-en-las-prisiones-de-la-posguerra-civil-en-espana-1939-1943\/","title":{"rendered":"El dibujo, el color y la talla en madera como medio de supervivencia  de los presos republicanos en las prisiones de la posguerra civil en  espa\u00f1a (1939-1943)."},"content":{"rendered":"<h2>Tesis doctoral de <strong> Ramon Bosqued Biedma <\/strong><\/h2>\n<p>Null esta tesis doctoral pretende sacar a la luz el trabajo art\u00edstico que realizaron los presos republicanos como medio de supervivencia en las c\u00e1rceles de la posguerra civil espa\u00f1ola.  silenciado y desconocido durante sesenta y nueve a\u00f1os, tan solo era c onocido en la intimidad familiar por miedo a la represi\u00f3n que vivi\u00f3 espa\u00f1a, sobre todo en los primeros a\u00f1os de la posguerra. Y que hoy guardan y conservan sus descendientes con el fin de poder recuperar la memoria hist\u00f3rica de aquel familiar que util iz\u00f3 la expresi\u00f3n pl\u00e1stica como resiliencia en la c\u00e1rcel, por haber defendido durante la guerra civil espa\u00f1ola sus ideas y un gobierno legalmente constituido.<\/p>\n<p>&nbsp;<\/p>\n<h3>Datos acad\u00e9micos de la tesis doctoral \u00ab<strong>El dibujo, el color y la talla en madera como medio de supervivencia  de los presos republicanos en las prisiones de la posguerra civil en  espa\u00f1a (1939-1943).<\/strong>\u00ab<\/h3>\n<ul>\n<li><strong>T\u00edtulo de la tesis:<\/strong>\u00a0 El dibujo, el color y la talla en madera como medio de supervivencia  de los presos republicanos en las prisiones de la posguerra civil en  espa\u00f1a (1939-1943). <\/li>\n<li><strong>Autor:<\/strong>\u00a0 Ramon Bosqued Biedma <\/li>\n<li><strong>Universidad:<\/strong>\u00a0 Complutense de Madrid<\/li>\n<li><strong>Fecha de lectura de la tesis:<\/strong>\u00a0 02\/07\/2008<\/li>\n<\/ul>\n<p>&nbsp;<\/p>\n<h3>Direcci\u00f3n y tribunal<\/h3>\n<ul>\n<li><strong>Director de la tesis<\/strong>\n<ul>\n<li>Matilde Moll\u00e1 Giner<\/li>\n<\/ul>\n<\/li>\n<li><strong>Tribunal<\/strong>\n<ul>\n<li>Presidente del tribunal: manuel Parralo dorado <\/li>\n<li>  (vocal)<\/li>\n<li>  (vocal)<\/li>\n<li>  (vocal)<\/li>\n<\/ul>\n<\/li>\n<\/ul>\n<p>&nbsp;<\/p>\n","protected":false},"excerpt":{"rendered":"<p>Tesis doctoral de Ramon Bosqued Biedma Null esta tesis doctoral pretende sacar a la luz el trabajo art\u00edstico que realizaron [&hellip;]<\/p>\n","protected":false},"author":1,"featured_media":0,"comment_status":"open","ping_status":"open","sticky":false,"template":"","format":"standard","meta":{"site-sidebar-layout":"default","site-content-layout":"","ast-site-content-layout":"","site-content-style":"default","site-sidebar-style":"default","ast-global-header-display":"","ast-banner-title-visibility":"","ast-main-header-display":"","ast-hfb-above-header-display":"","ast-hfb-below-header-display":"","ast-hfb-mobile-header-display":"","site-post-title":"","ast-breadcrumbs-content":"","ast-featured-img":"","footer-sml-layout":"","theme-transparent-header-meta":"","adv-header-id-meta":"","stick-header-meta":"","header-above-stick-meta":"","header-main-stick-meta":"","header-below-stick-meta":"","astra-migrate-meta-layouts":"default","ast-page-background-enabled":"default","ast-page-background-meta":{"desktop":{"background-color":"var(--ast-global-color-4)","background-image":"","background-repeat":"repeat","background-position":"center center","background-size":"auto","background-attachment":"scroll","background-type":"","background-media":"","overlay-type":"","overlay-color":"","overlay-gradient":""},"tablet":{"background-color":"","background-image":"","background-repeat":"repeat","background-position":"center center","background-size":"auto","background-attachment":"scroll","background-type":"","background-media":"","overlay-type":"","overlay-color":"","overlay-gradient":""},"mobile":{"background-color":"","background-image":"","background-repeat":"repeat","background-position":"center center","background-size":"auto","background-attachment":"scroll","background-type":"","background-media":"","overlay-type":"","overlay-color":"","overlay-gradient":""}},"ast-content-background-meta":{"desktop":{"background-color":"var(--ast-global-color-5)","background-image":"","background-repeat":"repeat","background-position":"center center","background-size":"auto","background-attachment":"scroll","background-type":"","background-media":"","overlay-type":"","overlay-color":"","overlay-gradient":""},"tablet":{"background-color":"var(--ast-global-color-5)","background-image":"","background-repeat":"repeat","background-position":"center center","background-size":"auto","background-attachment":"scroll","background-type":"","background-media":"","overlay-type":"","overlay-color":"","overlay-gradient":""},"mobile":{"background-color":"var(--ast-global-color-5)","background-image":"","background-repeat":"repeat","background-position":"center center","background-size":"auto","background-attachment":"scroll","background-type":"","background-media":"","overlay-type":"","overlay-color":"","overlay-gradient":""}},"footnotes":""},"categories":[1],"tags":[6562,145092,145091],"class_list":["post-65812","post","type-post","status-publish","format-standard","hentry","category-sin-categoria","tag-manuel-parralo-dorado","tag-matilde-molla-giner","tag-ramon-bosqued-biedma"],"_links":{"self":[{"href":"https:\/\/www.deberes.net\/tesis\/wp-json\/wp\/v2\/posts\/65812","targetHints":{"allow":["GET"]}}],"collection":[{"href":"https:\/\/www.deberes.net\/tesis\/wp-json\/wp\/v2\/posts"}],"about":[{"href":"https:\/\/www.deberes.net\/tesis\/wp-json\/wp\/v2\/types\/post"}],"author":[{"embeddable":true,"href":"https:\/\/www.deberes.net\/tesis\/wp-json\/wp\/v2\/users\/1"}],"replies":[{"embeddable":true,"href":"https:\/\/www.deberes.net\/tesis\/wp-json\/wp\/v2\/comments?post=65812"}],"version-history":[{"count":0,"href":"https:\/\/www.deberes.net\/tesis\/wp-json\/wp\/v2\/posts\/65812\/revisions"}],"wp:attachment":[{"href":"https:\/\/www.deberes.net\/tesis\/wp-json\/wp\/v2\/media?parent=65812"}],"wp:term":[{"taxonomy":"category","embeddable":true,"href":"https:\/\/www.deberes.net\/tesis\/wp-json\/wp\/v2\/categories?post=65812"},{"taxonomy":"post_tag","embeddable":true,"href":"https:\/\/www.deberes.net\/tesis\/wp-json\/wp\/v2\/tags?post=65812"}],"curies":[{"name":"wp","href":"https:\/\/api.w.org\/{rel}","templated":true}]}}