{"id":65822,"date":"2008-02-07T00:00:00","date_gmt":"2008-02-07T00:00:00","guid":{"rendered":"https:\/\/www.deberes.net\/tesis\/sin-categoria\/diseno-y-validacion-de-una-gua%c2%ada-de-indicadores-de-calidad-de-vida-para-las-organizaciones-que-prestan-apoyo-a-personas-con-trastorno-del-espectro-autista\/"},"modified":"2008-02-07T00:00:00","modified_gmt":"2008-02-07T00:00:00","slug":"diseno-y-validacion-de-una-gua%c2%ada-de-indicadores-de-calidad-de-vida-para-las-organizaciones-que-prestan-apoyo-a-personas-con-trastorno-del-espectro-autista","status":"publish","type":"post","link":"https:\/\/www.deberes.net\/tesis\/organizacion-y-planificacion-de-la-educacion\/diseno-y-validacion-de-una-gua%c2%ada-de-indicadores-de-calidad-de-vida-para-las-organizaciones-que-prestan-apoyo-a-personas-con-trastorno-del-espectro-autista\/","title":{"rendered":"Dise\u00f1o y validaci\u00f3n de una gu\u00edade indicadores de calidad de vida para las organizaciones que prestan apoyo a personas con trastorno del espectro autista"},"content":{"rendered":"<h2>Tesis doctoral de <strong> Jos\u00e9 Luis Cuesta G\u00f3mez <\/strong><\/h2>\n<p>En los \u00faltimos a\u00f1os el enfoque y la b\u00fasqueda de la calidad de vida ha ido cobrando una progresiva importancia, llegando a convertirse en un aut\u00e9ntico reto en \u00e1mbitos como el de la educaci\u00f3n, la salud o los servicios sociales.   las personas con trastornos del espectro autista (tea) manifiestan graves dificultades para expresar necesidades, deseos, nivel de satisfacci\u00f3n, estados f\u00edsicos o emocionales#, en definitiva, para hablar y compartir informaci\u00f3n sobre s\u00ed mismas, cuestiones b\u00e1sicas si pretendemos evaluar su nivel de calidad de vida.   el objetivo general de la investigaci\u00f3n es el desarrollar y validar una gu\u00eda de indicadores de calidad de vida de personas con tea, que valore aquellas condiciones que desde la organizaci\u00f3n y los programas pueden favorecerla.  el instrumento se plantea a modo de una gu\u00eda de referencia para la planificaci\u00f3n y la evaluaci\u00f3n de los programas y servicios para personas con tea.   la t\u00e9cnica utilizada para la validaci\u00f3n de la gu\u00eda de indicadores ha sido la t\u00e9cnica delphi, a trav\u00e9s de la cual se recurre a conocer la opini\u00f3n de expertos, lo cual permite conocer el grado de consenso existente entre los diferentes aspectos, o jerarquizarlos en funci\u00f3n de su importancia y de la trascendencia que esos les atribuyen.  el grupo de expertos que ha participado en la validaci\u00f3n ha estado compuesto por 12 profesionales relacionados con el \u00e1mbito del autismo, desde distintas disciplinas, con formaci\u00f3n y visiones complementarias y un reconocido prestigio, experiencia y trayectoria en campos como la intervenci\u00f3n educativa, planificaci\u00f3n y organizaci\u00f3n de programas y servicios, calidad, diagn\u00f3stico, formaci\u00f3n.  la t\u00e9cnica se ha desarrollado a trav\u00e9s de cinco env\u00edos o rondas de consulta, a trav\u00e9s de las cuales se han ido consensuando los contenidos y metodolog\u00eda de aplicaci\u00f3n del instrumento.  la gu\u00eda de indicadores de calidad de vida resultante del proceso de validaci\u00f3n consta de 68 indicadores agrupados en seis \u00e1mbitos. Cada indicador consta de cuatro evidencias, es decir, cuatro pruebas que nos van a ayudar a observar y hacer cuantificable el indicador, y a poder asegurar si se cumple o no con un mismo criterio de valoraci\u00f3n objetivo para todos los evaluadores.  el instrumento se acompa\u00f1a de una gu\u00eda de aplicaci\u00f3n donde adem\u00e1s se detalla la composici\u00f3n del equipo evaluador, y un programa inform\u00e1tico que facilita la recogida, tratamiento e interpretaci\u00f3n de los datos y la informaci\u00f3n referida al servicio o la organizaci\u00f3n donde se aplica.<\/p>\n<p>&nbsp;<\/p>\n<h3>Datos acad\u00e9micos de la tesis doctoral \u00ab<strong>Dise\u00f1o y validaci\u00f3n de una gu\u00edade indicadores de calidad de vida para las organizaciones que prestan apoyo a personas con trastorno del espectro autista<\/strong>\u00ab<\/h3>\n<ul>\n<li><strong>T\u00edtulo de la tesis:<\/strong>\u00a0 Dise\u00f1o y validaci\u00f3n de una gu\u00edade indicadores de calidad de vida para las organizaciones que prestan apoyo a personas con trastorno del espectro autista <\/li>\n<li><strong>Autor:<\/strong>\u00a0 Jos\u00e9 Luis Cuesta G\u00f3mez <\/li>\n<li><strong>Universidad:<\/strong>\u00a0 Burgos<\/li>\n<li><strong>Fecha de lectura de la tesis:<\/strong>\u00a0 02\/07\/2008<\/li>\n<\/ul>\n<p>&nbsp;<\/p>\n<h3>Direcci\u00f3n y tribunal<\/h3>\n<ul>\n<li><strong>Director de la tesis<\/strong>\n<ul>\n<li>Raquel Casado Mu\u00f1oz<\/li>\n<\/ul>\n<\/li>\n<li><strong>Tribunal<\/strong>\n<ul>\n<li>Presidente del tribunal: Francisco javier Tejedor tejedor <\/li>\n<li>aldo Attilio epasto (vocal)<\/li>\n<li>Mar\u00eda Pallisera d\u00edaz (vocal)<\/li>\n<li>Mar\u00eda Frontera sancho (vocal)<\/li>\n<\/ul>\n<\/li>\n<\/ul>\n<p>&nbsp;<\/p>\n","protected":false},"excerpt":{"rendered":"<p>Tesis doctoral de Jos\u00e9 Luis Cuesta G\u00f3mez En los \u00faltimos a\u00f1os el enfoque y la b\u00fasqueda de la calidad de [&hellip;]<\/p>\n","protected":false},"author":1,"featured_media":0,"comment_status":"open","ping_status":"open","sticky":false,"template":"","format":"standard","meta":{"site-sidebar-layout":"default","site-content-layout":"","ast-site-content-layout":"","site-content-style":"default","site-sidebar-style":"default","ast-global-header-display":"","ast-banner-title-visibility":"","ast-main-header-display":"","ast-hfb-above-header-display":"","ast-hfb-below-header-display":"","ast-hfb-mobile-header-display":"","site-post-title":"","ast-breadcrumbs-content":"","ast-featured-img":"","footer-sml-layout":"","theme-transparent-header-meta":"","adv-header-id-meta":"","stick-header-meta":"","header-above-stick-meta":"","header-main-stick-meta":"","header-below-stick-meta":"","astra-migrate-meta-layouts":"default","ast-page-background-enabled":"default","ast-page-background-meta":{"desktop":{"background-color":"var(--ast-global-color-4)","background-image":"","background-repeat":"repeat","background-position":"center center","background-size":"auto","background-attachment":"scroll","background-type":"","background-media":"","overlay-type":"","overlay-color":"","overlay-gradient":""},"tablet":{"background-color":"","background-image":"","background-repeat":"repeat","background-position":"center center","background-size":"auto","background-attachment":"scroll","background-type":"","background-media":"","overlay-type":"","overlay-color":"","overlay-gradient":""},"mobile":{"background-color":"","background-image":"","background-repeat":"repeat","background-position":"center center","background-size":"auto","background-attachment":"scroll","background-type":"","background-media":"","overlay-type":"","overlay-color":"","overlay-gradient":""}},"ast-content-background-meta":{"desktop":{"background-color":"var(--ast-global-color-5)","background-image":"","background-repeat":"repeat","background-position":"center center","background-size":"auto","background-attachment":"scroll","background-type":"","background-media":"","overlay-type":"","overlay-color":"","overlay-gradient":""},"tablet":{"background-color":"var(--ast-global-color-5)","background-image":"","background-repeat":"repeat","background-position":"center center","background-size":"auto","background-attachment":"scroll","background-type":"","background-media":"","overlay-type":"","overlay-color":"","overlay-gradient":""},"mobile":{"background-color":"var(--ast-global-color-5)","background-image":"","background-repeat":"repeat","background-position":"center center","background-size":"auto","background-attachment":"scroll","background-type":"","background-media":"","overlay-type":"","overlay-color":"","overlay-gradient":""}},"footnotes":""},"categories":[37674,6222,2233,7611,1184],"tags":[145111,9828,145109,44448,18830,145110],"class_list":["post-65822","post","type-post","status-publish","format-standard","hentry","category-burgos","category-educacion-especial","category-metodos-pedagogicos","category-organizacion-y-direccion-de-las-instituciones-educativas","category-organizacion-y-planificacion-de-la-educacion","tag-aldo-attilio-epasto","tag-francisco-javier-tejedor-tejedor","tag-jose-luis-cuesta-gomez","tag-maria-frontera-sancho","tag-maria-pallisera-diaz","tag-raquel-casado-munoz"],"_links":{"self":[{"href":"https:\/\/www.deberes.net\/tesis\/wp-json\/wp\/v2\/posts\/65822","targetHints":{"allow":["GET"]}}],"collection":[{"href":"https:\/\/www.deberes.net\/tesis\/wp-json\/wp\/v2\/posts"}],"about":[{"href":"https:\/\/www.deberes.net\/tesis\/wp-json\/wp\/v2\/types\/post"}],"author":[{"embeddable":true,"href":"https:\/\/www.deberes.net\/tesis\/wp-json\/wp\/v2\/users\/1"}],"replies":[{"embeddable":true,"href":"https:\/\/www.deberes.net\/tesis\/wp-json\/wp\/v2\/comments?post=65822"}],"version-history":[{"count":0,"href":"https:\/\/www.deberes.net\/tesis\/wp-json\/wp\/v2\/posts\/65822\/revisions"}],"wp:attachment":[{"href":"https:\/\/www.deberes.net\/tesis\/wp-json\/wp\/v2\/media?parent=65822"}],"wp:term":[{"taxonomy":"category","embeddable":true,"href":"https:\/\/www.deberes.net\/tesis\/wp-json\/wp\/v2\/categories?post=65822"},{"taxonomy":"post_tag","embeddable":true,"href":"https:\/\/www.deberes.net\/tesis\/wp-json\/wp\/v2\/tags?post=65822"}],"curies":[{"name":"wp","href":"https:\/\/api.w.org\/{rel}","templated":true}]}}