{"id":65845,"date":"2008-02-07T00:00:00","date_gmt":"2008-02-07T00:00:00","guid":{"rendered":"https:\/\/www.deberes.net\/tesis\/sin-categoria\/los-conflictos-armados-de-occidente-en-el-cambio-de-milenio\/"},"modified":"2008-02-07T00:00:00","modified_gmt":"2008-02-07T00:00:00","slug":"los-conflictos-armados-de-occidente-en-el-cambio-de-milenio","status":"publish","type":"post","link":"https:\/\/www.deberes.net\/tesis\/actitudes-politicas\/los-conflictos-armados-de-occidente-en-el-cambio-de-milenio\/","title":{"rendered":"Los conflictos armados de occidente en el cambio de milenio"},"content":{"rendered":"<h2>Tesis doctoral de <strong> Enrique Vega Fern\u00e1ndez <\/strong><\/h2>\n<p>Los conflictos armados de occidente en el cambio de milenio   la tesis pretende comprobar la hip\u00f3tesis de que los conflictos pol\u00edticos entre el actual mundo occidental, aglutinado y sustentado por la ideolog\u00eda neoliberal de car\u00e1cter expansionista y uniformador, y determinados identitarismos de resistencia al mismo, de car\u00e1cter nacionalista, i si amista e indigenista, es lo que est\u00e1 dando forma a la sociedad internacional del actual cambio de milenio y, por tanto, a las guerras o conflictos armados y violentos y a las intervenciones militares que se dan en su seno.<\/p>\n<p>&nbsp;<\/p>\n<h3>Datos acad\u00e9micos de la tesis doctoral \u00ab<strong>Los conflictos armados de occidente en el cambio de milenio<\/strong>\u00ab<\/h3>\n<ul>\n<li><strong>T\u00edtulo de la tesis:<\/strong>\u00a0 Los conflictos armados de occidente en el cambio de milenio <\/li>\n<li><strong>Autor:<\/strong>\u00a0 Enrique Vega Fern\u00e1ndez <\/li>\n<li><strong>Universidad:<\/strong>\u00a0 Nacional de educaci\u00f3n a distancia<\/li>\n<li><strong>Fecha de lectura de la tesis:<\/strong>\u00a0 02\/07\/2008<\/li>\n<\/ul>\n<p>&nbsp;<\/p>\n<h3>Direcci\u00f3n y tribunal<\/h3>\n<ul>\n<li><strong>Director de la tesis<\/strong>\n<ul>\n<li>Jose Garcia Caneiro<\/li>\n<\/ul>\n<\/li>\n<li><strong>Tribunal<\/strong>\n<ul>\n<li>Presidente del tribunal: gustavo Su\u00e1rez pertierra <\/li>\n<li>castor D\u00edaz barrado (vocal)<\/li>\n<li>Fernando Luis Amerigo cuervo arango (vocal)<\/li>\n<li>pere Vilanova vilanova (vocal)<\/li>\n<\/ul>\n<\/li>\n<\/ul>\n<p>&nbsp;<\/p>\n","protected":false},"excerpt":{"rendered":"<p>Tesis doctoral de Enrique Vega Fern\u00e1ndez Los conflictos armados de occidente en el cambio de milenio la tesis pretende comprobar [&hellip;]<\/p>\n","protected":false},"author":1,"featured_media":0,"comment_status":"open","ping_status":"open","sticky":false,"template":"","format":"standard","meta":{"site-sidebar-layout":"default","site-content-layout":"","ast-site-content-layout":"","site-content-style":"default","site-sidebar-style":"default","ast-global-header-display":"","ast-banner-title-visibility":"","ast-main-header-display":"","ast-hfb-above-header-display":"","ast-hfb-below-header-display":"","ast-hfb-mobile-header-display":"","site-post-title":"","ast-breadcrumbs-content":"","ast-featured-img":"","footer-sml-layout":"","theme-transparent-header-meta":"","adv-header-id-meta":"","stick-header-meta":"","header-above-stick-meta":"","header-main-stick-meta":"","header-below-stick-meta":"","astra-migrate-meta-layouts":"default","ast-page-background-enabled":"default","ast-page-background-meta":{"desktop":{"background-color":"var(--ast-global-color-4)","background-image":"","background-repeat":"repeat","background-position":"center center","background-size":"auto","background-attachment":"scroll","background-type":"","background-media":"","overlay-type":"","overlay-color":"","overlay-gradient":""},"tablet":{"background-color":"","background-image":"","background-repeat":"repeat","background-position":"center center","background-size":"auto","background-attachment":"scroll","background-type":"","background-media":"","overlay-type":"","overlay-color":"","overlay-gradient":""},"mobile":{"background-color":"","background-image":"","background-repeat":"repeat","background-position":"center center","background-size":"auto","background-attachment":"scroll","background-type":"","background-media":"","overlay-type":"","overlay-color":"","overlay-gradient":""}},"ast-content-background-meta":{"desktop":{"background-color":"var(--ast-global-color-5)","background-image":"","background-repeat":"repeat","background-position":"center center","background-size":"auto","background-attachment":"scroll","background-type":"","background-media":"","overlay-type":"","overlay-color":"","overlay-gradient":""},"tablet":{"background-color":"var(--ast-global-color-5)","background-image":"","background-repeat":"repeat","background-position":"center center","background-size":"auto","background-attachment":"scroll","background-type":"","background-media":"","overlay-type":"","overlay-color":"","overlay-gradient":""},"mobile":{"background-color":"var(--ast-global-color-5)","background-image":"","background-repeat":"repeat","background-position":"center center","background-size":"auto","background-attachment":"scroll","background-type":"","background-media":"","overlay-type":"","overlay-color":"","overlay-gradient":""}},"footnotes":""},"categories":[943,24381,17070,5826],"tags":[36438,145163,145164,59062,79672,145165],"class_list":["post-65845","post","type-post","status-publish","format-standard","hentry","category-actitudes-politicas","category-conflictos-internacionales","category-nacional-de-educacion-a-distancia","category-problemas-de-las-relaciones-internacionales","tag-castor-diaz-barrado","tag-enrique-vega-fernandez","tag-fernando-luis-amerigo-cuervo-arango","tag-gustavo-suarez-pertierra","tag-jose-garcia-caneiro","tag-pere-vilanova-vilanova"],"_links":{"self":[{"href":"https:\/\/www.deberes.net\/tesis\/wp-json\/wp\/v2\/posts\/65845","targetHints":{"allow":["GET"]}}],"collection":[{"href":"https:\/\/www.deberes.net\/tesis\/wp-json\/wp\/v2\/posts"}],"about":[{"href":"https:\/\/www.deberes.net\/tesis\/wp-json\/wp\/v2\/types\/post"}],"author":[{"embeddable":true,"href":"https:\/\/www.deberes.net\/tesis\/wp-json\/wp\/v2\/users\/1"}],"replies":[{"embeddable":true,"href":"https:\/\/www.deberes.net\/tesis\/wp-json\/wp\/v2\/comments?post=65845"}],"version-history":[{"count":0,"href":"https:\/\/www.deberes.net\/tesis\/wp-json\/wp\/v2\/posts\/65845\/revisions"}],"wp:attachment":[{"href":"https:\/\/www.deberes.net\/tesis\/wp-json\/wp\/v2\/media?parent=65845"}],"wp:term":[{"taxonomy":"category","embeddable":true,"href":"https:\/\/www.deberes.net\/tesis\/wp-json\/wp\/v2\/categories?post=65845"},{"taxonomy":"post_tag","embeddable":true,"href":"https:\/\/www.deberes.net\/tesis\/wp-json\/wp\/v2\/tags?post=65845"}],"curies":[{"name":"wp","href":"https:\/\/api.w.org\/{rel}","templated":true}]}}