{"id":6585,"date":"1995-01-01T00:00:00","date_gmt":"1995-01-01T00:00:00","guid":{"rendered":"https:\/\/www.deberes.net\/tesis\/1995\/01\/01\/el-desarrollo-de-la-nocion-de-trabajo-a-traves-de-la-infancia-y-la-adolescencia\/"},"modified":"1995-01-01T00:00:00","modified_gmt":"1995-01-01T00:00:00","slug":"el-desarrollo-de-la-nocion-de-trabajo-a-traves-de-la-infancia-y-la-adolescencia","status":"publish","type":"post","link":"https:\/\/www.deberes.net\/tesis\/psicologia\/el-desarrollo-de-la-nocion-de-trabajo-a-traves-de-la-infancia-y-la-adolescencia\/","title":{"rendered":"El desarrollo de la nocion de trabajo a traves de la infancia y la adolescencia"},"content":{"rendered":"<h2>Tesis doctoral de <strong> Purificaci\u00f3n Sierra Garc\u00eda <\/strong><\/h2>\n<p>Esta tesis se enmarca en el enfoque teorico cognitivo-evolutivo, a la luz del cual se ha desarrollado un estudio sistematico sobre la evolucion de la nocion de trabajo, un aspecto de crucial importancia en la comprension de la organizacion social. En la tesis se revisan los estudios evolutivos que han tratado este aspecto del conocimiento social, asi como otros directamente relacionados con el mundo del trabajo (retribucion, jerarquia ocupacional, etc.) Es de destacar que, a pesar del auge creciente de este ambito de la investigacion, los estudios sistematicos sobre la nocion de trabajo son todavia escasos. Los datos han sido recogidos mediante entrevistas clinicas individuales a ni\u00f1os de entre 5 y 17 a\u00f1os. Hemos encontrado que la representacion de los sujetos acerca del mundo del trabajo, evoluciona no solo en la cantidad de informacion que manejan sino, fundamentalmente, en la organizacion de la misma, dando lugar a verdaderos cambios conceptuales.  a lo largo del desarrollo, los individuos pasan de basarse en aspectos observables y puntuales a tomar en cuenta procesos y relaciones ocultas. En conjunto, los resultados que hemos obtenido son coherentes con el marco teorico y las hipotesis generales de este trabajo.<\/p>\n<p>&nbsp;<\/p>\n<h3>Datos acad\u00e9micos de la tesis doctoral \u00ab<strong>El desarrollo de la nocion de trabajo a traves de la infancia y la adolescencia<\/strong>\u00ab<\/h3>\n<ul>\n<li><strong>T\u00edtulo de la tesis:<\/strong>\u00a0 El desarrollo de la nocion de trabajo a traves de la infancia y la adolescencia <\/li>\n<li><strong>Autor:<\/strong>\u00a0 Purificaci\u00f3n Sierra Garc\u00eda <\/li>\n<li><strong>Universidad:<\/strong>\u00a0 Complutense de Madrid<\/li>\n<li><strong>Fecha de lectura de la tesis:<\/strong>\u00a0 01\/01\/1995<\/li>\n<\/ul>\n<p>&nbsp;<\/p>\n<h3>Direcci\u00f3n y tribunal<\/h3>\n<ul>\n<li><strong>Director de la tesis<\/strong>\n<ul>\n<li>Ileana Enesco Arana<\/li>\n<\/ul>\n<\/li>\n<li><strong>Tribunal<\/strong>\n<ul>\n<li>Presidente del tribunal: Mar\u00eda Jos\u00e9 D\u00edaz-aguado Jal\u00f3n <\/li>\n<li> Val Merino Juan  Del (vocal)<\/li>\n<li>Mercedes Valcarce Avello (vocal)<\/li>\n<li>Cristina Del Barrio Martinez (vocal)<\/li>\n<\/ul>\n<\/li>\n<\/ul>\n<p>&nbsp;<\/p>\n","protected":false},"excerpt":{"rendered":"<p>Tesis doctoral de Purificaci\u00f3n Sierra Garc\u00eda Esta tesis se enmarca en el enfoque teorico cognitivo-evolutivo, a la luz del cual [&hellip;]<\/p>\n","protected":false},"author":1,"featured_media":0,"comment_status":"open","ping_status":"open","sticky":false,"template":"","format":"standard","meta":{"site-sidebar-layout":"default","site-content-layout":"","ast-site-content-layout":"","site-content-style":"default","site-sidebar-style":"default","ast-global-header-display":"","ast-banner-title-visibility":"","ast-main-header-display":"","ast-hfb-above-header-display":"","ast-hfb-below-header-display":"","ast-hfb-mobile-header-display":"","site-post-title":"","ast-breadcrumbs-content":"","ast-featured-img":"","footer-sml-layout":"","theme-transparent-header-meta":"","adv-header-id-meta":"","stick-header-meta":"","header-above-stick-meta":"","header-main-stick-meta":"","header-below-stick-meta":"","astra-migrate-meta-layouts":"default","ast-page-background-enabled":"default","ast-page-background-meta":{"desktop":{"background-color":"var(--ast-global-color-4)","background-image":"","background-repeat":"repeat","background-position":"center center","background-size":"auto","background-attachment":"scroll","background-type":"","background-media":"","overlay-type":"","overlay-color":"","overlay-gradient":""},"tablet":{"background-color":"","background-image":"","background-repeat":"repeat","background-position":"center center","background-size":"auto","background-attachment":"scroll","background-type":"","background-media":"","overlay-type":"","overlay-color":"","overlay-gradient":""},"mobile":{"background-color":"","background-image":"","background-repeat":"repeat","background-position":"center center","background-size":"auto","background-attachment":"scroll","background-type":"","background-media":"","overlay-type":"","overlay-color":"","overlay-gradient":""}},"ast-content-background-meta":{"desktop":{"background-color":"var(--ast-global-color-5)","background-image":"","background-repeat":"repeat","background-position":"center center","background-size":"auto","background-attachment":"scroll","background-type":"","background-media":"","overlay-type":"","overlay-color":"","overlay-gradient":""},"tablet":{"background-color":"var(--ast-global-color-5)","background-image":"","background-repeat":"repeat","background-position":"center center","background-size":"auto","background-attachment":"scroll","background-type":"","background-media":"","overlay-type":"","overlay-color":"","overlay-gradient":""},"mobile":{"background-color":"var(--ast-global-color-5)","background-image":"","background-repeat":"repeat","background-position":"center center","background-size":"auto","background-attachment":"scroll","background-type":"","background-media":"","overlay-type":"","overlay-color":"","overlay-gradient":""}},"footnotes":""},"categories":[324,970,2758],"tags":[24461,14655,24460,12439,24459,14656],"class_list":["post-6585","post","type-post","status-publish","format-standard","hentry","category-psicologia","category-psicologia-del-nino-y-del-adolescente","category-psicologia-evolutiva","tag-cristina-del-barrio-Martinez","tag-ileana-enesco-arana","tag-maria-jose-diaz-aguado-jalon","tag-mercedes-valcarce-avello","tag-purificacion-sierra-garcia","tag-val-merino-juan-del"],"_links":{"self":[{"href":"https:\/\/www.deberes.net\/tesis\/wp-json\/wp\/v2\/posts\/6585","targetHints":{"allow":["GET"]}}],"collection":[{"href":"https:\/\/www.deberes.net\/tesis\/wp-json\/wp\/v2\/posts"}],"about":[{"href":"https:\/\/www.deberes.net\/tesis\/wp-json\/wp\/v2\/types\/post"}],"author":[{"embeddable":true,"href":"https:\/\/www.deberes.net\/tesis\/wp-json\/wp\/v2\/users\/1"}],"replies":[{"embeddable":true,"href":"https:\/\/www.deberes.net\/tesis\/wp-json\/wp\/v2\/comments?post=6585"}],"version-history":[{"count":0,"href":"https:\/\/www.deberes.net\/tesis\/wp-json\/wp\/v2\/posts\/6585\/revisions"}],"wp:attachment":[{"href":"https:\/\/www.deberes.net\/tesis\/wp-json\/wp\/v2\/media?parent=6585"}],"wp:term":[{"taxonomy":"category","embeddable":true,"href":"https:\/\/www.deberes.net\/tesis\/wp-json\/wp\/v2\/categories?post=6585"},{"taxonomy":"post_tag","embeddable":true,"href":"https:\/\/www.deberes.net\/tesis\/wp-json\/wp\/v2\/tags?post=6585"}],"curies":[{"name":"wp","href":"https:\/\/api.w.org\/{rel}","templated":true}]}}