{"id":65880,"date":"2008-03-07T00:00:00","date_gmt":"2008-03-07T00:00:00","guid":{"rendered":"https:\/\/www.deberes.net\/tesis\/sin-categoria\/violencia-domestica-en-la-mujer-apurena\/"},"modified":"2008-03-07T00:00:00","modified_gmt":"2008-03-07T00:00:00","slug":"violencia-domestica-en-la-mujer-apurena","status":"publish","type":"post","link":"https:\/\/www.deberes.net\/tesis\/teoria-y-metodos-educativos\/violencia-domestica-en-la-mujer-apurena\/","title":{"rendered":"Violencia dom\u00e9stica en la mujer apure\u00f1a"},"content":{"rendered":"<h2>Tesis doctoral de <strong> Trina Yrismar Mac\u00edas Rojas <\/strong><\/h2>\n<p>El trabajo de investigaci\u00f3n se realiz\u00f3 con el fin de teorizar sobre la violencia dom\u00e9stica en la mujer del estado apure, venezuela. Se fundament\u00f3 en los referentes te\u00f3ricos de la tem\u00e1tica, asumiendo como teor\u00edas entrada, la patriarcal, el aprendizaje social, y la ecolog\u00eda social. Desde el punto de vista metodol\u00f3gico se ubica en el paradigma cualitativo, el enfoque epistemol\u00f3gico de la teor\u00eda cr\u00edtica, el m\u00e9todo etnogr\u00e1fico, con base a un estudio de caso. Se concluye que la violencia en venezuela se ha definido como la agresi\u00f3n, amenaza u ofensa ejercida sobre la mujer por el conyuge, o pareja que perjudique la integridad f\u00edsica, psicol\u00f3gica, sexual o patrimonial. As\u00ed mismo que existe una ley reciente sobre el derecho de la mujer a una vida libre de violencia (2007), que regula materia. En relaci\u00f3n al trabajo de campo se estableci\u00f3 que en las mujeres caso de estudio predomina el tipo de violencia psicol\u00f3gico sobre el sexual y f\u00edsico. As\u00ed como que es independiente de las condiciones sociodemogr\u00e1ficas y se asocia m\u00e1s con las culturales en cuanto al car\u00e1cter del hombre y la reacci\u00f3n de la mujer frente al problema. Se recomienda atender la situaci\u00f3n a trav\u00e9s de un proceso educativo que incorpore el amor, como elemento fundamental de prevenci\u00f3n.<\/p>\n<p>&nbsp;<\/p>\n<h3>Datos acad\u00e9micos de la tesis doctoral \u00ab<strong>Violencia dom\u00e9stica en la mujer apure\u00f1a<\/strong>\u00ab<\/h3>\n<ul>\n<li><strong>T\u00edtulo de la tesis:<\/strong>\u00a0 Violencia dom\u00e9stica en la mujer apure\u00f1a <\/li>\n<li><strong>Autor:<\/strong>\u00a0 Trina Yrismar Mac\u00edas Rojas <\/li>\n<li><strong>Universidad:<\/strong>\u00a0 M\u00e1laga<\/li>\n<li><strong>Fecha de lectura de la tesis:<\/strong>\u00a0 03\/07\/2008<\/li>\n<\/ul>\n<p>&nbsp;<\/p>\n<h3>Direcci\u00f3n y tribunal<\/h3>\n<ul>\n<li><strong>Director de la tesis<\/strong>\n<ul>\n<li>Miguel De Aguilera Moyano<\/li>\n<\/ul>\n<\/li>\n<li><strong>Tribunal<\/strong>\n<ul>\n<li>Presidente del tribunal: Francisco Martos perales <\/li>\n<li>Jos\u00e9 Manuel Rios ariza (vocal)<\/li>\n<li>Ana Mar\u00eda Prieto del pino (vocal)<\/li>\n<li>manuela Barcia moreno (vocal)<\/li>\n<\/ul>\n<\/li>\n<\/ul>\n<p>&nbsp;<\/p>\n","protected":false},"excerpt":{"rendered":"<p>Tesis doctoral de Trina Yrismar Mac\u00edas Rojas El trabajo de investigaci\u00f3n se realiz\u00f3 con el fin de teorizar sobre la [&hellip;]<\/p>\n","protected":false},"author":1,"featured_media":0,"comment_status":"open","ping_status":"open","sticky":false,"template":"","format":"standard","meta":{"site-sidebar-layout":"default","site-content-layout":"","ast-site-content-layout":"","site-content-style":"default","site-sidebar-style":"default","ast-global-header-display":"","ast-banner-title-visibility":"","ast-main-header-display":"","ast-hfb-above-header-display":"","ast-hfb-below-header-display":"","ast-hfb-mobile-header-display":"","site-post-title":"","ast-breadcrumbs-content":"","ast-featured-img":"","footer-sml-layout":"","theme-transparent-header-meta":"","adv-header-id-meta":"","stick-header-meta":"","header-above-stick-meta":"","header-main-stick-meta":"","header-below-stick-meta":"","astra-migrate-meta-layouts":"default","ast-page-background-enabled":"default","ast-page-background-meta":{"desktop":{"background-color":"var(--ast-global-color-4)","background-image":"","background-repeat":"repeat","background-position":"center center","background-size":"auto","background-attachment":"scroll","background-type":"","background-media":"","overlay-type":"","overlay-color":"","overlay-gradient":""},"tablet":{"background-color":"","background-image":"","background-repeat":"repeat","background-position":"center center","background-size":"auto","background-attachment":"scroll","background-type":"","background-media":"","overlay-type":"","overlay-color":"","overlay-gradient":""},"mobile":{"background-color":"","background-image":"","background-repeat":"repeat","background-position":"center center","background-size":"auto","background-attachment":"scroll","background-type":"","background-media":"","overlay-type":"","overlay-color":"","overlay-gradient":""}},"ast-content-background-meta":{"desktop":{"background-color":"var(--ast-global-color-5)","background-image":"","background-repeat":"repeat","background-position":"center center","background-size":"auto","background-attachment":"scroll","background-type":"","background-media":"","overlay-type":"","overlay-color":"","overlay-gradient":""},"tablet":{"background-color":"var(--ast-global-color-5)","background-image":"","background-repeat":"repeat","background-position":"center center","background-size":"auto","background-attachment":"scroll","background-type":"","background-media":"","overlay-type":"","overlay-color":"","overlay-gradient":""},"mobile":{"background-color":"var(--ast-global-color-5)","background-image":"","background-repeat":"repeat","background-position":"center center","background-size":"auto","background-attachment":"scroll","background-type":"","background-media":"","overlay-type":"","overlay-color":"","overlay-gradient":""}},"footnotes":""},"categories":[6217,6025,7834,3621,1341],"tags":[145233,76521,57191,54751,5319,145232],"class_list":["post-65880","post","type-post","status-publish","format-standard","hentry","category-cambio-y-desarrollo-social","category-estudio-psicologico-de-cuestiones-sociales","category-malaga","category-organizacion-juridica","category-teoria-y-metodos-educativos","tag-ana-maria-prieto-del-pino","tag-francisco-martos-perales","tag-jose-manuel-rios-ariza","tag-manuela-barcia-moreno","tag-miguel-de-aguilera-moyano","tag-trina-yrismar-macias-rojas"],"_links":{"self":[{"href":"https:\/\/www.deberes.net\/tesis\/wp-json\/wp\/v2\/posts\/65880","targetHints":{"allow":["GET"]}}],"collection":[{"href":"https:\/\/www.deberes.net\/tesis\/wp-json\/wp\/v2\/posts"}],"about":[{"href":"https:\/\/www.deberes.net\/tesis\/wp-json\/wp\/v2\/types\/post"}],"author":[{"embeddable":true,"href":"https:\/\/www.deberes.net\/tesis\/wp-json\/wp\/v2\/users\/1"}],"replies":[{"embeddable":true,"href":"https:\/\/www.deberes.net\/tesis\/wp-json\/wp\/v2\/comments?post=65880"}],"version-history":[{"count":0,"href":"https:\/\/www.deberes.net\/tesis\/wp-json\/wp\/v2\/posts\/65880\/revisions"}],"wp:attachment":[{"href":"https:\/\/www.deberes.net\/tesis\/wp-json\/wp\/v2\/media?parent=65880"}],"wp:term":[{"taxonomy":"category","embeddable":true,"href":"https:\/\/www.deberes.net\/tesis\/wp-json\/wp\/v2\/categories?post=65880"},{"taxonomy":"post_tag","embeddable":true,"href":"https:\/\/www.deberes.net\/tesis\/wp-json\/wp\/v2\/tags?post=65880"}],"curies":[{"name":"wp","href":"https:\/\/api.w.org\/{rel}","templated":true}]}}