{"id":65941,"date":"2008-04-07T00:00:00","date_gmt":"2008-04-07T00:00:00","guid":{"rendered":"https:\/\/www.deberes.net\/tesis\/sin-categoria\/la-obra-piana%c2%adstica-de-carlos-palacio-y-su-entorno-social\/"},"modified":"2008-04-07T00:00:00","modified_gmt":"2008-04-07T00:00:00","slug":"la-obra-piana%c2%adstica-de-carlos-palacio-y-su-entorno-social","status":"publish","type":"post","link":"https:\/\/www.deberes.net\/tesis\/preparacion-de-profesores\/la-obra-piana%c2%adstica-de-carlos-palacio-y-su-entorno-social\/","title":{"rendered":"La obra pian\u00edstica de carlos palacio y su entorno social"},"content":{"rendered":"<h2>Tesis doctoral de <strong> Mar\u00eda Jos\u00e9 Carrillo Crespo <\/strong><\/h2>\n<p>El objetivo principal de esta tesis es analizar la obra pian\u00edstica de carlos palacio la cual se ha dividido en dos grandes bloques, 1\u00c2\u00ba biogr\u00e1fico en el cual se enmarca la figura del compositor; 2\u00c2\u00ba de investigaci\u00f3n cuyo material es su obra pian\u00edstica e incluyen un anexo con digitaci\u00f3n de partituras pian\u00edsticas, discograf\u00eda, programas cr\u00edticas y rese\u00f1as, cartas y escritos oficiales y bibliograf\u00eda.<\/p>\n<p>&nbsp;<\/p>\n<h3>Datos acad\u00e9micos de la tesis doctoral \u00ab<strong>La obra pian\u00edstica de carlos palacio y su entorno social<\/strong>\u00ab<\/h3>\n<ul>\n<li><strong>T\u00edtulo de la tesis:<\/strong>\u00a0 La obra pian\u00edstica de carlos palacio y su entorno social <\/li>\n<li><strong>Autor:<\/strong>\u00a0 Mar\u00eda Jos\u00e9 Carrillo Crespo <\/li>\n<li><strong>Universidad:<\/strong>\u00a0 Alicante<\/li>\n<li><strong>Fecha de lectura de la tesis:<\/strong>\u00a0 04\/07\/2008<\/li>\n<\/ul>\n<p>&nbsp;<\/p>\n<h3>Direcci\u00f3n y tribunal<\/h3>\n<ul>\n<li><strong>Director de la tesis<\/strong>\n<ul>\n<li>Emilio Soler Pascual<\/li>\n<\/ul>\n<\/li>\n<li><strong>Tribunal<\/strong>\n<ul>\n<li>Presidente del tribunal: Luis Miguel Villar angulo <\/li>\n<li>concepci\u00f3n Dom\u00ednguez (vocal)<\/li>\n<li>david Bernabe gil (vocal)<\/li>\n<li>Antonio Medina rivilla (vocal)<\/li>\n<\/ul>\n<\/li>\n<\/ul>\n<p>&nbsp;<\/p>\n","protected":false},"excerpt":{"rendered":"<p>Tesis doctoral de Mar\u00eda Jos\u00e9 Carrillo Crespo El objetivo principal de esta tesis es analizar la obra pian\u00edstica de carlos [&hellip;]<\/p>\n","protected":false},"author":1,"featured_media":0,"comment_status":"open","ping_status":"open","sticky":false,"template":"","format":"standard","meta":{"site-sidebar-layout":"default","site-content-layout":"","ast-site-content-layout":"","site-content-style":"default","site-sidebar-style":"default","ast-global-header-display":"","ast-banner-title-visibility":"","ast-main-header-display":"","ast-hfb-above-header-display":"","ast-hfb-below-header-display":"","ast-hfb-mobile-header-display":"","site-post-title":"","ast-breadcrumbs-content":"","ast-featured-img":"","footer-sml-layout":"","theme-transparent-header-meta":"","adv-header-id-meta":"","stick-header-meta":"","header-above-stick-meta":"","header-main-stick-meta":"","header-below-stick-meta":"","astra-migrate-meta-layouts":"default","ast-page-background-enabled":"default","ast-page-background-meta":{"desktop":{"background-color":"var(--ast-global-color-4)","background-image":"","background-repeat":"repeat","background-position":"center center","background-size":"auto","background-attachment":"scroll","background-type":"","background-media":"","overlay-type":"","overlay-color":"","overlay-gradient":""},"tablet":{"background-color":"","background-image":"","background-repeat":"repeat","background-position":"center center","background-size":"auto","background-attachment":"scroll","background-type":"","background-media":"","overlay-type":"","overlay-color":"","overlay-gradient":""},"mobile":{"background-color":"","background-image":"","background-repeat":"repeat","background-position":"center center","background-size":"auto","background-attachment":"scroll","background-type":"","background-media":"","overlay-type":"","overlay-color":"","overlay-gradient":""}},"ast-content-background-meta":{"desktop":{"background-color":"var(--ast-global-color-5)","background-image":"","background-repeat":"repeat","background-position":"center center","background-size":"auto","background-attachment":"scroll","background-type":"","background-media":"","overlay-type":"","overlay-color":"","overlay-gradient":""},"tablet":{"background-color":"var(--ast-global-color-5)","background-image":"","background-repeat":"repeat","background-position":"center center","background-size":"auto","background-attachment":"scroll","background-type":"","background-media":"","overlay-type":"","overlay-color":"","overlay-gradient":""},"mobile":{"background-color":"var(--ast-global-color-5)","background-image":"","background-repeat":"repeat","background-position":"center center","background-size":"auto","background-attachment":"scroll","background-type":"","background-media":"","overlay-type":"","overlay-color":"","overlay-gradient":""}},"footnotes":""},"categories":[19166,13274,9132,1288,11958],"tags":[6213,145353,144849,145352,17209,145351],"class_list":["post-65941","post","type-post","status-publish","format-standard","hentry","category-alicante","category-leyes-del-aprendizaje","category-musica-y-musicologia","category-preparacion-de-profesores","category-teorias-educativas","tag-antonio-medina-rivilla","tag-concepcion-dominguez","tag-david-bernabe-gil","tag-emilio-soler-pascual","tag-luis-miguel-villar-angulo","tag-maria-jose-carrillo-crespo"],"_links":{"self":[{"href":"https:\/\/www.deberes.net\/tesis\/wp-json\/wp\/v2\/posts\/65941","targetHints":{"allow":["GET"]}}],"collection":[{"href":"https:\/\/www.deberes.net\/tesis\/wp-json\/wp\/v2\/posts"}],"about":[{"href":"https:\/\/www.deberes.net\/tesis\/wp-json\/wp\/v2\/types\/post"}],"author":[{"embeddable":true,"href":"https:\/\/www.deberes.net\/tesis\/wp-json\/wp\/v2\/users\/1"}],"replies":[{"embeddable":true,"href":"https:\/\/www.deberes.net\/tesis\/wp-json\/wp\/v2\/comments?post=65941"}],"version-history":[{"count":0,"href":"https:\/\/www.deberes.net\/tesis\/wp-json\/wp\/v2\/posts\/65941\/revisions"}],"wp:attachment":[{"href":"https:\/\/www.deberes.net\/tesis\/wp-json\/wp\/v2\/media?parent=65941"}],"wp:term":[{"taxonomy":"category","embeddable":true,"href":"https:\/\/www.deberes.net\/tesis\/wp-json\/wp\/v2\/categories?post=65941"},{"taxonomy":"post_tag","embeddable":true,"href":"https:\/\/www.deberes.net\/tesis\/wp-json\/wp\/v2\/tags?post=65941"}],"curies":[{"name":"wp","href":"https:\/\/api.w.org\/{rel}","templated":true}]}}