{"id":65987,"date":"2008-05-07T00:00:00","date_gmt":"2008-05-07T00:00:00","guid":{"rendered":"https:\/\/www.deberes.net\/tesis\/sin-categoria\/la-gestion-de-la-dimension-intercultural-en-la-formacion-didactica-del-profesorado-de-lenguas-extranjeras-el-caso-de-los-contextos-universitarios-de-formacion-inicial\/"},"modified":"2008-05-07T00:00:00","modified_gmt":"2008-05-07T00:00:00","slug":"la-gestion-de-la-dimension-intercultural-en-la-formacion-didactica-del-profesorado-de-lenguas-extranjeras-el-caso-de-los-contextos-universitarios-de-formacion-inicial","status":"publish","type":"post","link":"https:\/\/www.deberes.net\/tesis\/lengua-y-literatura\/la-gestion-de-la-dimension-intercultural-en-la-formacion-didactica-del-profesorado-de-lenguas-extranjeras-el-caso-de-los-contextos-universitarios-de-formacion-inicial\/","title":{"rendered":"La gesti\u00f3n de la dimensi\u00f3n intercultural en la formaci\u00f3n did\u00e1ctica del profesorado de lenguas extranjeras: el caso de los contextos universitarios de formaci\u00f3n inicial"},"content":{"rendered":"<h2>Tesis doctoral de <strong> Paloma Castro Prieto <\/strong><\/h2>\n<p>La gesti\u00f3n de la dimensi\u00f3n intercultural en la formaci\u00f3n did\u00e1ctica del profesorado de lenguas extranjeras: el caso de los contextos universitarios de formaci\u00f3n inicial<\/p>\n<p>&nbsp;<\/p>\n<h3>Datos acad\u00e9micos de la tesis doctoral \u00ab<strong>La gesti\u00f3n de la dimensi\u00f3n intercultural en la formaci\u00f3n did\u00e1ctica del profesorado de lenguas extranjeras: el caso de los contextos universitarios de formaci\u00f3n inicial<\/strong>\u00ab<\/h3>\n<ul>\n<li><strong>T\u00edtulo de la tesis:<\/strong>\u00a0 La gesti\u00f3n de la dimensi\u00f3n intercultural en la formaci\u00f3n did\u00e1ctica del profesorado de lenguas extranjeras: el caso de los contextos universitarios de formaci\u00f3n inicial <\/li>\n<li><strong>Autor:<\/strong>\u00a0 Paloma Castro Prieto <\/li>\n<li><strong>Universidad:<\/strong>\u00a0 Valladolid<\/li>\n<li><strong>Fecha de lectura de la tesis:<\/strong>\u00a0 05\/07\/2008<\/li>\n<\/ul>\n<p>&nbsp;<\/p>\n<h3>Direcci\u00f3n y tribunal<\/h3>\n<ul>\n<li><strong>Director de la tesis<\/strong>\n<ul>\n<li>Carmen Guillen Diaz<\/li>\n<\/ul>\n<\/li>\n<li><strong>Tribunal<\/strong>\n<ul>\n<li>Presidente del tribunal: m. Jes\u00fas (secretario) Santos maldonado <\/li>\n<li>  (vocal)<\/li>\n<li>  (vocal)<\/li>\n<li>  (vocal)<\/li>\n<\/ul>\n<\/li>\n<\/ul>\n<p>&nbsp;<\/p>\n","protected":false},"excerpt":{"rendered":"<p>Tesis doctoral de Paloma Castro Prieto La gesti\u00f3n de la dimensi\u00f3n intercultural en la formaci\u00f3n did\u00e1ctica del profesorado de lenguas [&hellip;]<\/p>\n","protected":false},"author":1,"featured_media":0,"comment_status":"open","ping_status":"open","sticky":false,"template":"","format":"standard","meta":{"site-sidebar-layout":"default","site-content-layout":"","ast-site-content-layout":"","site-content-style":"default","site-sidebar-style":"default","ast-global-header-display":"","ast-banner-title-visibility":"","ast-main-header-display":"","ast-hfb-above-header-display":"","ast-hfb-below-header-display":"","ast-hfb-mobile-header-display":"","site-post-title":"","ast-breadcrumbs-content":"","ast-featured-img":"","footer-sml-layout":"","theme-transparent-header-meta":"","adv-header-id-meta":"","stick-header-meta":"","header-above-stick-meta":"","header-main-stick-meta":"","header-below-stick-meta":"","astra-migrate-meta-layouts":"default","ast-page-background-enabled":"default","ast-page-background-meta":{"desktop":{"background-color":"var(--ast-global-color-4)","background-image":"","background-repeat":"repeat","background-position":"center center","background-size":"auto","background-attachment":"scroll","background-type":"","background-media":"","overlay-type":"","overlay-color":"","overlay-gradient":""},"tablet":{"background-color":"","background-image":"","background-repeat":"repeat","background-position":"center center","background-size":"auto","background-attachment":"scroll","background-type":"","background-media":"","overlay-type":"","overlay-color":"","overlay-gradient":""},"mobile":{"background-color":"","background-image":"","background-repeat":"repeat","background-position":"center center","background-size":"auto","background-attachment":"scroll","background-type":"","background-media":"","overlay-type":"","overlay-color":"","overlay-gradient":""}},"ast-content-background-meta":{"desktop":{"background-color":"var(--ast-global-color-5)","background-image":"","background-repeat":"repeat","background-position":"center center","background-size":"auto","background-attachment":"scroll","background-type":"","background-media":"","overlay-type":"","overlay-color":"","overlay-gradient":""},"tablet":{"background-color":"var(--ast-global-color-5)","background-image":"","background-repeat":"repeat","background-position":"center center","background-size":"auto","background-attachment":"scroll","background-type":"","background-media":"","overlay-type":"","overlay-color":"","overlay-gradient":""},"mobile":{"background-color":"var(--ast-global-color-5)","background-image":"","background-repeat":"repeat","background-position":"center center","background-size":"auto","background-attachment":"scroll","background-type":"","background-media":"","overlay-type":"","overlay-color":"","overlay-gradient":""}},"footnotes":""},"categories":[636,12451],"tags":[27713,145452,145451],"class_list":["post-65987","post","type-post","status-publish","format-standard","hentry","category-lengua-y-literatura","category-valladolid","tag-carmen-guillen-diaz","tag-m-jesus-secretario-santos-maldonado","tag-paloma-castro-prieto"],"_links":{"self":[{"href":"https:\/\/www.deberes.net\/tesis\/wp-json\/wp\/v2\/posts\/65987","targetHints":{"allow":["GET"]}}],"collection":[{"href":"https:\/\/www.deberes.net\/tesis\/wp-json\/wp\/v2\/posts"}],"about":[{"href":"https:\/\/www.deberes.net\/tesis\/wp-json\/wp\/v2\/types\/post"}],"author":[{"embeddable":true,"href":"https:\/\/www.deberes.net\/tesis\/wp-json\/wp\/v2\/users\/1"}],"replies":[{"embeddable":true,"href":"https:\/\/www.deberes.net\/tesis\/wp-json\/wp\/v2\/comments?post=65987"}],"version-history":[{"count":0,"href":"https:\/\/www.deberes.net\/tesis\/wp-json\/wp\/v2\/posts\/65987\/revisions"}],"wp:attachment":[{"href":"https:\/\/www.deberes.net\/tesis\/wp-json\/wp\/v2\/media?parent=65987"}],"wp:term":[{"taxonomy":"category","embeddable":true,"href":"https:\/\/www.deberes.net\/tesis\/wp-json\/wp\/v2\/categories?post=65987"},{"taxonomy":"post_tag","embeddable":true,"href":"https:\/\/www.deberes.net\/tesis\/wp-json\/wp\/v2\/tags?post=65987"}],"curies":[{"name":"wp","href":"https:\/\/api.w.org\/{rel}","templated":true}]}}