{"id":66130,"date":"2008-10-07T00:00:00","date_gmt":"2008-10-07T00:00:00","guid":{"rendered":"https:\/\/www.deberes.net\/tesis\/sin-categoria\/la-ortografa%c2%ada-latina-en-la-baja-edad-media\/"},"modified":"2008-10-07T00:00:00","modified_gmt":"2008-10-07T00:00:00","slug":"la-ortografa%c2%ada-latina-en-la-baja-edad-media","status":"publish","type":"post","link":"https:\/\/www.deberes.net\/tesis\/ortografia\/la-ortografa%c2%ada-latina-en-la-baja-edad-media\/","title":{"rendered":"La ortograf\u00edalatina en la baja edad media"},"content":{"rendered":"<h2>Tesis doctoral de <strong> Florencia Cuadra Garc\u00eda <\/strong><\/h2>\n<p>Decidimos elaborar esta tesis doctoral con la intenci\u00f3n de aportar un punto de luz a la historia de la ortograf\u00eda latina, profundizando en la baja edad media, de manera especial en los siglos xii-xiii, \u00e9poca que consideramos tan poco estudiada como importante hilo conductor y de uni\u00f3n entre las dem\u00e1s. hemos contado para ello con el apoyo fundamental de los textos encontrados en dos c\u00f3dices, que a modo de anticipo, apuntamos que son in\u00e9ditos y que se ubican en dos bibliotecas espa\u00f1olas, la colombina de sevilla (c\u00f3dice 5-4-32) y la real biblioteca del escorial (c\u00f3dice v. Ii 10), pero cuyo contenido est\u00e1 muy relacionado. el estudio, por tanto, de las obras que contienen estos manuscritos y sus autores, como apoyo a la situaci\u00f3n a la situaci\u00f3n de la ortograf\u00eda de los siglos xii-xiii, es el objetivo prioritario de esta tesis. Se mencionan adem\u00e1s los antecedentes y pervivencia, junto con otros apartados espec\u00edficos que hemos sintetizado en el \u00edndice. Pero, previamente, tambi\u00e9n hemos trazado un esbozo de unas nociones de la gram\u00e1tica y sus partes, con atenci\u00f3n especial a la edad media, y la relaci\u00f3n de la ortograf\u00eda con cada una de ellas. por todo ello, el estudio de la ortograf\u00eda de estos siglos bajomedievales, apenas estudiados, y los textos que damos a conocer, por un lado, in\u00e9ditos y \u00fanicos de estas caracter\u00edsticas en esta \u00e9poca, entre ellos el tratado completo de ortograf\u00eda de parisio de altedo, y por otro, ubicados ambos c\u00f3dices en bibliotecas espa\u00f1olas, lo que supone una aportaci\u00f3n para dar a conocer parte de los importantes fondos manuscritos que se encuentran repartidos por nuestra pen\u00ednsula, consideramos que avalan y justifican suficientemente la elaboraci\u00f3n de este trabajo. para llevar a cabo este objetivo marcado, hemos utilizado una metodolog\u00eda basada en el an\u00e1lisis de una \u00e9poca determinada utilizando varias v\u00edas, mediante la recopilaci\u00f3n y el an\u00e1lisis de todo tipo de fuentes documentales y librarias, que nos ha posibilitado elaborar este tipo de estudio, que pensamos necesario, dada la escasez de trabajos sobre ortograf\u00eda latina medieval, y que adem\u00e1s puede servir no s\u00f3lo de punto de partida o enlace para el estudio de otras \u00e9pocas de la lengua latina, sino que tambi\u00e9n puede constituir un punto de referencia para los estudiosos de la ortograf\u00eda en otra lenguas, y de manera especial, de la lengua espa\u00f1ola.<\/p>\n<p>&nbsp;<\/p>\n<h3>Datos acad\u00e9micos de la tesis doctoral \u00ab<strong>La ortograf\u00edalatina en la baja edad media<\/strong>\u00ab<\/h3>\n<ul>\n<li><strong>T\u00edtulo de la tesis:<\/strong>\u00a0 La ortograf\u00edalatina en la baja edad media <\/li>\n<li><strong>Autor:<\/strong>\u00a0 Florencia Cuadra Garc\u00eda <\/li>\n<li><strong>Universidad:<\/strong>\u00a0 Nacional de educaci\u00f3n a distancia<\/li>\n<li><strong>Fecha de lectura de la tesis:<\/strong>\u00a0 10\/07\/2008<\/li>\n<\/ul>\n<p>&nbsp;<\/p>\n<h3>Direcci\u00f3n y tribunal<\/h3>\n<ul>\n<li><strong>Director de la tesis<\/strong>\n<ul>\n<li>Matilde Conde Salazar<\/li>\n<\/ul>\n<\/li>\n<li><strong>Tribunal<\/strong>\n<ul>\n<li>Presidente del tribunal: Antonio Moreno hern\u00e1ndez <\/li>\n<li>M\u00aa Luisa Arribas hern\u00e1ez (vocal)<\/li>\n<li>vicente Calvo fernandez (vocal)<\/li>\n<li>Jos\u00e9 Antonio Puentes romay (vocal)<\/li>\n<\/ul>\n<\/li>\n<\/ul>\n<p>&nbsp;<\/p>\n","protected":false},"excerpt":{"rendered":"<p>Tesis doctoral de Florencia Cuadra Garc\u00eda Decidimos elaborar esta tesis doctoral con la intenci\u00f3n de aportar un punto de luz [&hellip;]<\/p>\n","protected":false},"author":1,"featured_media":0,"comment_status":"open","ping_status":"open","sticky":false,"template":"","format":"standard","meta":{"site-sidebar-layout":"default","site-content-layout":"","ast-site-content-layout":"","site-content-style":"default","site-sidebar-style":"default","ast-global-header-display":"","ast-banner-title-visibility":"","ast-main-header-display":"","ast-hfb-above-header-display":"","ast-hfb-below-header-display":"","ast-hfb-mobile-header-display":"","site-post-title":"","ast-breadcrumbs-content":"","ast-featured-img":"","footer-sml-layout":"","theme-transparent-header-meta":"","adv-header-id-meta":"","stick-header-meta":"","header-above-stick-meta":"","header-main-stick-meta":"","header-below-stick-meta":"","astra-migrate-meta-layouts":"default","ast-page-background-enabled":"default","ast-page-background-meta":{"desktop":{"background-color":"var(--ast-global-color-4)","background-image":"","background-repeat":"repeat","background-position":"center center","background-size":"auto","background-attachment":"scroll","background-type":"","background-media":"","overlay-type":"","overlay-color":"","overlay-gradient":""},"tablet":{"background-color":"","background-image":"","background-repeat":"repeat","background-position":"center center","background-size":"auto","background-attachment":"scroll","background-type":"","background-media":"","overlay-type":"","overlay-color":"","overlay-gradient":""},"mobile":{"background-color":"","background-image":"","background-repeat":"repeat","background-position":"center center","background-size":"auto","background-attachment":"scroll","background-type":"","background-media":"","overlay-type":"","overlay-color":"","overlay-gradient":""}},"ast-content-background-meta":{"desktop":{"background-color":"var(--ast-global-color-5)","background-image":"","background-repeat":"repeat","background-position":"center center","background-size":"auto","background-attachment":"scroll","background-type":"","background-media":"","overlay-type":"","overlay-color":"","overlay-gradient":""},"tablet":{"background-color":"var(--ast-global-color-5)","background-image":"","background-repeat":"repeat","background-position":"center center","background-size":"auto","background-attachment":"scroll","background-type":"","background-media":"","overlay-type":"","overlay-color":"","overlay-gradient":""},"mobile":{"background-color":"var(--ast-global-color-5)","background-image":"","background-repeat":"repeat","background-position":"center center","background-size":"auto","background-attachment":"scroll","background-type":"","background-media":"","overlay-type":"","overlay-color":"","overlay-gradient":""}},"footnotes":""},"categories":[17070,12596],"tags":[23826,145749,145751,133225,74703,145750],"class_list":["post-66130","post","type-post","status-publish","format-standard","hentry","category-nacional-de-educacion-a-distancia","category-ortografia","tag-antonio-moreno-hernandez","tag-florencia-cuadra-garcia","tag-jose-antonio-puentes-romay","tag-matilde-conde-salazar","tag-ma-luisa-arribas-hernaez","tag-vicente-calvo-fernandez"],"_links":{"self":[{"href":"https:\/\/www.deberes.net\/tesis\/wp-json\/wp\/v2\/posts\/66130","targetHints":{"allow":["GET"]}}],"collection":[{"href":"https:\/\/www.deberes.net\/tesis\/wp-json\/wp\/v2\/posts"}],"about":[{"href":"https:\/\/www.deberes.net\/tesis\/wp-json\/wp\/v2\/types\/post"}],"author":[{"embeddable":true,"href":"https:\/\/www.deberes.net\/tesis\/wp-json\/wp\/v2\/users\/1"}],"replies":[{"embeddable":true,"href":"https:\/\/www.deberes.net\/tesis\/wp-json\/wp\/v2\/comments?post=66130"}],"version-history":[{"count":0,"href":"https:\/\/www.deberes.net\/tesis\/wp-json\/wp\/v2\/posts\/66130\/revisions"}],"wp:attachment":[{"href":"https:\/\/www.deberes.net\/tesis\/wp-json\/wp\/v2\/media?parent=66130"}],"wp:term":[{"taxonomy":"category","embeddable":true,"href":"https:\/\/www.deberes.net\/tesis\/wp-json\/wp\/v2\/categories?post=66130"},{"taxonomy":"post_tag","embeddable":true,"href":"https:\/\/www.deberes.net\/tesis\/wp-json\/wp\/v2\/tags?post=66130"}],"curies":[{"name":"wp","href":"https:\/\/api.w.org\/{rel}","templated":true}]}}