{"id":66174,"date":"2008-11-07T00:00:00","date_gmt":"2008-11-07T00:00:00","guid":{"rendered":"https:\/\/www.deberes.net\/tesis\/sin-categoria\/autismo-infantil-implicaciones-en-el-tratamiento-odontopediatrico\/"},"modified":"2008-11-07T00:00:00","modified_gmt":"2008-11-07T00:00:00","slug":"autismo-infantil-implicaciones-en-el-tratamiento-odontopediatrico","status":"publish","type":"post","link":"https:\/\/www.deberes.net\/tesis\/sin-categoria\/autismo-infantil-implicaciones-en-el-tratamiento-odontopediatrico\/","title":{"rendered":"Autismo infantil: implicaciones en el tratamiento odontopedi\u00e1trico."},"content":{"rendered":"<h2>Tesis doctoral de <strong> Eva Mar\u00eda Martinez P\u00e9rez <\/strong><\/h2>\n<p>Null el autismo es un s\u00edndrome de la ni\u00f1ez, considerado por algunos como la enfermedad mental m\u00e1s incapacitante y extra\u00f1a del ser humano. Se caracteriza, fundamentalmente, por un complejo desorden del lenguaje y de la socializaci\u00f3n, desarrollo de rituales  compulsivos persistentes y resistencia al cambio. Tras un an\u00e1lisis del estado actual del tema, se plantea la siguiente hip\u00f3tesis: \u00c2\u00bflas caracter\u00edsticas psicol\u00f3gicas y bucodentales del ni\u00f1o con trastorno autista constituyen un problema de salud oral s usceptible de intervenci\u00f3n espec\u00edfica? El objetivo general del presente trabajo es acercar los procedimientos odontopedi\u00e1tricos al ni\u00f1o que padece trastorno autista, teniendo en cuenta no s\u00f3lo el estudio de las necesidades bucodentales en s\u00ed, sino ta mbi\u00e9n la posibilidad de desarrollar t\u00e9cnicas especiales de control del comportamiento para la aceptaci\u00f3n de la intervenci\u00f3n cl\u00ednica. Con este objetivo, se desarrollan los protocolos de desensibilizaci\u00f3n previa, en colaboraci\u00f3n con un centro de educac i\u00f3n especial y se analiza la influencia de las distintas variables en los resultados del estudio. As\u00ed mismo, se realiza el an\u00e1lisis de la situaci\u00f3n bucodental de los ni\u00f1os de la muestra. Seg\u00fan los resultados de nuestro estudio, para favorecer la real izaci\u00f3n de los procedimientos odontopedi\u00e1tricos, se har\u00eda imprescindible la aplicaci\u00f3n de sesiones de desensibilizaci\u00f3n previa a la realizaci\u00f3n de cualquier procedimiento cl\u00ednico, integrando dentro de los protocolos habituales de los centros de educa ci\u00f3n especial, programas espec\u00edficos para el cuidado y mantenimiento de la salud bucal del paciente autista. Coincidiendo con otros autores, los resultados de nuestro estudio nos pueden llevar a afirmar que, en general, los ni\u00f1os con trastorno autist a no presentan una patolog\u00eda bucodental espec\u00edfica, asociada a dicho s\u00edndrome aunque los resultados de la encuesta aplicada en la presente investigaci\u00f3n ya hac\u00edan referencia a una serie de h\u00e1bitos potencialmente incompatibles con un adecuado nivel de  salud bucal. Concluimos en la importancia de la realizaci\u00f3n de futuras investigaciones en este \u00e1mbito de la odontopediatr\u00eda para mejorar la salud bucal de los ni\u00f1os con trastorno autista.<\/p>\n<p>&nbsp;<\/p>\n<h3>Datos acad\u00e9micos de la tesis doctoral \u00ab<strong>Autismo infantil: implicaciones en el tratamiento odontopedi\u00e1trico.<\/strong>\u00ab<\/h3>\n<ul>\n<li><strong>T\u00edtulo de la tesis:<\/strong>\u00a0 Autismo infantil: implicaciones en el tratamiento odontopedi\u00e1trico. <\/li>\n<li><strong>Autor:<\/strong>\u00a0 Eva Mar\u00eda Martinez P\u00e9rez <\/li>\n<li><strong>Universidad:<\/strong>\u00a0 Complutense de Madrid<\/li>\n<li><strong>Fecha de lectura de la tesis:<\/strong>\u00a0 11\/07\/2008<\/li>\n<\/ul>\n<p>&nbsp;<\/p>\n<h3>Direcci\u00f3n y tribunal<\/h3>\n<ul>\n<li><strong>Director de la tesis<\/strong>\n<ul>\n<li>Paloma Planells Del Pozo<\/li>\n<\/ul>\n<\/li>\n<li><strong>Tribunal<\/strong>\n<ul>\n<li>Presidente del tribunal: m\u00f3nica  (secretario) Miegimolle herrero <\/li>\n<li>  (vocal)<\/li>\n<li>  (vocal)<\/li>\n<li>  (vocal)<\/li>\n<\/ul>\n<\/li>\n<\/ul>\n<p>&nbsp;<\/p>\n","protected":false},"excerpt":{"rendered":"<p>Tesis doctoral de Eva Mar\u00eda Martinez P\u00e9rez Null el autismo es un s\u00edndrome de la ni\u00f1ez, considerado por algunos como [&hellip;]<\/p>\n","protected":false},"author":1,"featured_media":0,"comment_status":"open","ping_status":"open","sticky":false,"template":"","format":"standard","meta":{"site-sidebar-layout":"default","site-content-layout":"","ast-site-content-layout":"","site-content-style":"default","site-sidebar-style":"default","ast-global-header-display":"","ast-banner-title-visibility":"","ast-main-header-display":"","ast-hfb-above-header-display":"","ast-hfb-below-header-display":"","ast-hfb-mobile-header-display":"","site-post-title":"","ast-breadcrumbs-content":"","ast-featured-img":"","footer-sml-layout":"","theme-transparent-header-meta":"","adv-header-id-meta":"","stick-header-meta":"","header-above-stick-meta":"","header-main-stick-meta":"","header-below-stick-meta":"","astra-migrate-meta-layouts":"default","ast-page-background-enabled":"default","ast-page-background-meta":{"desktop":{"background-color":"var(--ast-global-color-4)","background-image":"","background-repeat":"repeat","background-position":"center center","background-size":"auto","background-attachment":"scroll","background-type":"","background-media":"","overlay-type":"","overlay-color":"","overlay-gradient":""},"tablet":{"background-color":"","background-image":"","background-repeat":"repeat","background-position":"center center","background-size":"auto","background-attachment":"scroll","background-type":"","background-media":"","overlay-type":"","overlay-color":"","overlay-gradient":""},"mobile":{"background-color":"","background-image":"","background-repeat":"repeat","background-position":"center center","background-size":"auto","background-attachment":"scroll","background-type":"","background-media":"","overlay-type":"","overlay-color":"","overlay-gradient":""}},"ast-content-background-meta":{"desktop":{"background-color":"var(--ast-global-color-5)","background-image":"","background-repeat":"repeat","background-position":"center center","background-size":"auto","background-attachment":"scroll","background-type":"","background-media":"","overlay-type":"","overlay-color":"","overlay-gradient":""},"tablet":{"background-color":"var(--ast-global-color-5)","background-image":"","background-repeat":"repeat","background-position":"center center","background-size":"auto","background-attachment":"scroll","background-type":"","background-media":"","overlay-type":"","overlay-color":"","overlay-gradient":""},"mobile":{"background-color":"var(--ast-global-color-5)","background-image":"","background-repeat":"repeat","background-position":"center center","background-size":"auto","background-attachment":"scroll","background-type":"","background-media":"","overlay-type":"","overlay-color":"","overlay-gradient":""}},"footnotes":""},"categories":[9,1],"tags":[145839,145840,143732],"class_list":["post-66174","post","type-post","status-publish","format-standard","hentry","category-ciencias-medicas","category-sin-categoria","tag-eva-maria-Martinez-perez","tag-monica-secretario-miegimolle-herrero","tag-paloma-planells-del-pozo"],"_links":{"self":[{"href":"https:\/\/www.deberes.net\/tesis\/wp-json\/wp\/v2\/posts\/66174","targetHints":{"allow":["GET"]}}],"collection":[{"href":"https:\/\/www.deberes.net\/tesis\/wp-json\/wp\/v2\/posts"}],"about":[{"href":"https:\/\/www.deberes.net\/tesis\/wp-json\/wp\/v2\/types\/post"}],"author":[{"embeddable":true,"href":"https:\/\/www.deberes.net\/tesis\/wp-json\/wp\/v2\/users\/1"}],"replies":[{"embeddable":true,"href":"https:\/\/www.deberes.net\/tesis\/wp-json\/wp\/v2\/comments?post=66174"}],"version-history":[{"count":0,"href":"https:\/\/www.deberes.net\/tesis\/wp-json\/wp\/v2\/posts\/66174\/revisions"}],"wp:attachment":[{"href":"https:\/\/www.deberes.net\/tesis\/wp-json\/wp\/v2\/media?parent=66174"}],"wp:term":[{"taxonomy":"category","embeddable":true,"href":"https:\/\/www.deberes.net\/tesis\/wp-json\/wp\/v2\/categories?post=66174"},{"taxonomy":"post_tag","embeddable":true,"href":"https:\/\/www.deberes.net\/tesis\/wp-json\/wp\/v2\/tags?post=66174"}],"curies":[{"name":"wp","href":"https:\/\/api.w.org\/{rel}","templated":true}]}}