{"id":66213,"date":"2008-11-07T00:00:00","date_gmt":"2008-11-07T00:00:00","guid":{"rendered":"https:\/\/www.deberes.net\/tesis\/sin-categoria\/la-metafora-visual-incorporada-aplicacion-de-la-teoria-integrada-de-la-metafora-primaria-a-un-corpus-audiovisual\/"},"modified":"2008-11-07T00:00:00","modified_gmt":"2008-11-07T00:00:00","slug":"la-metafora-visual-incorporada-aplicacion-de-la-teoria-integrada-de-la-metafora-primaria-a-un-corpus-audiovisual","status":"publish","type":"post","link":"https:\/\/www.deberes.net\/tesis\/linguistica-comparada\/la-metafora-visual-incorporada-aplicacion-de-la-teoria-integrada-de-la-metafora-primaria-a-un-corpus-audiovisual\/","title":{"rendered":"La met\u00e1fora visual incorporada: aplicaci\u00f3n de la teor\u00eda integrada de la met\u00e1fora primaria a un corpus audiovisual"},"content":{"rendered":"<h2>Tesis doctoral de <strong> M\u00aa Jes\u00fas Ort\u00edz D\u00edaz-guerra <\/strong><\/h2>\n<p>Las teor\u00edas cognitivas de la met\u00e1fora se han centrado casi exclusivamente en corpus verbales y aunque se considera la posibilidad de manifestaciones no verbales existen muy pocas investigaciones al respecto. La met\u00e1fora visual se incluir\u00eda dentro de estas manifestaciones no verbales. Si bien hay pocas dudas sobre la legitimidad de la met\u00e1fora visual en publicidad, no ocurre lo mismo en el cine. La supuesta literalidad de la imagen cinematogr\u00e1fica ha sido el argumento m\u00e1s utilizado por los detractores de la met\u00e1fora f\u00edlmica que se mueven en un realismo primitivo que hoy no tiene ninguna base. La presente tesis incluye cuatro partes claramente diferenciadas. En primer lugar, resume brevemente las teor\u00edas m\u00e1s relevantes sobre la met\u00e1fora desde arist\u00f3teles hasta 1980. A continuaci\u00f3n, expone el estado actual de la teor\u00eda de la met\u00e1fora en ls ling\u00ed\u00bc\u00edstica cognitiva y la teor\u00eda integrada de la met\u00e1fora primaria. En segundo lugar, repasa las aportaciones desde distintos puntos de vista sobre la met\u00e1fora visual. Por \u00faltimo, se aplica la teor\u00eda integrada de la met\u00e1fora primaria a un corpus audiovisual demostrando su adecuaci\u00f3n.<\/p>\n<p>&nbsp;<\/p>\n<h3>Datos acad\u00e9micos de la tesis doctoral \u00ab<strong>La met\u00e1fora visual incorporada: aplicaci\u00f3n de la teor\u00eda integrada de la met\u00e1fora primaria a un corpus audiovisual<\/strong>\u00ab<\/h3>\n<ul>\n<li><strong>T\u00edtulo de la tesis:<\/strong>\u00a0 La met\u00e1fora visual incorporada: aplicaci\u00f3n de la teor\u00eda integrada de la met\u00e1fora primaria a un corpus audiovisual <\/li>\n<li><strong>Autor:<\/strong>\u00a0 M\u00aa Jes\u00fas Ort\u00edz D\u00edaz-guerra <\/li>\n<li><strong>Universidad:<\/strong>\u00a0 Alicante<\/li>\n<li><strong>Fecha de lectura de la tesis:<\/strong>\u00a0 11\/07\/2008<\/li>\n<\/ul>\n<p>&nbsp;<\/p>\n<h3>Direcci\u00f3n y tribunal<\/h3>\n<ul>\n<li><strong>Director de la tesis<\/strong>\n<ul>\n<li>Ra\u00fal Rodr\u00edguez Ferr\u00e1ndiz<\/li>\n<\/ul>\n<\/li>\n<li><strong>Tribunal<\/strong>\n<ul>\n<li>Presidente del tribunal: Jos\u00e9 Luis Cifuentes honrubia <\/li>\n<li>josep vicent Gavalda roca (vocal)<\/li>\n<li>Emilio Feliu garcia (vocal)<\/li>\n<li>Luis Fernando Huertas jimenez (vocal)<\/li>\n<\/ul>\n<\/li>\n<\/ul>\n<p>&nbsp;<\/p>\n","protected":false},"excerpt":{"rendered":"<p>Tesis doctoral de M\u00aa Jes\u00fas Ort\u00edz D\u00edaz-guerra Las teor\u00edas cognitivas de la met\u00e1fora se han centrado casi exclusivamente en corpus [&hellip;]<\/p>\n","protected":false},"author":1,"featured_media":0,"comment_status":"open","ping_status":"open","sticky":false,"template":"","format":"standard","meta":{"site-sidebar-layout":"default","site-content-layout":"","ast-site-content-layout":"","site-content-style":"default","site-sidebar-style":"default","ast-global-header-display":"","ast-banner-title-visibility":"","ast-main-header-display":"","ast-hfb-above-header-display":"","ast-hfb-below-header-display":"","ast-hfb-mobile-header-display":"","site-post-title":"","ast-breadcrumbs-content":"","ast-featured-img":"","footer-sml-layout":"","theme-transparent-header-meta":"","adv-header-id-meta":"","stick-header-meta":"","header-above-stick-meta":"","header-main-stick-meta":"","header-below-stick-meta":"","astra-migrate-meta-layouts":"default","ast-page-background-enabled":"default","ast-page-background-meta":{"desktop":{"background-color":"var(--ast-global-color-4)","background-image":"","background-repeat":"repeat","background-position":"center center","background-size":"auto","background-attachment":"scroll","background-type":"","background-media":"","overlay-type":"","overlay-color":"","overlay-gradient":""},"tablet":{"background-color":"","background-image":"","background-repeat":"repeat","background-position":"center center","background-size":"auto","background-attachment":"scroll","background-type":"","background-media":"","overlay-type":"","overlay-color":"","overlay-gradient":""},"mobile":{"background-color":"","background-image":"","background-repeat":"repeat","background-position":"center center","background-size":"auto","background-attachment":"scroll","background-type":"","background-media":"","overlay-type":"","overlay-color":"","overlay-gradient":""}},"ast-content-background-meta":{"desktop":{"background-color":"var(--ast-global-color-5)","background-image":"","background-repeat":"repeat","background-position":"center center","background-size":"auto","background-attachment":"scroll","background-type":"","background-media":"","overlay-type":"","overlay-color":"","overlay-gradient":""},"tablet":{"background-color":"var(--ast-global-color-5)","background-image":"","background-repeat":"repeat","background-position":"center center","background-size":"auto","background-attachment":"scroll","background-type":"","background-media":"","overlay-type":"","overlay-color":"","overlay-gradient":""},"mobile":{"background-color":"var(--ast-global-color-5)","background-image":"","background-repeat":"repeat","background-position":"center center","background-size":"auto","background-attachment":"scroll","background-type":"","background-media":"","overlay-type":"","overlay-color":"","overlay-gradient":""}},"footnotes":""},"categories":[19166,5547,4139,11212,25876],"tags":[54213,19425,145930,145931,145929,61313],"class_list":["post-66213","post","type-post","status-publish","format-standard","hentry","category-alicante","category-cinematografia","category-linguistica-comparada","category-tecnicas-publicitarias","category-teoria-de-la-percepcion","tag-emilio-feliu-garcia","tag-jose-luis-cifuentes-honrubia","tag-josep-vicent-gavalda-roca","tag-luis-fernando-huertas-jimenez","tag-ma-jesus-ortiz-diaz-guerra","tag-raul-rodriguez-ferrandiz"],"_links":{"self":[{"href":"https:\/\/www.deberes.net\/tesis\/wp-json\/wp\/v2\/posts\/66213","targetHints":{"allow":["GET"]}}],"collection":[{"href":"https:\/\/www.deberes.net\/tesis\/wp-json\/wp\/v2\/posts"}],"about":[{"href":"https:\/\/www.deberes.net\/tesis\/wp-json\/wp\/v2\/types\/post"}],"author":[{"embeddable":true,"href":"https:\/\/www.deberes.net\/tesis\/wp-json\/wp\/v2\/users\/1"}],"replies":[{"embeddable":true,"href":"https:\/\/www.deberes.net\/tesis\/wp-json\/wp\/v2\/comments?post=66213"}],"version-history":[{"count":0,"href":"https:\/\/www.deberes.net\/tesis\/wp-json\/wp\/v2\/posts\/66213\/revisions"}],"wp:attachment":[{"href":"https:\/\/www.deberes.net\/tesis\/wp-json\/wp\/v2\/media?parent=66213"}],"wp:term":[{"taxonomy":"category","embeddable":true,"href":"https:\/\/www.deberes.net\/tesis\/wp-json\/wp\/v2\/categories?post=66213"},{"taxonomy":"post_tag","embeddable":true,"href":"https:\/\/www.deberes.net\/tesis\/wp-json\/wp\/v2\/tags?post=66213"}],"curies":[{"name":"wp","href":"https:\/\/api.w.org\/{rel}","templated":true}]}}