{"id":66275,"date":"2018-03-09T22:54:35","date_gmt":"2018-03-09T22:54:35","guid":{"rendered":"https:\/\/www.deberes.net\/tesis\/sin-categoria\/tecnica-y-ser-en-heidegger-hacia-una-ontologa%c2%ada-de-la-tecnica-moderna\/"},"modified":"2018-03-09T22:54:35","modified_gmt":"2018-03-09T22:54:35","slug":"tecnica-y-ser-en-heidegger-hacia-una-ontologa%c2%ada-de-la-tecnica-moderna","status":"publish","type":"post","link":"https:\/\/www.deberes.net\/tesis\/filosofia-de-la-ciencia\/tecnica-y-ser-en-heidegger-hacia-una-ontologa%c2%ada-de-la-tecnica-moderna\/","title":{"rendered":"T\u00e9cnica y ser en heidegger: hacia una ontolog\u00eda de la t\u00e9cnica moderna"},"content":{"rendered":"<h2>Tesis doctoral de <strong> Angela Luzia Miranda <\/strong><\/h2>\n<p>\u00c2\u00bfqu\u00e9 significa la t\u00e9cnica en la modernidad? \u00c2\u00bfqu\u00e9 lugar ocupa este fen\u00f3meno social en nuestra \u00e9poca hist\u00f3rica? \u00c2\u00bfqu\u00e9 papel juega el \u00abevento\u00bbde la tecnificaci\u00f3n del mundo para las sociedades contempor\u00e1neas? Y m\u00e1s: \u00c2\u00bfqu\u00e9 aportes nos ofrece la filosof\u00eda heideggeriana para poder pensar sobre la t\u00e9cnica moderna? Desde esas interrogaciones ha surgido el principal objetivo de este trabajo: profundizar filos\u00f3ficamente en la identidad de la t\u00e9cnica moderna, teniendo como punto de partida la visi\u00f3n heideggeriana sobre la intr\u00ednseca relaci\u00f3n entre t\u00e9cnica y ser y, a partir de ella, proponer las herramientas te\u00f3ricas para el an\u00e1lisis filos\u00f3fico de este fen\u00f3meno social, para la construcci\u00f3n de una ontolog\u00eda de la t\u00e9cnica moderna. En s\u00edntesis, la tesis propone una lectura ontol\u00f3gica sobre la t\u00e9cnica moderna desde la perspectiva heideggeriana. Para el desarrollo de la investigaci\u00f3n se considera la trayectoria filos\u00f3fica de heidegger que parte de la pregunta que interroga por el ser hasta llegar a la pregunta que interroga por la t\u00e9cnica. Y desde la pregunta por la t\u00e9cnica, el trabajo profundiza los principales conceptos heideggerianos para la comprensi\u00f3n de la esencia de la t\u00e9cnica moderna, como: gestell, bestand, ereignis, die kehre, entre otros. Considerando la actualidad del pensamiento heideggeriano para pensar sobre la t\u00e9cnica moderna, el trabajo analiza los fen\u00f3menos de la globalizaci\u00f3n y la sociedad de la informaci\u00f3n como \u00edconos muy significativos de la lectura heideggeriana sobre la tecnificaci\u00f3n en escala planetaria. Del mismo modo, se analizan las contribuciones de su filosof\u00eda de la t\u00e9cnica para la construcci\u00f3n del discurso de la \u00e9tica desde en el \u00e1mbito de las sociedades tecnocient\u00edficas. El trabajo concluye con la exposici\u00f3n de las razones, expresadas en forma de veinti\u00fan tesis, que justifican la actualidad e importancia del pensamiento heideggeriano para la construcci\u00f3n de una ontolog\u00eda de la t\u00e9cnica moderna.<\/p>\n<p>&nbsp;<\/p>\n<h3>Datos acad\u00e9micos de la tesis doctoral \u00ab<strong>T\u00e9cnica y ser en heidegger: hacia una ontolog\u00eda de la t\u00e9cnica moderna<\/strong>\u00ab<\/h3>\n<ul>\n<li><strong>T\u00edtulo de la tesis:<\/strong>\u00a0 T\u00e9cnica y ser en heidegger: hacia una ontolog\u00eda de la t\u00e9cnica moderna <\/li>\n<li><strong>Autor:<\/strong>\u00a0 Angela Luzia Miranda <\/li>\n<li><strong>Universidad:<\/strong>\u00a0 Salamanca<\/li>\n<li><strong>Fecha de lectura de la tesis:<\/strong>\u00a0 14\/07\/2008<\/li>\n<\/ul>\n<p>&nbsp;<\/p>\n<h3>Direcci\u00f3n y tribunal<\/h3>\n<ul>\n<li><strong>Director de la tesis<\/strong>\n<ul>\n<li>Mar\u00eda no Eugenio Alvarez Gomez<\/li>\n<\/ul>\n<\/li>\n<li><strong>Tribunal<\/strong>\n<ul>\n<li>Presidente del tribunal: M\u00aa del carmen Paredes mart\u00edn <\/li>\n<li>diego S\u00e1nchez meca (vocal)<\/li>\n<li>Juli\u00e1n Velarde lombra\u00f1a (vocal)<\/li>\n<li>ram\u00f3n Queralt\u00f3 moreno (vocal)<\/li>\n<\/ul>\n<\/li>\n<\/ul>\n<p>&nbsp;<\/p>\n","protected":false},"excerpt":{"rendered":"<p>Tesis doctoral de Angela Luzia Miranda \u00c2\u00bfqu\u00e9 significa la t\u00e9cnica en la modernidad? \u00c2\u00bfqu\u00e9 lugar ocupa este fen\u00f3meno social en [&hellip;]<\/p>\n","protected":false},"author":1,"featured_media":0,"comment_status":"open","ping_status":"open","sticky":false,"template":"","format":"standard","meta":{"site-sidebar-layout":"default","site-content-layout":"","ast-site-content-layout":"","site-content-style":"default","site-sidebar-style":"default","ast-global-header-display":"","ast-banner-title-visibility":"","ast-main-header-display":"","ast-hfb-above-header-display":"","ast-hfb-below-header-display":"","ast-hfb-mobile-header-display":"","site-post-title":"","ast-breadcrumbs-content":"","ast-featured-img":"","footer-sml-layout":"","theme-transparent-header-meta":"","adv-header-id-meta":"","stick-header-meta":"","header-above-stick-meta":"","header-main-stick-meta":"","header-below-stick-meta":"","astra-migrate-meta-layouts":"default","ast-page-background-enabled":"default","ast-page-background-meta":{"desktop":{"background-color":"var(--ast-global-color-4)","background-image":"","background-repeat":"repeat","background-position":"center center","background-size":"auto","background-attachment":"scroll","background-type":"","background-media":"","overlay-type":"","overlay-color":"","overlay-gradient":""},"tablet":{"background-color":"","background-image":"","background-repeat":"repeat","background-position":"center center","background-size":"auto","background-attachment":"scroll","background-type":"","background-media":"","overlay-type":"","overlay-color":"","overlay-gradient":""},"mobile":{"background-color":"","background-image":"","background-repeat":"repeat","background-position":"center center","background-size":"auto","background-attachment":"scroll","background-type":"","background-media":"","overlay-type":"","overlay-color":"","overlay-gradient":""}},"ast-content-background-meta":{"desktop":{"background-color":"var(--ast-global-color-5)","background-image":"","background-repeat":"repeat","background-position":"center center","background-size":"auto","background-attachment":"scroll","background-type":"","background-media":"","overlay-type":"","overlay-color":"","overlay-gradient":""},"tablet":{"background-color":"var(--ast-global-color-5)","background-image":"","background-repeat":"repeat","background-position":"center center","background-size":"auto","background-attachment":"scroll","background-type":"","background-media":"","overlay-type":"","overlay-color":"","overlay-gradient":""},"mobile":{"background-color":"var(--ast-global-color-5)","background-image":"","background-repeat":"repeat","background-position":"center center","background-size":"auto","background-attachment":"scroll","background-type":"","background-media":"","overlay-type":"","overlay-color":"","overlay-gradient":""}},"footnotes":""},"categories":[1076,1077,6428,9386],"tags":[146038,17243,8930,9811,18380,23002],"class_list":["post-66275","post","type-post","status-publish","format-standard","hentry","category-filosofia-de-la-ciencia","category-filosofia-de-la-tecnica","category-metafisica-y-ontologia","category-salamanca","tag-angela-luzia-miranda","tag-diego-sanchez-meca","tag-julian-velarde-lombrana","tag-maria-no-eugenio-alvarez-gomez","tag-ma-del-carmen-paredes-martin","tag-ramon-queralto-moreno"],"_links":{"self":[{"href":"https:\/\/www.deberes.net\/tesis\/wp-json\/wp\/v2\/posts\/66275","targetHints":{"allow":["GET"]}}],"collection":[{"href":"https:\/\/www.deberes.net\/tesis\/wp-json\/wp\/v2\/posts"}],"about":[{"href":"https:\/\/www.deberes.net\/tesis\/wp-json\/wp\/v2\/types\/post"}],"author":[{"embeddable":true,"href":"https:\/\/www.deberes.net\/tesis\/wp-json\/wp\/v2\/users\/1"}],"replies":[{"embeddable":true,"href":"https:\/\/www.deberes.net\/tesis\/wp-json\/wp\/v2\/comments?post=66275"}],"version-history":[{"count":0,"href":"https:\/\/www.deberes.net\/tesis\/wp-json\/wp\/v2\/posts\/66275\/revisions"}],"wp:attachment":[{"href":"https:\/\/www.deberes.net\/tesis\/wp-json\/wp\/v2\/media?parent=66275"}],"wp:term":[{"taxonomy":"category","embeddable":true,"href":"https:\/\/www.deberes.net\/tesis\/wp-json\/wp\/v2\/categories?post=66275"},{"taxonomy":"post_tag","embeddable":true,"href":"https:\/\/www.deberes.net\/tesis\/wp-json\/wp\/v2\/tags?post=66275"}],"curies":[{"name":"wp","href":"https:\/\/api.w.org\/{rel}","templated":true}]}}