{"id":66295,"date":"2018-03-09T22:54:35","date_gmt":"2018-03-09T22:54:35","guid":{"rendered":"https:\/\/www.deberes.net\/tesis\/sin-categoria\/reformas-del-sistema-de-la-seguridad-social-en-espana-un-analisis-de-equilibrio-general\/"},"modified":"2018-03-09T22:54:35","modified_gmt":"2018-03-09T22:54:35","slug":"reformas-del-sistema-de-la-seguridad-social-en-espana-un-analisis-de-equilibrio-general","status":"publish","type":"post","link":"https:\/\/www.deberes.net\/tesis\/santiago-de-compostela\/reformas-del-sistema-de-la-seguridad-social-en-espana-un-analisis-de-equilibrio-general\/","title":{"rendered":"Reformas del sistema de la seguridad social en espa\u00f1a: un an\u00e1lisis de equilibrio general"},"content":{"rendered":"<h2>Tesis doctoral de <strong> Raimundo Viejo Rubio <\/strong><\/h2>\n<p>En esta tesis se comprueba desde diversos \u00e1ngulos como la reducci\u00f3n de los tipos de las cotizaciones sociales tienen efectos positivos sobre la producci\u00f3n interior, el empleo, los precios, la competitividad y el pib real. Adicionalmente se estudia la situaci\u00f3n del actual sistema de jubilaci\u00f3n espa\u00f1ol, sus diferencias con otros pa\u00edses europeos y los efectos que tendr\u00eda un aumento en la cuant\u00eda de las prestaciones de jubilaci\u00f3n. El an\u00e1lisis se realiza mediante un modelo de equilibrio general aplicado (mega) que establece los v\u00ednculos esenciales entre los distintos agentes econ\u00f3micos y por tanto incluye en sus resultados finales tanto los efectos directos como los indirectos causados por las pol\u00edticas econ\u00f3micas simuladas. Este trabajo concluye con un an\u00e1lisis de la consistencia del modelo utilizado comprobando su capacidad de predicci\u00f3n para el periodo 1991-1997. Para ello el modelo se convierte en un mega din\u00e1mico recursivo que validar\u00e1 los resultados obtenidos con el modelo est\u00e1tico.<\/p>\n<p>&nbsp;<\/p>\n<h3>Datos acad\u00e9micos de la tesis doctoral \u00ab<strong>Reformas del sistema de la seguridad social en espa\u00f1a: un an\u00e1lisis de equilibrio general<\/strong>\u00ab<\/h3>\n<ul>\n<li><strong>T\u00edtulo de la tesis:<\/strong>\u00a0 Reformas del sistema de la seguridad social en espa\u00f1a: un an\u00e1lisis de equilibrio general <\/li>\n<li><strong>Autor:<\/strong>\u00a0 Raimundo Viejo Rubio <\/li>\n<li><strong>Universidad:<\/strong>\u00a0 Santiago de compostela<\/li>\n<li><strong>Fecha de lectura de la tesis:<\/strong>\u00a0 14\/07\/2008<\/li>\n<\/ul>\n<p>&nbsp;<\/p>\n<h3>Direcci\u00f3n y tribunal<\/h3>\n<ul>\n<li><strong>Director de la tesis<\/strong>\n<ul>\n<li>Jos\u00e9 Clemente Polo Andr\u00e9s<\/li>\n<\/ul>\n<\/li>\n<li><strong>Tribunal<\/strong>\n<ul>\n<li>Presidente del tribunal: julio Sanchez choliz <\/li>\n<li>gonzalo Fernandez de cordoba martos (vocal)<\/li>\n<li>amedeo Spadaro (vocal)<\/li>\n<li>vicente Alcantara escolano (vocal)<\/li>\n<\/ul>\n<\/li>\n<\/ul>\n<p>&nbsp;<\/p>\n","protected":false},"excerpt":{"rendered":"<p>Tesis doctoral de Raimundo Viejo Rubio En esta tesis se comprueba desde diversos \u00e1ngulos como la reducci\u00f3n de los tipos [&hellip;]<\/p>\n","protected":false},"author":1,"featured_media":0,"comment_status":"open","ping_status":"open","sticky":false,"template":"","format":"standard","meta":{"site-sidebar-layout":"default","site-content-layout":"","ast-site-content-layout":"","site-content-style":"default","site-sidebar-style":"default","ast-global-header-display":"","ast-banner-title-visibility":"","ast-main-header-display":"","ast-hfb-above-header-display":"","ast-hfb-below-header-display":"","ast-hfb-mobile-header-display":"","site-post-title":"","ast-breadcrumbs-content":"","ast-featured-img":"","footer-sml-layout":"","theme-transparent-header-meta":"","adv-header-id-meta":"","stick-header-meta":"","header-above-stick-meta":"","header-main-stick-meta":"","header-below-stick-meta":"","astra-migrate-meta-layouts":"default","ast-page-background-enabled":"default","ast-page-background-meta":{"desktop":{"background-color":"var(--ast-global-color-4)","background-image":"","background-repeat":"repeat","background-position":"center center","background-size":"auto","background-attachment":"scroll","background-type":"","background-media":"","overlay-type":"","overlay-color":"","overlay-gradient":""},"tablet":{"background-color":"","background-image":"","background-repeat":"repeat","background-position":"center center","background-size":"auto","background-attachment":"scroll","background-type":"","background-media":"","overlay-type":"","overlay-color":"","overlay-gradient":""},"mobile":{"background-color":"","background-image":"","background-repeat":"repeat","background-position":"center center","background-size":"auto","background-attachment":"scroll","background-type":"","background-media":"","overlay-type":"","overlay-color":"","overlay-gradient":""}},"ast-content-background-meta":{"desktop":{"background-color":"var(--ast-global-color-5)","background-image":"","background-repeat":"repeat","background-position":"center center","background-size":"auto","background-attachment":"scroll","background-type":"","background-media":"","overlay-type":"","overlay-color":"","overlay-gradient":""},"tablet":{"background-color":"var(--ast-global-color-5)","background-image":"","background-repeat":"repeat","background-position":"center center","background-size":"auto","background-attachment":"scroll","background-type":"","background-media":"","overlay-type":"","overlay-color":"","overlay-gradient":""},"mobile":{"background-color":"var(--ast-global-color-5)","background-image":"","background-repeat":"repeat","background-position":"center center","background-size":"auto","background-attachment":"scroll","background-type":"","background-media":"","overlay-type":"","overlay-color":"","overlay-gradient":""}},"footnotes":""},"categories":[977],"tags":[83579,146079,146078,19662,146077,19659],"class_list":["post-66295","post","type-post","status-publish","format-standard","hentry","category-santiago-de-compostela","tag-amedeo-spadaro","tag-gonzalo-fernandez-de-cordoba-martos","tag-jose-clemente-polo-andres","tag-julio-sanchez-choliz","tag-raimundo-viejo-rubio","tag-vicente-alcantara-escolano"],"_links":{"self":[{"href":"https:\/\/www.deberes.net\/tesis\/wp-json\/wp\/v2\/posts\/66295","targetHints":{"allow":["GET"]}}],"collection":[{"href":"https:\/\/www.deberes.net\/tesis\/wp-json\/wp\/v2\/posts"}],"about":[{"href":"https:\/\/www.deberes.net\/tesis\/wp-json\/wp\/v2\/types\/post"}],"author":[{"embeddable":true,"href":"https:\/\/www.deberes.net\/tesis\/wp-json\/wp\/v2\/users\/1"}],"replies":[{"embeddable":true,"href":"https:\/\/www.deberes.net\/tesis\/wp-json\/wp\/v2\/comments?post=66295"}],"version-history":[{"count":0,"href":"https:\/\/www.deberes.net\/tesis\/wp-json\/wp\/v2\/posts\/66295\/revisions"}],"wp:attachment":[{"href":"https:\/\/www.deberes.net\/tesis\/wp-json\/wp\/v2\/media?parent=66295"}],"wp:term":[{"taxonomy":"category","embeddable":true,"href":"https:\/\/www.deberes.net\/tesis\/wp-json\/wp\/v2\/categories?post=66295"},{"taxonomy":"post_tag","embeddable":true,"href":"https:\/\/www.deberes.net\/tesis\/wp-json\/wp\/v2\/tags?post=66295"}],"curies":[{"name":"wp","href":"https:\/\/api.w.org\/{rel}","templated":true}]}}