{"id":66385,"date":"2018-03-09T22:54:43","date_gmt":"2018-03-09T22:54:43","guid":{"rendered":"https:\/\/www.deberes.net\/tesis\/sin-categoria\/estudio-del-sector-olivarero-y-de-la-transformacion-de-la-aceituna-en-extremadura\/"},"modified":"2018-03-09T22:54:43","modified_gmt":"2018-03-09T22:54:43","slug":"estudio-del-sector-olivarero-y-de-la-transformacion-de-la-aceituna-en-extremadura","status":"publish","type":"post","link":"https:\/\/www.deberes.net\/tesis\/extremadura\/estudio-del-sector-olivarero-y-de-la-transformacion-de-la-aceituna-en-extremadura\/","title":{"rendered":"Estudio del sector olivarero y de la transformaci\u00f3n de la aceituna en extremadura"},"content":{"rendered":"<h2>Tesis doctoral de <strong> Jos\u00e9 Lu\u00eds Llerena Ru\u00edz <\/strong><\/h2>\n<p>Resumen: en la tesis se realiza un estudio sobre las caracter\u00edsticas del olivar extreme\u00f1o desde el punto de vista de superficie ocupada y tipo de explotaci\u00f3n. En el segundo cap\u00edtulo se propone un sistema sencillo para caracterizaci\u00f3n de las variedades m\u00e1s cultivadas en extremadura basada en caracteres morfol\u00f3gicos. La tesis concluye con un an\u00e1lisis del sector transformador de la aceituna en extremadura, tanto para producci\u00f3n de aceite como para aceituna de mesa<\/p>\n<p>&nbsp;<\/p>\n<h3>Datos acad\u00e9micos de la tesis doctoral \u00ab<strong>Estudio del sector olivarero y de la transformaci\u00f3n de la aceituna en extremadura<\/strong>\u00ab<\/h3>\n<ul>\n<li><strong>T\u00edtulo de la tesis:<\/strong>\u00a0 Estudio del sector olivarero y de la transformaci\u00f3n de la aceituna en extremadura <\/li>\n<li><strong>Autor:<\/strong>\u00a0 Jos\u00e9 Lu\u00eds Llerena Ru\u00edz <\/li>\n<li><strong>Universidad:<\/strong>\u00a0 Extremadura<\/li>\n<li><strong>Fecha de lectura de la tesis:<\/strong>\u00a0 17\/07\/2008<\/li>\n<\/ul>\n<p>&nbsp;<\/p>\n<h3>Direcci\u00f3n y tribunal<\/h3>\n<ul>\n<li><strong>Director de la tesis<\/strong>\n<ul>\n<li>Jos\u00e9 Miguel Coleto Mart\u00ednez<\/li>\n<\/ul>\n<\/li>\n<li><strong>Tribunal<\/strong>\n<ul>\n<li>Presidente del tribunal: Mar\u00eda del henar (secretario) Prieto losada <\/li>\n<li>teresa de Jes\u00fas Bartolom\u00e9 Garc\u00eda (vocal)<\/li>\n<li>Mar\u00eda victoria G\u00f3mez rodr\u00edguez (vocal)<\/li>\n<li>  (vocal)<\/li>\n<\/ul>\n<\/li>\n<\/ul>\n<p>&nbsp;<\/p>\n","protected":false},"excerpt":{"rendered":"<p>Tesis doctoral de Jos\u00e9 Lu\u00eds Llerena Ru\u00edz Resumen: en la tesis se realiza un estudio sobre las caracter\u00edsticas del olivar [&hellip;]<\/p>\n","protected":false},"author":1,"featured_media":0,"comment_status":"open","ping_status":"open","sticky":false,"template":"","format":"standard","meta":{"site-sidebar-layout":"default","site-content-layout":"","ast-site-content-layout":"","site-content-style":"default","site-sidebar-style":"default","ast-global-header-display":"","ast-banner-title-visibility":"","ast-main-header-display":"","ast-hfb-above-header-display":"","ast-hfb-below-header-display":"","ast-hfb-mobile-header-display":"","site-post-title":"","ast-breadcrumbs-content":"","ast-featured-img":"","footer-sml-layout":"","theme-transparent-header-meta":"","adv-header-id-meta":"","stick-header-meta":"","header-above-stick-meta":"","header-main-stick-meta":"","header-below-stick-meta":"","astra-migrate-meta-layouts":"default","ast-page-background-enabled":"default","ast-page-background-meta":{"desktop":{"background-color":"var(--ast-global-color-4)","background-image":"","background-repeat":"repeat","background-position":"center center","background-size":"auto","background-attachment":"scroll","background-type":"","background-media":"","overlay-type":"","overlay-color":"","overlay-gradient":""},"tablet":{"background-color":"","background-image":"","background-repeat":"repeat","background-position":"center center","background-size":"auto","background-attachment":"scroll","background-type":"","background-media":"","overlay-type":"","overlay-color":"","overlay-gradient":""},"mobile":{"background-color":"","background-image":"","background-repeat":"repeat","background-position":"center center","background-size":"auto","background-attachment":"scroll","background-type":"","background-media":"","overlay-type":"","overlay-color":"","overlay-gradient":""}},"ast-content-background-meta":{"desktop":{"background-color":"var(--ast-global-color-5)","background-image":"","background-repeat":"repeat","background-position":"center center","background-size":"auto","background-attachment":"scroll","background-type":"","background-media":"","overlay-type":"","overlay-color":"","overlay-gradient":""},"tablet":{"background-color":"var(--ast-global-color-5)","background-image":"","background-repeat":"repeat","background-position":"center center","background-size":"auto","background-attachment":"scroll","background-type":"","background-media":"","overlay-type":"","overlay-color":"","overlay-gradient":""},"mobile":{"background-color":"var(--ast-global-color-5)","background-image":"","background-repeat":"repeat","background-position":"center center","background-size":"auto","background-attachment":"scroll","background-type":"","background-media":"","overlay-type":"","overlay-color":"","overlay-gradient":""}},"footnotes":""},"categories":[44996,949,2088],"tags":[146274,33339,146275,137547,137061],"class_list":["post-66385","post","type-post","status-publish","format-standard","hentry","category-explotacion-de-cultivos","category-extremadura","category-produccion-de-cultivos-horticolas","tag-jose-luis-llerena-ruiz","tag-jose-miguel-coleto-Martinez","tag-maria-del-henar-secretario-prieto-losada","tag-maria-victoria-gomez-rodriguez","tag-teresa-de-jesus-bartolome-garcia"],"_links":{"self":[{"href":"https:\/\/www.deberes.net\/tesis\/wp-json\/wp\/v2\/posts\/66385","targetHints":{"allow":["GET"]}}],"collection":[{"href":"https:\/\/www.deberes.net\/tesis\/wp-json\/wp\/v2\/posts"}],"about":[{"href":"https:\/\/www.deberes.net\/tesis\/wp-json\/wp\/v2\/types\/post"}],"author":[{"embeddable":true,"href":"https:\/\/www.deberes.net\/tesis\/wp-json\/wp\/v2\/users\/1"}],"replies":[{"embeddable":true,"href":"https:\/\/www.deberes.net\/tesis\/wp-json\/wp\/v2\/comments?post=66385"}],"version-history":[{"count":0,"href":"https:\/\/www.deberes.net\/tesis\/wp-json\/wp\/v2\/posts\/66385\/revisions"}],"wp:attachment":[{"href":"https:\/\/www.deberes.net\/tesis\/wp-json\/wp\/v2\/media?parent=66385"}],"wp:term":[{"taxonomy":"category","embeddable":true,"href":"https:\/\/www.deberes.net\/tesis\/wp-json\/wp\/v2\/categories?post=66385"},{"taxonomy":"post_tag","embeddable":true,"href":"https:\/\/www.deberes.net\/tesis\/wp-json\/wp\/v2\/tags?post=66385"}],"curies":[{"name":"wp","href":"https:\/\/api.w.org\/{rel}","templated":true}]}}