{"id":66394,"date":"2018-03-09T22:54:43","date_gmt":"2018-03-09T22:54:43","guid":{"rendered":"https:\/\/www.deberes.net\/tesis\/sin-categoria\/evaluacion-de-la-eficacia-de-una-intervencion-cognitiva-conductual-temprana-en-pacientes-con-incapacidad-laboral-de-origen-musculoesqueletico\/"},"modified":"2018-03-09T22:54:43","modified_gmt":"2018-03-09T22:54:43","slug":"evaluacion-de-la-eficacia-de-una-intervencion-cognitiva-conductual-temprana-en-pacientes-con-incapacidad-laboral-de-origen-musculoesqueletico","status":"publish","type":"post","link":"https:\/\/www.deberes.net\/tesis\/psicologia-general\/evaluacion-de-la-eficacia-de-una-intervencion-cognitiva-conductual-temprana-en-pacientes-con-incapacidad-laboral-de-origen-musculoesqueletico\/","title":{"rendered":"Evaluaci\u00f3n de la eficacia de una intervenci\u00f3n cognitiva conductual temprana en pacientes con incapacidad laboral de origen musculoesquel\u00e9tico"},"content":{"rendered":"<h2>Tesis doctoral de <strong> Leticia Le\u00f3n Mateos <\/strong><\/h2>\n<p>S\u00edntesis descriptiva de la tesis doctoral y consideraciones del autor  las enfermedades musculoesquel\u00e9ticas (me) representan un problema con alta preValencia, consumen una gran proporci\u00f3n de recursos sanitarios, y se han convertido en la principal causa de p\u00e9rdida funcional en adultos. En 1998, con el objetivo de disminuir el impacto de la incapacidad temporal (it) de origen musculoesquel\u00e9tico (me), comenz\u00f3 el programa it-me de atenci\u00f3n reumatol\u00f3gica temprana con excelentes resultados. Sin embargo este programa no soluciona con la misma eficacia el total de los casos, produci\u00e9ndose despu\u00e9s de los primeros 30 d\u00edas una disminuci\u00f3n de la misma, lo que puede deberse a otros factores asociados al problema. Bas\u00e1ndonos en los resultados de eficacia de la intervenci\u00f3n asistencial temprana que supone el programa it-me, nos planteamos aplicar una intervenci\u00f3n cognitivo-conductual complementaria a dicho programa, adaptada a pacientes con bajas laborales recientes.  nuestros resultados apoyan que la terapia cognitivo-conductual, ofrecida a pacientes con incapacidad laboral reciente de origen musculoesquel\u00e9tico es un complemento eficaz para el programa de atenci\u00f3n reumatol\u00f3gica temprana, incrementando los beneficios tanto para el paciente como para la econom\u00eda y el sistema de salud. En la tesis presentada se aportan datos de eficacia, datos econ\u00f3micos de coste-beneficio y resultados de la evaluaci\u00f3n psicol\u00f3gica de los pacientes del estudio antes y despu\u00e9s de la intervenci\u00f3n cognitivo-conductual. los d\u00edas totales de it fueron menores para el grupo intervenci\u00f3n, pero esta diferencia, aunque roza la significaci\u00f3n estad\u00edstica, no la consigue. El efecto global del programa comenzaba alrededor de la d\u00e9cima semana, con el periodo de mayor eficacia sobre el s\u00e9ptimo mes. Sin embargo, aunque el n\u00famero de reca\u00eddas fue igual en ambos grupos, la duraci\u00f3n de las mismas fue significativamente menor en el grupo intervenci\u00f3n. los datos demuestran que el ahorro se produce tanto en costes indirectos, derivados de las prestaciones por it, como en costes directos asociados al problema, especialmente en el uso del tratamiento rehabilitador y en la medicaci\u00f3n. la intensidad del dolor y la discapacidad percibidas por el paciente s\u00ed resultan reducidas de forma significativa tras el programa de intervenci\u00f3n, pero no as\u00ed la emocionalidad negativa, ya aunque se ve reducidas tras el programa de intervenci\u00f3n, los datos del presente estudio no parecen aportar reducciones significativas. En nuestra opini\u00f3n, lo m\u00e1s relevante encontrado en este estudio acerca de la emocionalidad negativa de nuestros pacientes fue el hecho de que presentan un patr\u00f3n de vivencia de emocionalidad negativa tan acusado como los pacientes cr\u00f3nicos, por lo que se refuerza la idea de que el malestar de estos pacientes tiene un desarrollo muy temprano y por tanto es importante intervenir de forma precoz en estos pacientes. esta tesis ha supuesto un ambicioso proyecto, abordando el tema de la discapacidad para el trabajo desde una perspectiva multidisciplinar. es importante resaltar la utilizaci\u00f3n de una muestra tan amplia de pacientes reales, lo que supone un gran esfuerzo en el \u00e1mbito de la investigaci\u00f3n en psicolog\u00eda, y que se consigui\u00f3 gracias al apoyo de este servicio de reumatolog\u00eda. la psicolog\u00eda se ocupa desde hace un tiempo del campo del dolor, especialmente de tipo cr\u00f3nico, pero la prevenci\u00f3n de la discapacidad que este dolor provoca es un \u00e1mbito reciente donde los psic\u00f3logos que trabajamos en salud tenemos a\u00fan mucho que aportar. El dolor musculoesquel\u00e9tico de tipo subagudo es un \u00e1mbito poco estudiado dentro del campo de la salud, y los programas de tipo temprano tambi\u00e9n son novedosos, especialmente en psicolog\u00eda. podr\u00edamos resumir que la tesis trata de medir eficacia tanto en el paciente como para el sistema general de salud y que su principal novedad es el uso de la terapia cognitivo conductual de forma temprana para evitar la cronicidad debida al dolor de tipo musculoesquel\u00e9tico. las conclusiones de esta tesis suponen una oportunidad de futuro para incorporar profesionales como los psic\u00f3logos a un problema de salud de alta relevancia y preValencia, y la oportunidad de abrir nuevas v\u00edas de trabajo para llegar a optimizar este tipo de intervenciones, de cara a reducir el sufrimiento de los pacientes y el coste asociado de este problema.<\/p>\n<p>&nbsp;<\/p>\n<h3>Datos acad\u00e9micos de la tesis doctoral \u00ab<strong>Evaluaci\u00f3n de la eficacia de una intervenci\u00f3n cognitiva conductual temprana en pacientes con incapacidad laboral de origen musculoesquel\u00e9tico<\/strong>\u00ab<\/h3>\n<ul>\n<li><strong>T\u00edtulo de la tesis:<\/strong>\u00a0 Evaluaci\u00f3n de la eficacia de una intervenci\u00f3n cognitiva conductual temprana en pacientes con incapacidad laboral de origen musculoesquel\u00e9tico <\/li>\n<li><strong>Autor:<\/strong>\u00a0 Leticia Le\u00f3n Mateos <\/li>\n<li><strong>Universidad:<\/strong>\u00a0 Camilo jos\u00e9 cela<\/li>\n<li><strong>Fecha de lectura de la tesis:<\/strong>\u00a0 17\/07\/2008<\/li>\n<\/ul>\n<p>&nbsp;<\/p>\n<h3>Direcci\u00f3n y tribunal<\/h3>\n<ul>\n<li><strong>Director de la tesis<\/strong>\n<ul>\n<li>Miguel \u00e1ngel P\u00e9rez Nieto<\/li>\n<\/ul>\n<\/li>\n<li><strong>Tribunal<\/strong>\n<ul>\n<li>Presidente del tribunal: joana Moix queralt\u00f3 <\/li>\n<li>Mar\u00eda isabel Casado morales (vocal)<\/li>\n<li>c\u00e9sar Hern\u00e1ndez Garc\u00eda (vocal)<\/li>\n<li>Jorge Barraca mairal (vocal)<\/li>\n<\/ul>\n<\/li>\n<\/ul>\n<p>&nbsp;<\/p>\n","protected":false},"excerpt":{"rendered":"<p>Tesis doctoral de Leticia Le\u00f3n Mateos S\u00edntesis descriptiva de la tesis doctoral y consideraciones del autor las enfermedades musculoesquel\u00e9ticas (me) [&hellip;]<\/p>\n","protected":false},"author":1,"featured_media":0,"comment_status":"open","ping_status":"open","sticky":false,"template":"","format":"standard","meta":{"site-sidebar-layout":"default","site-content-layout":"","ast-site-content-layout":"","site-content-style":"default","site-sidebar-style":"default","ast-global-header-display":"","ast-banner-title-visibility":"","ast-main-header-display":"","ast-hfb-above-header-display":"","ast-hfb-below-header-display":"","ast-hfb-mobile-header-display":"","site-post-title":"","ast-breadcrumbs-content":"","ast-featured-img":"","footer-sml-layout":"","theme-transparent-header-meta":"","adv-header-id-meta":"","stick-header-meta":"","header-above-stick-meta":"","header-main-stick-meta":"","header-below-stick-meta":"","astra-migrate-meta-layouts":"default","ast-page-background-enabled":"default","ast-page-background-meta":{"desktop":{"background-color":"var(--ast-global-color-4)","background-image":"","background-repeat":"repeat","background-position":"center center","background-size":"auto","background-attachment":"scroll","background-type":"","background-media":"","overlay-type":"","overlay-color":"","overlay-gradient":""},"tablet":{"background-color":"","background-image":"","background-repeat":"repeat","background-position":"center center","background-size":"auto","background-attachment":"scroll","background-type":"","background-media":"","overlay-type":"","overlay-color":"","overlay-gradient":""},"mobile":{"background-color":"","background-image":"","background-repeat":"repeat","background-position":"center center","background-size":"auto","background-attachment":"scroll","background-type":"","background-media":"","overlay-type":"","overlay-color":"","overlay-gradient":""}},"ast-content-background-meta":{"desktop":{"background-color":"var(--ast-global-color-5)","background-image":"","background-repeat":"repeat","background-position":"center center","background-size":"auto","background-attachment":"scroll","background-type":"","background-media":"","overlay-type":"","overlay-color":"","overlay-gradient":""},"tablet":{"background-color":"var(--ast-global-color-5)","background-image":"","background-repeat":"repeat","background-position":"center center","background-size":"auto","background-attachment":"scroll","background-type":"","background-media":"","overlay-type":"","overlay-color":"","overlay-gradient":""},"mobile":{"background-color":"var(--ast-global-color-5)","background-image":"","background-repeat":"repeat","background-position":"center center","background-size":"auto","background-attachment":"scroll","background-type":"","background-media":"","overlay-type":"","overlay-color":"","overlay-gradient":""}},"footnotes":""},"categories":[140667,1175,487,440],"tags":[146293,146291,89583,146290,146292,69146],"class_list":["post-66394","post","type-post","status-publish","format-standard","hentry","category-camilo-jose-cela","category-evaluacion-y-diagnostico-en-psicologia","category-psicologia-clinica","category-psicologia-general","tag-cesar-hernandez-garcia","tag-joana-moix-queralto","tag-jorge-barraca-mairal","tag-leticia-leon-mateos","tag-maria-isabel-casado-morales","tag-miguel-angel-perez-nieto"],"_links":{"self":[{"href":"https:\/\/www.deberes.net\/tesis\/wp-json\/wp\/v2\/posts\/66394","targetHints":{"allow":["GET"]}}],"collection":[{"href":"https:\/\/www.deberes.net\/tesis\/wp-json\/wp\/v2\/posts"}],"about":[{"href":"https:\/\/www.deberes.net\/tesis\/wp-json\/wp\/v2\/types\/post"}],"author":[{"embeddable":true,"href":"https:\/\/www.deberes.net\/tesis\/wp-json\/wp\/v2\/users\/1"}],"replies":[{"embeddable":true,"href":"https:\/\/www.deberes.net\/tesis\/wp-json\/wp\/v2\/comments?post=66394"}],"version-history":[{"count":0,"href":"https:\/\/www.deberes.net\/tesis\/wp-json\/wp\/v2\/posts\/66394\/revisions"}],"wp:attachment":[{"href":"https:\/\/www.deberes.net\/tesis\/wp-json\/wp\/v2\/media?parent=66394"}],"wp:term":[{"taxonomy":"category","embeddable":true,"href":"https:\/\/www.deberes.net\/tesis\/wp-json\/wp\/v2\/categories?post=66394"},{"taxonomy":"post_tag","embeddable":true,"href":"https:\/\/www.deberes.net\/tesis\/wp-json\/wp\/v2\/tags?post=66394"}],"curies":[{"name":"wp","href":"https:\/\/api.w.org\/{rel}","templated":true}]}}