{"id":66472,"date":"2018-03-09T22:54:47","date_gmt":"2018-03-09T22:54:47","guid":{"rendered":"https:\/\/www.deberes.net\/tesis\/sin-categoria\/prevalencia-de-la-obesidad-en-la-isla-de-mallorca-en-la-poblacion-infantil-que-practica-deporte-en-edad-escolar\/"},"modified":"2018-03-09T22:54:47","modified_gmt":"2018-03-09T22:54:47","slug":"prevalencia-de-la-obesidad-en-la-isla-de-mallorca-en-la-poblacion-infantil-que-practica-deporte-en-edad-escolar","status":"publish","type":"post","link":"https:\/\/www.deberes.net\/tesis\/fisiologia-endocrina\/prevalencia-de-la-obesidad-en-la-isla-de-mallorca-en-la-poblacion-infantil-que-practica-deporte-en-edad-escolar\/","title":{"rendered":"PreValencia de la obesidad en la isla de mallorca en la poblaci\u00f3n infantil que practica deporte en edad escolar"},"content":{"rendered":"<h2>Tesis doctoral de <strong> Jos\u00e9 Ignacio Ram\u00edrez Manent <\/strong><\/h2>\n<p>Los grandes avances cient\u00edficos y tecnol\u00f3gicos, as\u00ed como el gran desarrollo econ\u00f3mico y social experimentado durante los \u00faltimos a\u00f1os del siglo xx, han posibilitado que un n\u00famero cada vez mayor de personas haya podido acceder a una cada vez mayor oferta y m\u00e1s variedad de alimentos, lo que ha supuesto un incremento en la esperanza de vida en los pa\u00edses desarrollados. sin embargo, paralelamente a este hecho, el envejecimiento de la poblaci\u00f3n tambi\u00e9n se ha visto acompa\u00f1ado por un aumento en la incidencia y preValencia de enfermedades cr\u00f3nicas tales como las enfermedades cardiovasculares, la enfermedad pulmonar obstructiva cr\u00f3nica y la obesidad, esta \u00faltima como consecuencia de los cambios de estilos de vida experimentados y que han implicado, entre otros factores, una disminuci\u00f3n del tiempo dedicado a la actividad f\u00edsica (public health nutr., 2001). tal y como parece que las grandes multinacionales pretenden hacernos creer, la obesidad no se trata de un simple problema est\u00e9tico que se pueda arreglar sencillamente ya sea sustituyendo la comida por barritas o batidos energ\u00e9ticos, tomando determinado tipo de pastillas antes o despu\u00e9s de ingerir el alimento, o llen\u00e1ndose el cuerpo con pomadas y cremas \u00abmilagrosas\u00bb. Muy al contrario, la obesidad es una enfermedad cr\u00f3nica multifactorial que frecuentemente tiene su inicio en la edad infantil y que tiende a persistir a lo largo de los a\u00f1os, por lo que constituye un predictor importante de que la persona presentar\u00e1 un m\u00e1s que probable exceso de peso al llegar a la edad adulta. as\u00ed pues, en los \u00faltimos a\u00f1os la obesidad se ha convertido, tanto para los pa\u00edses desarrollados como para los que est\u00e1n en v\u00edas de desarrollo, en un serio problema de salud p\u00fablica que debido a su progresivo aumento se la ha denominado como la epidemia paneuropea (public health nutr., 2001 &#038; martorell, 2002).  tambi\u00e9n la organizaci\u00f3n mundial de la salud (oms) en su informe sobre dieta y salud (marzo, 2003) ha reconocido el impacto de la obesidad en el desarrollo de una gran parte de las enfermedades cr\u00f3nicas de la sociedad actual (diabetes tipo ii, enfermedades cardiovasculares, patolog\u00eda m\u00fasculo-esquel\u00e9tica y con un mayor n\u00famero de tipos de c\u00e1ncer) y la considera responsable de la aparici\u00f3n de determinados trastornos de tipo psicol\u00f3gico relacionados con la propia imagen, la disminuci\u00f3n de la autoestima y con dificultades para relacionarse en los sujetos que la padecen. en pa\u00edses y regiones auton\u00f3micas con econom\u00edas m\u00e1s desarrolladas, la obesidad infantil presenta una preValencia m\u00e1s alta en los niveles socioecon\u00f3micos m\u00e1s desfavorecidos y con menor nivel cultural y formativo debido, principalmente, a la falsa creencia de que obesidad = salud y estatus social. Mientras que, por el contrario, en las zonas m\u00e1s desarrolladas son los niveles socioecon\u00f3micos de mayor poder adquisitivo los que presentan esta idea equ\u00edvoca, llegando a coexistir casos de obesidad con casos de malnutrici\u00f3n (livingstone, 2001 &#038;  o.M.S., 2005). curiosamente, al tiempo que aumenta la preValencia, tambi\u00e9n podemos observar un aumento en lo que a las desigualdades sociales se refiere, con grandes diferencias en la calidad y esperanza de vida en funci\u00f3n del grupo socioecon\u00f3mico de pertenencia. Dichas diferencias pueden ser observadas tanto en los pa\u00edses de nuestro entorno (lobstein &#038; frelut, 2003) como en las diferentes comunidades aut\u00f3nomas que integran el estado espa\u00f1ol (serra; ribas; aranceta; p\u00e9rez &#038; saavedra, 2001). de hecho, el aumento de la preValencia es tan alarmante que \u00faltimamente ha llegado a ocupar un protagonismo relevante en los foros internacionales relacionados con la salud p\u00fablica y ha sido definida como la epidemia del siglo xxi tanto por parte del grupo internacional de trabajo en obesidad (iotf) como por parte de la oms debido a las dimensiones que ha adquirido, a su impacto sobre la calidad de vida de las personas, a su morbimortalidad y al gasto sanitario a\u00f1adido que conlleva (who, 2000 &#038; 2003).<\/p>\n<p>&nbsp;<\/p>\n<h3>Datos acad\u00e9micos de la tesis doctoral \u00ab<strong>PreValencia de la obesidad en la isla de mallorca en la poblaci\u00f3n infantil que practica deporte en edad escolar<\/strong>\u00ab<\/h3>\n<ul>\n<li><strong>T\u00edtulo de la tesis:<\/strong>\u00a0 PreValencia de la obesidad en la isla de mallorca en la poblaci\u00f3n infantil que practica deporte en edad escolar <\/li>\n<li><strong>Autor:<\/strong>\u00a0 Jos\u00e9 Ignacio Ram\u00edrez Manent <\/li>\n<li><strong>Universidad:<\/strong>\u00a0 Palmas de gran canaria<\/li>\n<li><strong>Fecha de lectura de la tesis:<\/strong>\u00a0 18\/07\/2008<\/li>\n<\/ul>\n<p>&nbsp;<\/p>\n<h3>Direcci\u00f3n y tribunal<\/h3>\n<ul>\n<li><strong>Director de la tesis<\/strong>\n<ul>\n<li>Ricardo Navarro Garc\u00eda<\/li>\n<\/ul>\n<\/li>\n<li><strong>Tribunal<\/strong>\n<ul>\n<li>Presidente del tribunal: domingo Ruano gil <\/li>\n<li>lourdes Sarmiento ramos (vocal)<\/li>\n<li>julio cesar Legido arce (vocal)<\/li>\n<li>Manuel evaristo Navarro valdivielso (vocal)<\/li>\n<\/ul>\n<\/li>\n<\/ul>\n<p>&nbsp;<\/p>\n","protected":false},"excerpt":{"rendered":"<p>Tesis doctoral de Jos\u00e9 Ignacio Ram\u00edrez Manent Los grandes avances cient\u00edficos y tecnol\u00f3gicos, as\u00ed como el gran desarrollo econ\u00f3mico y [&hellip;]<\/p>\n","protected":false},"author":1,"featured_media":0,"comment_status":"open","ping_status":"open","sticky":false,"template":"","format":"standard","meta":{"site-sidebar-layout":"default","site-content-layout":"","ast-site-content-layout":"","site-content-style":"default","site-sidebar-style":"default","ast-global-header-display":"","ast-banner-title-visibility":"","ast-main-header-display":"","ast-hfb-above-header-display":"","ast-hfb-below-header-display":"","ast-hfb-mobile-header-display":"","site-post-title":"","ast-breadcrumbs-content":"","ast-featured-img":"","footer-sml-layout":"","theme-transparent-header-meta":"","adv-header-id-meta":"","stick-header-meta":"","header-above-stick-meta":"","header-main-stick-meta":"","header-below-stick-meta":"","astra-migrate-meta-layouts":"default","ast-page-background-enabled":"default","ast-page-background-meta":{"desktop":{"background-color":"var(--ast-global-color-4)","background-image":"","background-repeat":"repeat","background-position":"center center","background-size":"auto","background-attachment":"scroll","background-type":"","background-media":"","overlay-type":"","overlay-color":"","overlay-gradient":""},"tablet":{"background-color":"","background-image":"","background-repeat":"repeat","background-position":"center center","background-size":"auto","background-attachment":"scroll","background-type":"","background-media":"","overlay-type":"","overlay-color":"","overlay-gradient":""},"mobile":{"background-color":"","background-image":"","background-repeat":"repeat","background-position":"center center","background-size":"auto","background-attachment":"scroll","background-type":"","background-media":"","overlay-type":"","overlay-color":"","overlay-gradient":""}},"ast-content-background-meta":{"desktop":{"background-color":"var(--ast-global-color-5)","background-image":"","background-repeat":"repeat","background-position":"center center","background-size":"auto","background-attachment":"scroll","background-type":"","background-media":"","overlay-type":"","overlay-color":"","overlay-gradient":""},"tablet":{"background-color":"var(--ast-global-color-5)","background-image":"","background-repeat":"repeat","background-position":"center center","background-size":"auto","background-attachment":"scroll","background-type":"","background-media":"","overlay-type":"","overlay-color":"","overlay-gradient":""},"mobile":{"background-color":"var(--ast-global-color-5)","background-image":"","background-repeat":"repeat","background-position":"center center","background-size":"auto","background-attachment":"scroll","background-type":"","background-media":"","overlay-type":"","overlay-color":"","overlay-gradient":""}},"footnotes":""},"categories":[3664,2135,16629],"tags":[56,146443,13108,31147,137901,40278],"class_list":["post-66472","post","type-post","status-publish","format-standard","hentry","category-fisiologia-del-ejercicio","category-fisiologia-endocrina","category-palmas-de-gran-canaria","tag-domingo-ruano-gil","tag-jose-ignacio-ramirez-manent","tag-julio-cesar-legido-arce","tag-lourdes-sarmiento-ramos","tag-manuel-evaristo-navarro-valdivielso","tag-ricardo-navarro-garcia"],"_links":{"self":[{"href":"https:\/\/www.deberes.net\/tesis\/wp-json\/wp\/v2\/posts\/66472","targetHints":{"allow":["GET"]}}],"collection":[{"href":"https:\/\/www.deberes.net\/tesis\/wp-json\/wp\/v2\/posts"}],"about":[{"href":"https:\/\/www.deberes.net\/tesis\/wp-json\/wp\/v2\/types\/post"}],"author":[{"embeddable":true,"href":"https:\/\/www.deberes.net\/tesis\/wp-json\/wp\/v2\/users\/1"}],"replies":[{"embeddable":true,"href":"https:\/\/www.deberes.net\/tesis\/wp-json\/wp\/v2\/comments?post=66472"}],"version-history":[{"count":0,"href":"https:\/\/www.deberes.net\/tesis\/wp-json\/wp\/v2\/posts\/66472\/revisions"}],"wp:attachment":[{"href":"https:\/\/www.deberes.net\/tesis\/wp-json\/wp\/v2\/media?parent=66472"}],"wp:term":[{"taxonomy":"category","embeddable":true,"href":"https:\/\/www.deberes.net\/tesis\/wp-json\/wp\/v2\/categories?post=66472"},{"taxonomy":"post_tag","embeddable":true,"href":"https:\/\/www.deberes.net\/tesis\/wp-json\/wp\/v2\/tags?post=66472"}],"curies":[{"name":"wp","href":"https:\/\/api.w.org\/{rel}","templated":true}]}}