{"id":66523,"date":"2018-03-09T22:54:52","date_gmt":"2018-03-09T22:54:52","guid":{"rendered":"https:\/\/www.deberes.net\/tesis\/sin-categoria\/analisis-farmacoepidemiologico-y-economico-de-la-utilizacion-de-psicolepticos-y-psicoanalepticos-en-castilla-y-leon\/"},"modified":"2018-03-09T22:54:52","modified_gmt":"2018-03-09T22:54:52","slug":"analisis-farmacoepidemiologico-y-economico-de-la-utilizacion-de-psicolepticos-y-psicoanalepticos-en-castilla-y-leon","status":"publish","type":"post","link":"https:\/\/www.deberes.net\/tesis\/epidemiologia\/analisis-farmacoepidemiologico-y-economico-de-la-utilizacion-de-psicolepticos-y-psicoanalepticos-en-castilla-y-leon\/","title":{"rendered":"An\u00e1lisis farmacoepidemiol\u00f3gico y econ\u00f3mico de la utilizaci\u00f3n de psicol\u00e9pticos y psicoanal\u00e9pticos en castilla y le\u00f3n"},"content":{"rendered":"<h2>Tesis doctoral de <strong> Carlos Trece\u00f1o Lobato <\/strong><\/h2>\n<p>La elevada utilizaci\u00f3n y el posible uso inadecuado de los medicamentos psicol\u00e9pticos y psicoanal\u00e9pticos es objeto continuo de debates y revisi\u00f3n por parte de las autoridades reguladoras y de los proveedores de asistencia sanitaria. Se ha llevado a cabo un estudio de utilizaci\u00f3n de medicamentos que permitiera evaluar la evoluci\u00f3n de la oferta, consumo y costes de los medicamentos psicol\u00e9pticos y psicoanal\u00e9pticos en castilla y le\u00f3n durante el per\u00edodo 1992-2005. La oferta se estudi\u00f3 desglosada en monof\u00e1rmacos y asociaciones a dosis fijas, y fue tomada del cat\u00e1logo de especialidades farmac\u00e9uticas. Los datos de consumo fueron extra\u00eddos de la base de datos ecom del ministerio de sanidad y consumo y se expresaron en dosis diarias definidas por 1000 habitantes y d\u00eda (dhd). Las poblaciones fueron suministradas por el instituto nacional de estad\u00edstica. Los costes se calcularon multiplicando el envase a pvp por el n\u00famero de envases y se calcul\u00f3 tambi\u00e9n el coste tratamiento diario medio. durante el per\u00edodo estudiado se han producido notables cambios en la oferta y consumo de psicol\u00e9pticos y psicoanal\u00e9pticos en castilla y le\u00f3n. La incorporaci\u00f3n de antidepresivos duales, antipsic\u00f3ticos at\u00edpicos y f\u00e1rmacos para el tratamiento de la demencia ser\u00edan las novedades terap\u00e9uticas m\u00e1s importantes. En t\u00e9rminos generales se puede afirmar que la oferta de principios activos se ha racionalizado, habi\u00e9ndose eliminado en su gran mayor\u00eda las asociaciones de dudosa eficacia y seguridad, aunque el n\u00famero de presentaciones y especialidades comercializadas se increment\u00f3 de manera acusada desde el a\u00f1o 2000. La utilizaci\u00f3n de psicol\u00e9pticos y psicoanal\u00e9pticos en castilla y le\u00f3n experiment\u00f3 un incremento de un 203% a lo largo del per\u00edodo estudiado, pasando de 42,17 dhd a 128,03 dhd. El crecimiento ha tenido lugar, sobre todo, a expensas de los grupos de medicamentos antidepresivos, antipsic\u00f3ticos, f\u00e1rmacos contra la demencia y ansiol\u00edticos e hipn\u00f3ticos, siendo el lorazepam el psicof\u00e1rmaco m\u00e1s consumido en castilla y le\u00f3n en 2005 con 17,52 dhd. Los costes experimentaron un crecimiento de un 737% en moneda corriente y un 427% en moneda constante constante, superior al incremento del consumo. El coste tratamiento d\u00eda medio pas\u00f3 de 0,28 euros en 1992 a 0,79 euros en 2005, aunque su crecimiento se ralentiz\u00f3 desde 2000, llegando a disminuir en el a\u00f1o 2005.<\/p>\n<p>&nbsp;<\/p>\n<h3>Datos acad\u00e9micos de la tesis doctoral \u00ab<strong>An\u00e1lisis farmacoepidemiol\u00f3gico y econ\u00f3mico de la utilizaci\u00f3n de psicol\u00e9pticos y psicoanal\u00e9pticos en castilla y le\u00f3n<\/strong>\u00ab<\/h3>\n<ul>\n<li><strong>T\u00edtulo de la tesis:<\/strong>\u00a0 An\u00e1lisis farmacoepidemiol\u00f3gico y econ\u00f3mico de la utilizaci\u00f3n de psicol\u00e9pticos y psicoanal\u00e9pticos en castilla y le\u00f3n <\/li>\n<li><strong>Autor:<\/strong>\u00a0 Carlos Trece\u00f1o Lobato <\/li>\n<li><strong>Universidad:<\/strong>\u00a0 Valladolid<\/li>\n<li><strong>Fecha de lectura de la tesis:<\/strong>\u00a0 21\/07\/2008<\/li>\n<\/ul>\n<p>&nbsp;<\/p>\n<h3>Direcci\u00f3n y tribunal<\/h3>\n<ul>\n<li><strong>Director de la tesis<\/strong>\n<ul>\n<li>Javier Garc\u00eda Del Pozo<\/li>\n<\/ul>\n<\/li>\n<li><strong>Tribunal<\/strong>\n<ul>\n<li>Presidente del tribunal: pedro Lorenzo fern\u00e1ndez <\/li>\n<li>ramona Mateos campo (vocal)<\/li>\n<li>Mar\u00eda Luisa Mart\u00edn calvo (vocal)<\/li>\n<li>Luis Carlos Abecia inchaurregui (vocal)<\/li>\n<\/ul>\n<\/li>\n<\/ul>\n<p>&nbsp;<\/p>\n","protected":false},"excerpt":{"rendered":"<p>Tesis doctoral de Carlos Trece\u00f1o Lobato La elevada utilizaci\u00f3n y el posible uso inadecuado de los medicamentos psicol\u00e9pticos y psicoanal\u00e9pticos [&hellip;]<\/p>\n","protected":false},"author":1,"featured_media":0,"comment_status":"open","ping_status":"open","sticky":false,"template":"","format":"standard","meta":{"site-sidebar-layout":"default","site-content-layout":"","ast-site-content-layout":"","site-content-style":"default","site-sidebar-style":"default","ast-global-header-display":"","ast-banner-title-visibility":"","ast-main-header-display":"","ast-hfb-above-header-display":"","ast-hfb-below-header-display":"","ast-hfb-mobile-header-display":"","site-post-title":"","ast-breadcrumbs-content":"","ast-featured-img":"","footer-sml-layout":"","theme-transparent-header-meta":"","adv-header-id-meta":"","stick-header-meta":"","header-above-stick-meta":"","header-main-stick-meta":"","header-below-stick-meta":"","astra-migrate-meta-layouts":"default","ast-page-background-enabled":"default","ast-page-background-meta":{"desktop":{"background-color":"var(--ast-global-color-4)","background-image":"","background-repeat":"repeat","background-position":"center center","background-size":"auto","background-attachment":"scroll","background-type":"","background-media":"","overlay-type":"","overlay-color":"","overlay-gradient":""},"tablet":{"background-color":"","background-image":"","background-repeat":"repeat","background-position":"center center","background-size":"auto","background-attachment":"scroll","background-type":"","background-media":"","overlay-type":"","overlay-color":"","overlay-gradient":""},"mobile":{"background-color":"","background-image":"","background-repeat":"repeat","background-position":"center center","background-size":"auto","background-attachment":"scroll","background-type":"","background-media":"","overlay-type":"","overlay-color":"","overlay-gradient":""}},"ast-content-background-meta":{"desktop":{"background-color":"var(--ast-global-color-5)","background-image":"","background-repeat":"repeat","background-position":"center center","background-size":"auto","background-attachment":"scroll","background-type":"","background-media":"","overlay-type":"","overlay-color":"","overlay-gradient":""},"tablet":{"background-color":"var(--ast-global-color-5)","background-image":"","background-repeat":"repeat","background-position":"center center","background-size":"auto","background-attachment":"scroll","background-type":"","background-media":"","overlay-type":"","overlay-color":"","overlay-gradient":""},"mobile":{"background-color":"var(--ast-global-color-5)","background-image":"","background-repeat":"repeat","background-position":"center center","background-size":"auto","background-attachment":"scroll","background-type":"","background-media":"","overlay-type":"","overlay-color":"","overlay-gradient":""}},"footnotes":""},"categories":[1086,12451],"tags":[146536,146537,41246,145231,898,146538],"class_list":["post-66523","post","type-post","status-publish","format-standard","hentry","category-epidemiologia","category-valladolid","tag-carlos-treceno-lobato","tag-javier-garcia-del-pozo","tag-luis-carlos-abecia-inchaurregui","tag-maria-luisa-martin-calvo","tag-pedro-lorenzo-fernandez","tag-ramona-mateos-campo"],"_links":{"self":[{"href":"https:\/\/www.deberes.net\/tesis\/wp-json\/wp\/v2\/posts\/66523","targetHints":{"allow":["GET"]}}],"collection":[{"href":"https:\/\/www.deberes.net\/tesis\/wp-json\/wp\/v2\/posts"}],"about":[{"href":"https:\/\/www.deberes.net\/tesis\/wp-json\/wp\/v2\/types\/post"}],"author":[{"embeddable":true,"href":"https:\/\/www.deberes.net\/tesis\/wp-json\/wp\/v2\/users\/1"}],"replies":[{"embeddable":true,"href":"https:\/\/www.deberes.net\/tesis\/wp-json\/wp\/v2\/comments?post=66523"}],"version-history":[{"count":0,"href":"https:\/\/www.deberes.net\/tesis\/wp-json\/wp\/v2\/posts\/66523\/revisions"}],"wp:attachment":[{"href":"https:\/\/www.deberes.net\/tesis\/wp-json\/wp\/v2\/media?parent=66523"}],"wp:term":[{"taxonomy":"category","embeddable":true,"href":"https:\/\/www.deberes.net\/tesis\/wp-json\/wp\/v2\/categories?post=66523"},{"taxonomy":"post_tag","embeddable":true,"href":"https:\/\/www.deberes.net\/tesis\/wp-json\/wp\/v2\/tags?post=66523"}],"curies":[{"name":"wp","href":"https:\/\/api.w.org\/{rel}","templated":true}]}}