{"id":66556,"date":"2018-03-09T22:54:52","date_gmt":"2018-03-09T22:54:52","guid":{"rendered":"https:\/\/www.deberes.net\/tesis\/sin-categoria\/desarrollo-profesional-de-la-mujer-y-pola%c2%adticas-de-conciliacion-caso-apa\/"},"modified":"2018-03-09T22:54:52","modified_gmt":"2018-03-09T22:54:52","slug":"desarrollo-profesional-de-la-mujer-y-pola%c2%adticas-de-conciliacion-caso-apa","status":"publish","type":"post","link":"https:\/\/www.deberes.net\/tesis\/organizacion-y-gestion-de-empresas\/desarrollo-profesional-de-la-mujer-y-pola%c2%adticas-de-conciliacion-caso-apa\/","title":{"rendered":"Desarrollo profesional de la mujer y pol\u00edticas de conciliaci\u00f3n. caso apa"},"content":{"rendered":"<h2>Tesis doctoral de <strong> Luz Mar\u00eda Velazquez S\u00e1nchez <\/strong><\/h2>\n<p>El proyecto de investigaci\u00f3n de la presente tesis surge como respuesta a inquietudes relacionadas a la carrera profesional de la mujer y a su vida personal y familiar.   el  objetivo  general  de  la  tesis  fue  explicar  el  desarrollo  profesional  de     la mujer y las pol\u00edticas de conciliaci\u00f3n.       la estructura de la tesis es la siguiente,  inicia con una introducci\u00f3n justificando y explicando el tema de investigaci\u00f3n el cual est\u00e1 vinculado al desarrollo profesional de la mujer en la apa y a las pol\u00edticas de conciliaci\u00f3n. En el cap\u00edtulo primero se describen  aspectos econ\u00f3micos y sociales en relaci\u00f3n a la mujer en el mundo, en latinoam\u00e9rica y en m\u00e9xico. Asimismo en este cap\u00edtulo se habla de la situaci\u00f3n de la industria de la publicidad en m\u00e9xico. Posteriormente en el cap\u00edtulo segundo  se revisan  modelos  de desarrollo profesional; las definiciones de carrera profesional; desarrollo profesional de la mujer; interrupciones y barreras al desarrollo profesional; \u00e9xito profesional y puestos de direcci\u00f3n para mujeres entre otros temas.   Consecutivamente en el tercero se presentan estudios acerca de lo que son las pol\u00edticas de conciliaci\u00f3n, el equilibrio entre el trabajo y la vida personal o familiar, el c\u00f3mo se justifican dichas pol\u00edticas en las empresas e instituciones.    en el cap\u00edtulo cuarto se detalla la parte emp\u00edrica de la investigaci\u00f3n con la finalidad de conocer el desarrollo profesional y las pol\u00edticas de conciliaci\u00f3n. Primeramente se llev\u00f3 a cabo un estudio cuantitativo a trav\u00e9s de la aplicaci\u00f3n de una encuesta a las mujeres que trabajan en las agencias que pertenecen a la  apa  para conocer hechos y variables que tienen que ver con aspectos del desarrollo profesional de la mujer. Y para explicar los resultados obtenidos en la investigaci\u00f3n cuantitativa se realizaron entrevistas en profundidad. El cap\u00edtulo 5 presenta el an\u00e1lisis y discusi\u00f3n de la aplicaci\u00f3n pr\u00e1ctica llevada a cabo. Se exponen los resultados m\u00e1s significativos obtenidos a partir de la combinaci\u00f3n entre los dos tipos de metodolog\u00eda utilizados. Primero se aborda el estudio cuantitativo y despu\u00e9s el cualitativo. Finalmente en el cap\u00edtulo 6 se presentan las conclusiones y futuras l\u00edneas de investigaci\u00f3n relacionadas con el tema.  se lleg\u00f3 a la conclusi\u00f3n de que las mujeres profesionales que trabajan en apa s\u00ed perciben desarrollo profesional dentro de las agencias y que las dos pol\u00edticas de conciliaci\u00f3n que est\u00e1n desarrolladas son flexibilidad de horario y permiso de ausentarse sin perder el empleo.  esta investigaci\u00f3n aporta como contribuci\u00f3n al tema de desarrollo profesional de la mujer y conciliaci\u00f3n en m\u00e9xico ya que fue satisfactorio encontrar que las mujeres percibe desarrollo y apoyos, lo que podr\u00eda sugerir a las agencias el dise\u00f1ar e implementar formalmente un modelo de empresas familiarmente responsables.<\/p>\n<p>&nbsp;<\/p>\n<h3>Datos acad\u00e9micos de la tesis doctoral \u00ab<strong>Desarrollo profesional de la mujer y pol\u00edticas de conciliaci\u00f3n. caso apa<\/strong>\u00ab<\/h3>\n<ul>\n<li><strong>T\u00edtulo de la tesis:<\/strong>\u00a0 Desarrollo profesional de la mujer y pol\u00edticas de conciliaci\u00f3n. caso apa <\/li>\n<li><strong>Autor:<\/strong>\u00a0 Luz Mar\u00eda Velazquez S\u00e1nchez <\/li>\n<li><strong>Universidad:<\/strong>\u00a0 Deusto<\/li>\n<li><strong>Fecha de lectura de la tesis:<\/strong>\u00a0 22\/07\/2008<\/li>\n<\/ul>\n<p>&nbsp;<\/p>\n<h3>Direcci\u00f3n y tribunal<\/h3>\n<ul>\n<li><strong>Director de la tesis<\/strong>\n<ul>\n<li>Aranzazu Echaniz Barrondo<\/li>\n<\/ul>\n<\/li>\n<li><strong>Tribunal<\/strong>\n<ul>\n<li>Presidente del tribunal: Santiago Garc\u00eda echevarr\u00eda <\/li>\n<li>Mar\u00eda antonia Ribas bonet (vocal)<\/li>\n<li>sabino Ayestar\u00e1n etxebarria (vocal)<\/li>\n<li>Miguel Ayerbe echeberr\u00eda (vocal)<\/li>\n<\/ul>\n<\/li>\n<\/ul>\n<p>&nbsp;<\/p>\n","protected":false},"excerpt":{"rendered":"<p>Tesis doctoral de Luz Mar\u00eda Velazquez S\u00e1nchez El proyecto de investigaci\u00f3n de la presente tesis surge como respuesta a inquietudes [&hellip;]<\/p>\n","protected":false},"author":1,"featured_media":0,"comment_status":"open","ping_status":"open","sticky":false,"template":"","format":"standard","meta":{"site-sidebar-layout":"default","site-content-layout":"","ast-site-content-layout":"","site-content-style":"default","site-sidebar-style":"default","ast-global-header-display":"","ast-banner-title-visibility":"","ast-main-header-display":"","ast-hfb-above-header-display":"","ast-hfb-below-header-display":"","ast-hfb-mobile-header-display":"","site-post-title":"","ast-breadcrumbs-content":"","ast-featured-img":"","footer-sml-layout":"","theme-transparent-header-meta":"","adv-header-id-meta":"","stick-header-meta":"","header-above-stick-meta":"","header-main-stick-meta":"","header-below-stick-meta":"","astra-migrate-meta-layouts":"default","ast-page-background-enabled":"default","ast-page-background-meta":{"desktop":{"background-color":"var(--ast-global-color-4)","background-image":"","background-repeat":"repeat","background-position":"center center","background-size":"auto","background-attachment":"scroll","background-type":"","background-media":"","overlay-type":"","overlay-color":"","overlay-gradient":""},"tablet":{"background-color":"","background-image":"","background-repeat":"repeat","background-position":"center center","background-size":"auto","background-attachment":"scroll","background-type":"","background-media":"","overlay-type":"","overlay-color":"","overlay-gradient":""},"mobile":{"background-color":"","background-image":"","background-repeat":"repeat","background-position":"center center","background-size":"auto","background-attachment":"scroll","background-type":"","background-media":"","overlay-type":"","overlay-color":"","overlay-gradient":""}},"ast-content-background-meta":{"desktop":{"background-color":"var(--ast-global-color-5)","background-image":"","background-repeat":"repeat","background-position":"center center","background-size":"auto","background-attachment":"scroll","background-type":"","background-media":"","overlay-type":"","overlay-color":"","overlay-gradient":""},"tablet":{"background-color":"var(--ast-global-color-5)","background-image":"","background-repeat":"repeat","background-position":"center center","background-size":"auto","background-attachment":"scroll","background-type":"","background-media":"","overlay-type":"","overlay-color":"","overlay-gradient":""},"mobile":{"background-color":"var(--ast-global-color-5)","background-image":"","background-repeat":"repeat","background-position":"center center","background-size":"auto","background-attachment":"scroll","background-type":"","background-media":"","overlay-type":"","overlay-color":"","overlay-gradient":""}},"footnotes":""},"categories":[31910,7570,1302,8113,1496],"tags":[47327,146599,82611,47329,26788,31726],"class_list":["post-66556","post","type-post","status-publish","format-standard","hentry","category-deusto","category-gestion-de-recursos-humanos","category-organizacion-y-gestion-de-empresas","category-posicion-social-de-la-mujer","category-sociologia-del-trabajo","tag-aranzazu-echaniz-barrondo","tag-luz-maria-velazquez-sanchez","tag-maria-antonia-ribas-bonet","tag-miguel-ayerbe-echeberria","tag-sabino-ayestaran-etxebarria","tag-santiago-garcia-echevarria"],"_links":{"self":[{"href":"https:\/\/www.deberes.net\/tesis\/wp-json\/wp\/v2\/posts\/66556","targetHints":{"allow":["GET"]}}],"collection":[{"href":"https:\/\/www.deberes.net\/tesis\/wp-json\/wp\/v2\/posts"}],"about":[{"href":"https:\/\/www.deberes.net\/tesis\/wp-json\/wp\/v2\/types\/post"}],"author":[{"embeddable":true,"href":"https:\/\/www.deberes.net\/tesis\/wp-json\/wp\/v2\/users\/1"}],"replies":[{"embeddable":true,"href":"https:\/\/www.deberes.net\/tesis\/wp-json\/wp\/v2\/comments?post=66556"}],"version-history":[{"count":0,"href":"https:\/\/www.deberes.net\/tesis\/wp-json\/wp\/v2\/posts\/66556\/revisions"}],"wp:attachment":[{"href":"https:\/\/www.deberes.net\/tesis\/wp-json\/wp\/v2\/media?parent=66556"}],"wp:term":[{"taxonomy":"category","embeddable":true,"href":"https:\/\/www.deberes.net\/tesis\/wp-json\/wp\/v2\/categories?post=66556"},{"taxonomy":"post_tag","embeddable":true,"href":"https:\/\/www.deberes.net\/tesis\/wp-json\/wp\/v2\/tags?post=66556"}],"curies":[{"name":"wp","href":"https:\/\/api.w.org\/{rel}","templated":true}]}}