{"id":66580,"date":"2018-03-09T22:54:56","date_gmt":"2018-03-09T22:54:56","guid":{"rendered":"https:\/\/www.deberes.net\/tesis\/sin-categoria\/iconologa%c2%ada-del-organistrum-en-el-arte-medieval-espanol-su-reconstruccion\/"},"modified":"2018-03-09T22:54:56","modified_gmt":"2018-03-09T22:54:56","slug":"iconologa%c2%ada-del-organistrum-en-el-arte-medieval-espanol-su-reconstruccion","status":"publish","type":"post","link":"https:\/\/www.deberes.net\/tesis\/escultura\/iconologa%c2%ada-del-organistrum-en-el-arte-medieval-espanol-su-reconstruccion\/","title":{"rendered":"Iconolog\u00eda del \u00aborganistrum\u00bb en el arte medieval espa\u00f1ol. su reconstrucci\u00f3n."},"content":{"rendered":"<h2>Tesis doctoral de <strong> Antonio Poves Oliv\u00e1n <\/strong><\/h2>\n<p>Se trata de un estudio sobre uno de los instrumentos musicales de cuerda esculpidos en los p\u00f3rticos de iglesias y catedrales en la espa\u00f1a medieval: el \u00aborganistrum\u00bb. Este instrumento musical incorpora un mecanismo diferenciador respecto al resto de los cord\u00f3fonos: una rueda y elementos auxiliares, eje y soportes, adem\u00e1s de un plumier con teclas.  la representaci\u00f3n m\u00e1s importante es la tallada en el p\u00f3rtico de la gloria en santiago de compostela. el \u00aborganistrum\u00bb era un cord\u00f3fono, es decir, un instrumento musical de cuerdas, que se tocaba haciendo girar una rueda por medio de una manivela. Al accionar la manivela, la rueda, impregnada en resina en polvo, hac\u00eda vibrar las cuerdas que, protegidas con algod\u00f3n, nos proporcionan el sonido del instrumento. Por su  tama\u00f1o y complejidad era necesaria la presencia de dos m\u00fasicos para interpretar las melod\u00edas, que en la mayor\u00eda de la iconograf\u00eda estudiada, son figuras sedentes con el instrumento apoyado sobre sus piernas. Uno de los dos m\u00fasicos ten\u00eda como misi\u00f3n girar el manubrio para accionar la rueda de madera y as\u00ed producir el sonido y el ritmo, mientras que el otro m\u00fasico accionaba el teclado con ambas manos.  este trabajo incluye dos partes fundamentales: una hist\u00f3rico-art\u00edstica y otra cient\u00edfica. Est\u00e1 agrupado en tres vol\u00famenes para facilitar su lectura o consulta. El volumen i contiene la parte te\u00f3rica (definici\u00f3n, fuentes, descripci\u00f3n del instrumento y de los p\u00f3rticos, conclusiones y bibliograf\u00eda); el volumen ii presenta el trabajo de campo y el archivo fotogr\u00e1fico; y en el volumen iii se desarrolla la reconstrucci\u00f3n de los instrumentos, encaminada a la demostraci\u00f3n cient\u00edfica del an\u00e1lisis iconogr\u00e1fico de los \u00aborganistra\u00bb. En una carpeta aparte est\u00e1 el anexo con los planos generales del montaje de los siete \u00aborganistra\u00bb reconstruidos, para mayor legibilidad de sus contenidos. Junto a esta informaci\u00f3n he incluido una fotograf\u00eda (en formato a4) en color de cada uno de los instrumentos presentados, un cd con los archivos<\/p>\n<p>&nbsp;<\/p>\n<h3>Datos acad\u00e9micos de la tesis doctoral \u00ab<strong>Iconolog\u00eda del \u00aborganistrum\u00bb en el arte medieval espa\u00f1ol. su reconstrucci\u00f3n.<\/strong>\u00ab<\/h3>\n<ul>\n<li><strong>T\u00edtulo de la tesis:<\/strong>\u00a0 Iconolog\u00eda del \u00aborganistrum\u00bb en el arte medieval espa\u00f1ol. su reconstrucci\u00f3n. <\/li>\n<li><strong>Autor:<\/strong>\u00a0 Antonio Poves Oliv\u00e1n <\/li>\n<li><strong>Universidad:<\/strong>\u00a0 Polit\u00e9cnica de Valencia<\/li>\n<li><strong>Fecha de lectura de la tesis:<\/strong>\u00a0 22\/07\/2008<\/li>\n<\/ul>\n<p>&nbsp;<\/p>\n<h3>Direcci\u00f3n y tribunal<\/h3>\n<ul>\n<li><strong>Director de la tesis<\/strong>\n<ul>\n<li>Juan Llaver\u00eda Arasa<\/li>\n<\/ul>\n<\/li>\n<li><strong>Tribunal<\/strong>\n<ul>\n<li>Presidente del tribunal: Juan  bautista Peiro lopez <\/li>\n<li>Francisco Javier G\u00f3mez de segura hern\u00e1ndez (vocal)<\/li>\n<li>Carlos Plasencia climent (vocal)<\/li>\n<li>Jos\u00e9 De Santiago silva (vocal)<\/li>\n<\/ul>\n<\/li>\n<\/ul>\n<p>&nbsp;<\/p>\n","protected":false},"excerpt":{"rendered":"<p>Tesis doctoral de Antonio Poves Oliv\u00e1n Se trata de un estudio sobre uno de los instrumentos musicales de cuerda esculpidos [&hellip;]<\/p>\n","protected":false},"author":1,"featured_media":0,"comment_status":"open","ping_status":"open","sticky":false,"template":"","format":"standard","meta":{"site-sidebar-layout":"default","site-content-layout":"","ast-site-content-layout":"","site-content-style":"default","site-sidebar-style":"default","ast-global-header-display":"","ast-banner-title-visibility":"","ast-main-header-display":"","ast-hfb-above-header-display":"","ast-hfb-below-header-display":"","ast-hfb-mobile-header-display":"","site-post-title":"","ast-breadcrumbs-content":"","ast-featured-img":"","footer-sml-layout":"","theme-transparent-header-meta":"","adv-header-id-meta":"","stick-header-meta":"","header-above-stick-meta":"","header-main-stick-meta":"","header-below-stick-meta":"","astra-migrate-meta-layouts":"default","ast-page-background-enabled":"default","ast-page-background-meta":{"desktop":{"background-color":"var(--ast-global-color-4)","background-image":"","background-repeat":"repeat","background-position":"center center","background-size":"auto","background-attachment":"scroll","background-type":"","background-media":"","overlay-type":"","overlay-color":"","overlay-gradient":""},"tablet":{"background-color":"","background-image":"","background-repeat":"repeat","background-position":"center center","background-size":"auto","background-attachment":"scroll","background-type":"","background-media":"","overlay-type":"","overlay-color":"","overlay-gradient":""},"mobile":{"background-color":"","background-image":"","background-repeat":"repeat","background-position":"center center","background-size":"auto","background-attachment":"scroll","background-type":"","background-media":"","overlay-type":"","overlay-color":"","overlay-gradient":""}},"ast-content-background-meta":{"desktop":{"background-color":"var(--ast-global-color-5)","background-image":"","background-repeat":"repeat","background-position":"center center","background-size":"auto","background-attachment":"scroll","background-type":"","background-media":"","overlay-type":"","overlay-color":"","overlay-gradient":""},"tablet":{"background-color":"var(--ast-global-color-5)","background-image":"","background-repeat":"repeat","background-position":"center center","background-size":"auto","background-attachment":"scroll","background-type":"","background-media":"","overlay-type":"","overlay-color":"","overlay-gradient":""},"mobile":{"background-color":"var(--ast-global-color-5)","background-image":"","background-repeat":"repeat","background-position":"center center","background-size":"auto","background-attachment":"scroll","background-type":"","background-media":"","overlay-type":"","overlay-color":"","overlay-gradient":""}},"footnotes":""},"categories":[4363,16820],"tags":[146653,31219,146654,146655,31393,31232],"class_list":["post-66580","post","type-post","status-publish","format-standard","hentry","category-escultura","category-politecnica-de-valencia","tag-antonio-poves-olivan","tag-carlos-plasencia-climent","tag-francisco-javier-gomez-de-segura-hernandez","tag-jose-de-santiago-silva","tag-juan-bautista-peiro-lopez","tag-juan-llaveria-arasa"],"_links":{"self":[{"href":"https:\/\/www.deberes.net\/tesis\/wp-json\/wp\/v2\/posts\/66580","targetHints":{"allow":["GET"]}}],"collection":[{"href":"https:\/\/www.deberes.net\/tesis\/wp-json\/wp\/v2\/posts"}],"about":[{"href":"https:\/\/www.deberes.net\/tesis\/wp-json\/wp\/v2\/types\/post"}],"author":[{"embeddable":true,"href":"https:\/\/www.deberes.net\/tesis\/wp-json\/wp\/v2\/users\/1"}],"replies":[{"embeddable":true,"href":"https:\/\/www.deberes.net\/tesis\/wp-json\/wp\/v2\/comments?post=66580"}],"version-history":[{"count":0,"href":"https:\/\/www.deberes.net\/tesis\/wp-json\/wp\/v2\/posts\/66580\/revisions"}],"wp:attachment":[{"href":"https:\/\/www.deberes.net\/tesis\/wp-json\/wp\/v2\/media?parent=66580"}],"wp:term":[{"taxonomy":"category","embeddable":true,"href":"https:\/\/www.deberes.net\/tesis\/wp-json\/wp\/v2\/categories?post=66580"},{"taxonomy":"post_tag","embeddable":true,"href":"https:\/\/www.deberes.net\/tesis\/wp-json\/wp\/v2\/tags?post=66580"}],"curies":[{"name":"wp","href":"https:\/\/api.w.org\/{rel}","templated":true}]}}