{"id":66594,"date":"2018-03-09T22:54:56","date_gmt":"2018-03-09T22:54:56","guid":{"rendered":"https:\/\/www.deberes.net\/tesis\/sin-categoria\/efecto-del-acido-oleico-en-la-migracion-neuronal-y-en-la-formacion-de-sinapsis\/"},"modified":"2018-03-09T22:54:56","modified_gmt":"2018-03-09T22:54:56","slug":"efecto-del-acido-oleico-en-la-migracion-neuronal-y-en-la-formacion-de-sinapsis","status":"publish","type":"post","link":"https:\/\/www.deberes.net\/tesis\/salamanca\/efecto-del-acido-oleico-en-la-migracion-neuronal-y-en-la-formacion-de-sinapsis\/","title":{"rendered":"Efecto del \u00e1cido oleico en la migraci\u00f3n neuronal y en la formaci\u00f3n de sinapsis"},"content":{"rendered":"<h2>Tesis doctoral de <strong> M\u00aa De La Vega Tello Hern\u00e1ndez <\/strong><\/h2>\n<p>El \u00e1cido oleico, un \u00e1cido graso de 18 \u00e1tomos de carbono, con un doble enlace en posici\u00f3n cis, act\u00faa como un factor neurotr\u00f3fico en neuronas en cultivo primario. Este efecto neurotr\u00f3fico se caracteriza por un aumento en los niveles de expresi\u00f3n del las prote\u00ednas marcadoras de diferenciaci\u00f3n neuronal gap-43 y map-2, as\u00ed como por una agrupaci\u00f3n de las neuronas por sus somas, emitiendo de forma radial los axones. En trabajos previos comprobamos que existe un efecto sin\u00e9rgico entre el \u00e1cido oleico y las neurotrofinas nt-3 y nt-4\/5 en la expresi\u00f3n de la prote\u00edna gap-43. En este trabajo nos propusimos estudiar el mecanismo de acci\u00f3n del \u00e1cido oleico en la diferenciaci\u00f3n neuronal. Existen un gran n\u00famero de factores de transcripci\u00f3n que pueden estar implicados en la diferenciaci\u00f3n neuronal, y entre ellos los mejor descritos son los factores de la familia de los neurods, que son factores de trascripci\u00f3n de la familia bhlh. Son factores neurog\u00e9nicos y son tres: nex-1, neurod1 y neurod2. Nuestros resultados indican que el \u00e1cido oleico aumenta los niveles de expresi\u00f3n del neurod2, y del nex-1, pero no del neurod1. Por otro lado, al estudiar el mecanismo de acci\u00f3n sin\u00e9rgico de las neurotrofinas y el \u00e1cido oleico encontramos que el neurod1 et\u00e1 implicado en este efecto. Tambi\u00e9n decidimos estudiar el efecto del \u00e1cido oleico y su colaboraci\u00f3n con las neurotrofinas tanto en la migraci\u00f3n, como en la formaci\u00f3n de la sinapsis neuronal. Nuestros resultados indican que el \u00e1cido oleico presenta el mismo efecto sobre la prote\u00edna marcadora de migraci\u00f3n neuronal doblecortina (dcx) que las neurotrofinas nt-3 y nt-4\/5, existiendo adem\u00e1s un efecto sumatorio entre \u00e9stas y el \u00e1cido oleico. Adem\u00e1s, al estudiar la formaci\u00f3n de sinapsis, comprobamos que el \u00e1cido oleico y las neurotrofinas aumentan la expresi\u00f3n de las prote\u00ednas marcadoras de sinapsis sinaptotagmina i, psd-95 y glur-2\/3. Finalmente, tanto el \u00e1cido oleico, como las neurotrofinas aumentan la formaci\u00f3n de los denominados puntos individuales de sinapsis.<\/p>\n<p>&nbsp;<\/p>\n<h3>Datos acad\u00e9micos de la tesis doctoral \u00ab<strong>Efecto del \u00e1cido oleico en la migraci\u00f3n neuronal y en la formaci\u00f3n de sinapsis<\/strong>\u00ab<\/h3>\n<ul>\n<li><strong>T\u00edtulo de la tesis:<\/strong>\u00a0 Efecto del \u00e1cido oleico en la migraci\u00f3n neuronal y en la formaci\u00f3n de sinapsis <\/li>\n<li><strong>Autor:<\/strong>\u00a0 M\u00aa De La Vega Tello Hern\u00e1ndez <\/li>\n<li><strong>Universidad:<\/strong>\u00a0 Salamanca<\/li>\n<li><strong>Fecha de lectura de la tesis:<\/strong>\u00a0 23\/07\/2008<\/li>\n<\/ul>\n<p>&nbsp;<\/p>\n<h3>Direcci\u00f3n y tribunal<\/h3>\n<ul>\n<li><strong>Director de la tesis<\/strong>\n<ul>\n<li>Jos\u00e9 Mar\u00eda Medina Jimenez<\/li>\n<\/ul>\n<\/li>\n<li><strong>Tribunal<\/strong>\n<ul>\n<li>Presidente del tribunal: Miguel angel Merchan cifuentes <\/li>\n<li>Fernando Escriva pons (vocal)<\/li>\n<li>Mar\u00eda  dolores Suarez ortega (vocal)<\/li>\n<li>M\u00aa pilar Ramos \u00e1lvarez (vocal)<\/li>\n<\/ul>\n<\/li>\n<\/ul>\n<p>&nbsp;<\/p>\n","protected":false},"excerpt":{"rendered":"<p>Tesis doctoral de M\u00aa De La Vega Tello Hern\u00e1ndez El \u00e1cido oleico, un \u00e1cido graso de 18 \u00e1tomos de carbono, [&hellip;]<\/p>\n","protected":false},"author":1,"featured_media":0,"comment_status":"open","ping_status":"open","sticky":false,"template":"","format":"standard","meta":{"site-sidebar-layout":"default","site-content-layout":"","ast-site-content-layout":"","site-content-style":"default","site-sidebar-style":"default","ast-global-header-display":"","ast-banner-title-visibility":"","ast-main-header-display":"","ast-hfb-above-header-display":"","ast-hfb-below-header-display":"","ast-hfb-mobile-header-display":"","site-post-title":"","ast-breadcrumbs-content":"","ast-featured-img":"","footer-sml-layout":"","theme-transparent-header-meta":"","adv-header-id-meta":"","stick-header-meta":"","header-above-stick-meta":"","header-main-stick-meta":"","header-below-stick-meta":"","astra-migrate-meta-layouts":"default","ast-page-background-enabled":"default","ast-page-background-meta":{"desktop":{"background-color":"var(--ast-global-color-4)","background-image":"","background-repeat":"repeat","background-position":"center center","background-size":"auto","background-attachment":"scroll","background-type":"","background-media":"","overlay-type":"","overlay-color":"","overlay-gradient":""},"tablet":{"background-color":"","background-image":"","background-repeat":"repeat","background-position":"center center","background-size":"auto","background-attachment":"scroll","background-type":"","background-media":"","overlay-type":"","overlay-color":"","overlay-gradient":""},"mobile":{"background-color":"","background-image":"","background-repeat":"repeat","background-position":"center center","background-size":"auto","background-attachment":"scroll","background-type":"","background-media":"","overlay-type":"","overlay-color":"","overlay-gradient":""}},"ast-content-background-meta":{"desktop":{"background-color":"var(--ast-global-color-5)","background-image":"","background-repeat":"repeat","background-position":"center center","background-size":"auto","background-attachment":"scroll","background-type":"","background-media":"","overlay-type":"","overlay-color":"","overlay-gradient":""},"tablet":{"background-color":"var(--ast-global-color-5)","background-image":"","background-repeat":"repeat","background-position":"center center","background-size":"auto","background-attachment":"scroll","background-type":"","background-media":"","overlay-type":"","overlay-color":"","overlay-gradient":""},"mobile":{"background-color":"var(--ast-global-color-5)","background-image":"","background-repeat":"repeat","background-position":"center center","background-size":"auto","background-attachment":"scroll","background-type":"","background-media":"","overlay-type":"","overlay-color":"","overlay-gradient":""}},"footnotes":""},"categories":[40433,39702,9386],"tags":[84416,7301,3372,9729,146684,146685],"class_list":["post-66594","post","type-post","status-publish","format-standard","hentry","category-neurobiologia-molecular","category-neuroquimica","category-salamanca","tag-fernando-escriva-pons","tag-jose-maria-medina-jimenez","tag-maria-dolores-suarez-ortega","tag-miguel-angel-merchan-cifuentes","tag-ma-de-la-vega-tello-hernandez","tag-ma-pilar-ramos-alvarez"],"_links":{"self":[{"href":"https:\/\/www.deberes.net\/tesis\/wp-json\/wp\/v2\/posts\/66594","targetHints":{"allow":["GET"]}}],"collection":[{"href":"https:\/\/www.deberes.net\/tesis\/wp-json\/wp\/v2\/posts"}],"about":[{"href":"https:\/\/www.deberes.net\/tesis\/wp-json\/wp\/v2\/types\/post"}],"author":[{"embeddable":true,"href":"https:\/\/www.deberes.net\/tesis\/wp-json\/wp\/v2\/users\/1"}],"replies":[{"embeddable":true,"href":"https:\/\/www.deberes.net\/tesis\/wp-json\/wp\/v2\/comments?post=66594"}],"version-history":[{"count":0,"href":"https:\/\/www.deberes.net\/tesis\/wp-json\/wp\/v2\/posts\/66594\/revisions"}],"wp:attachment":[{"href":"https:\/\/www.deberes.net\/tesis\/wp-json\/wp\/v2\/media?parent=66594"}],"wp:term":[{"taxonomy":"category","embeddable":true,"href":"https:\/\/www.deberes.net\/tesis\/wp-json\/wp\/v2\/categories?post=66594"},{"taxonomy":"post_tag","embeddable":true,"href":"https:\/\/www.deberes.net\/tesis\/wp-json\/wp\/v2\/tags?post=66594"}],"curies":[{"name":"wp","href":"https:\/\/api.w.org\/{rel}","templated":true}]}}