{"id":66605,"date":"2018-03-09T22:54:56","date_gmt":"2018-03-09T22:54:56","guid":{"rendered":"https:\/\/www.deberes.net\/tesis\/sin-categoria\/historia-del-edificio-de-la-sede-del-neoclasico-la-academia-de-san-carlos-novohispana\/"},"modified":"2018-03-09T22:54:56","modified_gmt":"2018-03-09T22:54:56","slug":"historia-del-edificio-de-la-sede-del-neoclasico-la-academia-de-san-carlos-novohispana","status":"publish","type":"post","link":"https:\/\/www.deberes.net\/tesis\/ciencias-de-las-artes-y-las-letras\/historia-del-edificio-de-la-sede-del-neoclasico-la-academia-de-san-carlos-novohispana\/","title":{"rendered":"Historia del edificio de la sede del neocl\u00e1sico: la academia de san carlos novohispana."},"content":{"rendered":"<h2>Tesis doctoral de <strong> Elizabeth Fuentes Rojas <\/strong><\/h2>\n<p>La reconstrucci\u00f3n del \u00e1mbito acad\u00e9mico a trav\u00e9s de fotograf\u00edas de los a\u00f1os de 1897 a 1940, cubre un periodo importante de la instituci\u00f3n en el que floreci\u00f3 como centro de ense\u00f1anza y como recinto museal. El acontecer hist\u00f3rico, cultural y art\u00edstico preceptuado por los profesionales de la lente, es un material documental de valor incalculable para la investigaci\u00f3n de su trayectoria. El destino del edificio se reflej\u00f3 en las im\u00e1genes. A su situaci\u00f3n econ\u00f3mica cambiante se debi\u00f3 el auge, el abandono, las adaptaciones, modificaciones, adquisiciones o reconstrucciones que ha tenido a trav\u00e9s del tiempo. La preocupaci\u00f3n de mejorar sus instalaciones ha sido permanente, innumerables personajes, directores, profesores y disc\u00edpulos han intervenido en ellas. Es preciso destacar que en la actualidad, con excepci\u00f3n de la valiosa, pero breve historia del edificio de la antigua academia (actual divisi\u00f3n de estudios de posgrado de la escuela nacional de artes pl\u00e1sticas) del doctor eduardo b\u00e1ez mac\u00edas, no existe un texto dedicado espec\u00edficamente a este tema tan importante, posiblemente la historia del edificio de la sede del neocl\u00e1sico: la academia de san carlos novohispana, arroje nueva luz que contribuya de alguna manera a complementar su imagen. Se trat\u00f3 de descifrar la historia que conten\u00edan las im\u00e1genes y no de ilustrarla con ellas. As\u00ed la idea de construir el andamiaje del texto con la estructura visual de las fotograf\u00edas orient\u00f3 la investigaci\u00f3n hacia rumbos espec\u00edficos y seguramente esto afect\u00f3 la hilaci\u00f3n y fluidez del discurso. El punto de partida fue la reconstrucci\u00f3n de una escena a trav\u00e9s de la identificaci\u00f3n de los personajes, de la localizaci\u00f3n de los espacios en los planos de la \u00e9poca correspondientes a las fotograf\u00edas, al reconocimiento de obras escult\u00f3ricas, pict\u00f3ricas y grabados, as\u00ed como de los accesorios expuestos. Despu\u00e9s se busc\u00f3 apoyo en la revisi\u00f3n del material documental y bibliogr\u00e1fico. Se explor\u00f3 cada una de las fotograf\u00edas como pieza \u00fanica, valiosa por s\u00ed misma, despu\u00e9s fue posible acercarse, mirar y tratar de deducir el asunto que refer\u00edan. La mayor\u00eda de \u00e9stas son in\u00e9ditas, otras se han incluido en interesantes textos sobre la academia. A trav\u00e9s del conjunto de im\u00e1genes seleccionado se pudo trazar una historia gr\u00e1fica de la academia desde un enfoque diferente, que permiti\u00f3 estructurarla paulatinamente y encontrar primero con los planos su crecimiento y avatares al paso del tiempo, luego la importancia de la academia en su papel de recinto muse\u00edstico. Con la imagen de los talleres se logr\u00f3 rescatar el impacto de la ense\u00f1anza del arte en la instituci\u00f3n -en una etapa que abarca de 1903 a 1940- en la cual se advierte el protagonismo que ha tenido en la formaci\u00f3n de numerosos artistas y en la producci\u00f3n de sus obras, cuya proyecci\u00f3n ha repercutido de manera determinante en la pl\u00e1stica mexicana.<\/p>\n<p>&nbsp;<\/p>\n<h3>Datos acad\u00e9micos de la tesis doctoral \u00ab<strong>Historia del edificio de la sede del neocl\u00e1sico: la academia de san carlos novohispana.<\/strong>\u00ab<\/h3>\n<ul>\n<li><strong>T\u00edtulo de la tesis:<\/strong>\u00a0 Historia del edificio de la sede del neocl\u00e1sico: la academia de san carlos novohispana. <\/li>\n<li><strong>Autor:<\/strong>\u00a0 Elizabeth Fuentes Rojas <\/li>\n<li><strong>Universidad:<\/strong>\u00a0 Polit\u00e9cnica de Valencia<\/li>\n<li><strong>Fecha de lectura de la tesis:<\/strong>\u00a0 23\/07\/2008<\/li>\n<\/ul>\n<p>&nbsp;<\/p>\n<h3>Direcci\u00f3n y tribunal<\/h3>\n<ul>\n<li><strong>Director de la tesis<\/strong>\n<ul>\n<li>Juan a Mar\u00eda Cazalla Pi\u00f1ero<\/li>\n<\/ul>\n<\/li>\n<li><strong>Tribunal<\/strong>\n<ul>\n<li>Presidente del tribunal: Juan  bautista Peiro lopez <\/li>\n<li>eduardo Ch\u00e1vez silva (vocal)<\/li>\n<li>Jos\u00e9 De Santiago silva (vocal)<\/li>\n<li>joan ignasi Aliaga morell (vocal)<\/li>\n<\/ul>\n<\/li>\n<\/ul>\n<p>&nbsp;<\/p>\n","protected":false},"excerpt":{"rendered":"<p>Tesis doctoral de Elizabeth Fuentes Rojas La reconstrucci\u00f3n del \u00e1mbito acad\u00e9mico a trav\u00e9s de fotograf\u00edas de los a\u00f1os de 1897 [&hellip;]<\/p>\n","protected":false},"author":1,"featured_media":0,"comment_status":"open","ping_status":"open","sticky":false,"template":"","format":"standard","meta":{"site-sidebar-layout":"default","site-content-layout":"","ast-site-content-layout":"","site-content-style":"default","site-sidebar-style":"default","ast-global-header-display":"","ast-banner-title-visibility":"","ast-main-header-display":"","ast-hfb-above-header-display":"","ast-hfb-below-header-display":"","ast-hfb-mobile-header-display":"","site-post-title":"","ast-breadcrumbs-content":"","ast-featured-img":"","footer-sml-layout":"","theme-transparent-header-meta":"","adv-header-id-meta":"","stick-header-meta":"","header-above-stick-meta":"","header-main-stick-meta":"","header-below-stick-meta":"","astra-migrate-meta-layouts":"default","ast-page-background-enabled":"default","ast-page-background-meta":{"desktop":{"background-color":"var(--ast-global-color-4)","background-image":"","background-repeat":"repeat","background-position":"center center","background-size":"auto","background-attachment":"scroll","background-type":"","background-media":"","overlay-type":"","overlay-color":"","overlay-gradient":""},"tablet":{"background-color":"","background-image":"","background-repeat":"repeat","background-position":"center center","background-size":"auto","background-attachment":"scroll","background-type":"","background-media":"","overlay-type":"","overlay-color":"","overlay-gradient":""},"mobile":{"background-color":"","background-image":"","background-repeat":"repeat","background-position":"center center","background-size":"auto","background-attachment":"scroll","background-type":"","background-media":"","overlay-type":"","overlay-color":"","overlay-gradient":""}},"ast-content-background-meta":{"desktop":{"background-color":"var(--ast-global-color-5)","background-image":"","background-repeat":"repeat","background-position":"center center","background-size":"auto","background-attachment":"scroll","background-type":"","background-media":"","overlay-type":"","overlay-color":"","overlay-gradient":""},"tablet":{"background-color":"var(--ast-global-color-5)","background-image":"","background-repeat":"repeat","background-position":"center center","background-size":"auto","background-attachment":"scroll","background-type":"","background-media":"","overlay-type":"","overlay-color":"","overlay-gradient":""},"mobile":{"background-color":"var(--ast-global-color-5)","background-image":"","background-repeat":"repeat","background-position":"center center","background-size":"auto","background-attachment":"scroll","background-type":"","background-media":"","overlay-type":"","overlay-color":"","overlay-gradient":""}},"footnotes":""},"categories":[147,16820],"tags":[146708,146706,146709,146655,146707,31393],"class_list":["post-66605","post","type-post","status-publish","format-standard","hentry","category-ciencias-de-las-artes-y-las-letras","category-politecnica-de-valencia","tag-eduardo-chavez-silva","tag-elizabeth-fuentes-rojas","tag-joan-ignasi-aliaga-morell","tag-jose-de-santiago-silva","tag-juan-a-maria-cazalla-pinero","tag-juan-bautista-peiro-lopez"],"_links":{"self":[{"href":"https:\/\/www.deberes.net\/tesis\/wp-json\/wp\/v2\/posts\/66605","targetHints":{"allow":["GET"]}}],"collection":[{"href":"https:\/\/www.deberes.net\/tesis\/wp-json\/wp\/v2\/posts"}],"about":[{"href":"https:\/\/www.deberes.net\/tesis\/wp-json\/wp\/v2\/types\/post"}],"author":[{"embeddable":true,"href":"https:\/\/www.deberes.net\/tesis\/wp-json\/wp\/v2\/users\/1"}],"replies":[{"embeddable":true,"href":"https:\/\/www.deberes.net\/tesis\/wp-json\/wp\/v2\/comments?post=66605"}],"version-history":[{"count":0,"href":"https:\/\/www.deberes.net\/tesis\/wp-json\/wp\/v2\/posts\/66605\/revisions"}],"wp:attachment":[{"href":"https:\/\/www.deberes.net\/tesis\/wp-json\/wp\/v2\/media?parent=66605"}],"wp:term":[{"taxonomy":"category","embeddable":true,"href":"https:\/\/www.deberes.net\/tesis\/wp-json\/wp\/v2\/categories?post=66605"},{"taxonomy":"post_tag","embeddable":true,"href":"https:\/\/www.deberes.net\/tesis\/wp-json\/wp\/v2\/tags?post=66605"}],"curies":[{"name":"wp","href":"https:\/\/api.w.org\/{rel}","templated":true}]}}