{"id":66616,"date":"2018-03-09T22:54:56","date_gmt":"2018-03-09T22:54:56","guid":{"rendered":"https:\/\/www.deberes.net\/tesis\/sin-categoria\/el-benceno-y-otros-compuestos-organicos-volatiles-en-el-aire-urbano-de-murcia\/"},"modified":"2018-03-09T22:54:56","modified_gmt":"2018-03-09T22:54:56","slug":"el-benceno-y-otros-compuestos-organicos-volatiles-en-el-aire-urbano-de-murcia","status":"publish","type":"post","link":"https:\/\/www.deberes.net\/tesis\/murcia\/el-benceno-y-otros-compuestos-organicos-volatiles-en-el-aire-urbano-de-murcia\/","title":{"rendered":"El benceno y otros compuestos org\u00e1nicos vol\u00e1tiles en el aire urbano de murcia"},"content":{"rendered":"<h2>Tesis doctoral de <strong> Isabel Mar\u00eda Morales Terr\u00e9s <\/strong><\/h2>\n<p>La presente memoria consta de dos partes: la primera se puede considerar como la continuaci\u00f3n del proyecto life-macbeth (1997-1998) aplicado a la ciudad de murcia, mientras que en la segunda se aportan metodolog\u00edas que pueden resultar \u00fatiles en el \u00e1mbito de la contaminaci\u00f3n atmosf\u00e9rica urbana. Todo ello con especial referencia al benceno al ser el \u00fanico compuesto org\u00e1nico vol\u00e1til  regulado en calidad de aire. La continuaci\u00f3n del proyecto life-macbeth se hace necesaria ya que despu\u00e9s de su finalizaci\u00f3n se han producido dos situaciones desfavorables: el aumento considerable del parque de veh\u00edculos, que no ha llevado asociado una ampliaci\u00f3n de las estructuras viarias del n\u00facleo urbano, y el incremento de los veh\u00edculos de mayor potencia, lo que ha provocado el crecimiento del consumo medio de combustibles y de las consiguientes emisiones. Pero, por otro lado, se ha producido un hecho positivo al promulgarse el real decreto 1728\/1999, que limita el contenido de benceno en las gasolinas reduciendo su presencia a menos del 1% en peso. Por ello, resulta de inter\u00e9s determinar el balance de las situaciones comentadas. Cabe indicar que, a diferencia con el proyecto life-macbeth, en el que se evaluaron los niveles de benceno, tolueno y xileno en exteriores e interiores, en este trabajo se han determinado adem\u00e1s otros contaminantes, en concreto n-hexano, ciclohexano y etilbenceno, aunque s\u00f3lo en ambientes exteriores.  La segunda parte, aporta metodolog\u00edas y criterios que pueden considerarse novedosos dentro de este \u00e1mbito, en concreto:   1.\tPara las estaciones de servicio de combustibles ubicadas dentro del n\u00facleo urbano, se propone un procedimiento para evaluar la extensi\u00f3n de las emisiones de dichas instalaciones en sus entornos pr\u00f3ximos.    2.\tDado que la poblaci\u00f3n que reside o trabaja dentro del n\u00facleo urbano se ubica la mayor parte del d\u00eda en edificaciones de disposici\u00f3n vertical, se ha considerado interesante evaluar la evoluci\u00f3n de los niveles de contaminaci\u00f3n de benceno con la altura en diversas calles \u00abca\u00f1\u00f3n\u00bb.<\/p>\n<p>&nbsp;<\/p>\n<h3>Datos acad\u00e9micos de la tesis doctoral \u00ab<strong>El benceno y otros compuestos org\u00e1nicos vol\u00e1tiles en el aire urbano de murcia<\/strong>\u00ab<\/h3>\n<ul>\n<li><strong>T\u00edtulo de la tesis:<\/strong>\u00a0 El benceno y otros compuestos org\u00e1nicos vol\u00e1tiles en el aire urbano de murcia <\/li>\n<li><strong>Autor:<\/strong>\u00a0 Isabel Mar\u00eda Morales Terr\u00e9s <\/li>\n<li><strong>Universidad:<\/strong>\u00a0 Murcia<\/li>\n<li><strong>Fecha de lectura de la tesis:<\/strong>\u00a0 24\/07\/2008<\/li>\n<\/ul>\n<p>&nbsp;<\/p>\n<h3>Direcci\u00f3n y tribunal<\/h3>\n<ul>\n<li><strong>Director de la tesis<\/strong>\n<ul>\n<li>Agustin Mi\u00f1ana Aznar<\/li>\n<\/ul>\n<\/li>\n<li><strong>Tribunal<\/strong>\n<ul>\n<li>Presidente del tribunal: jose Saez mercader <\/li>\n<li>pascual Perez ballesta (vocal)<\/li>\n<li>Miguel angel Camara botia (vocal)<\/li>\n<li>Rafael Font montesinos (vocal)<\/li>\n<\/ul>\n<\/li>\n<\/ul>\n<p>&nbsp;<\/p>\n","protected":false},"excerpt":{"rendered":"<p>Tesis doctoral de Isabel Mar\u00eda Morales Terr\u00e9s La presente memoria consta de dos partes: la primera se puede considerar como [&hellip;]<\/p>\n","protected":false},"author":1,"featured_media":0,"comment_status":"open","ping_status":"open","sticky":false,"template":"","format":"standard","meta":{"site-sidebar-layout":"default","site-content-layout":"","ast-site-content-layout":"","site-content-style":"default","site-sidebar-style":"default","ast-global-header-display":"","ast-banner-title-visibility":"","ast-main-header-display":"","ast-hfb-above-header-display":"","ast-hfb-below-header-display":"","ast-hfb-mobile-header-display":"","site-post-title":"","ast-breadcrumbs-content":"","ast-featured-img":"","footer-sml-layout":"","theme-transparent-header-meta":"","adv-header-id-meta":"","stick-header-meta":"","header-above-stick-meta":"","header-main-stick-meta":"","header-below-stick-meta":"","astra-migrate-meta-layouts":"default","ast-page-background-enabled":"default","ast-page-background-meta":{"desktop":{"background-color":"var(--ast-global-color-4)","background-image":"","background-repeat":"repeat","background-position":"center center","background-size":"auto","background-attachment":"scroll","background-type":"","background-media":"","overlay-type":"","overlay-color":"","overlay-gradient":""},"tablet":{"background-color":"","background-image":"","background-repeat":"repeat","background-position":"center center","background-size":"auto","background-attachment":"scroll","background-type":"","background-media":"","overlay-type":"","overlay-color":"","overlay-gradient":""},"mobile":{"background-color":"","background-image":"","background-repeat":"repeat","background-position":"center center","background-size":"auto","background-attachment":"scroll","background-type":"","background-media":"","overlay-type":"","overlay-color":"","overlay-gradient":""}},"ast-content-background-meta":{"desktop":{"background-color":"var(--ast-global-color-5)","background-image":"","background-repeat":"repeat","background-position":"center center","background-size":"auto","background-attachment":"scroll","background-type":"","background-media":"","overlay-type":"","overlay-color":"","overlay-gradient":""},"tablet":{"background-color":"var(--ast-global-color-5)","background-image":"","background-repeat":"repeat","background-position":"center center","background-size":"auto","background-attachment":"scroll","background-type":"","background-media":"","overlay-type":"","overlay-color":"","overlay-gradient":""},"mobile":{"background-color":"var(--ast-global-color-5)","background-image":"","background-repeat":"repeat","background-position":"center center","background-size":"auto","background-attachment":"scroll","background-type":"","background-media":"","overlay-type":"","overlay-color":"","overlay-gradient":""}},"footnotes":""},"categories":[11675,8235],"tags":[23429,146727,38664,64166,84003,8477],"class_list":["post-66616","post","type-post","status-publish","format-standard","hentry","category-control-de-la-contaminacion-atmosferica","category-murcia","tag-agustin-minana-aznar","tag-isabel-maria-morales-terres","tag-jose-saez-mercader","tag-miguel-angel-camara-botia","tag-pascual-perez-ballesta","tag-rafael-font-montesinos"],"_links":{"self":[{"href":"https:\/\/www.deberes.net\/tesis\/wp-json\/wp\/v2\/posts\/66616","targetHints":{"allow":["GET"]}}],"collection":[{"href":"https:\/\/www.deberes.net\/tesis\/wp-json\/wp\/v2\/posts"}],"about":[{"href":"https:\/\/www.deberes.net\/tesis\/wp-json\/wp\/v2\/types\/post"}],"author":[{"embeddable":true,"href":"https:\/\/www.deberes.net\/tesis\/wp-json\/wp\/v2\/users\/1"}],"replies":[{"embeddable":true,"href":"https:\/\/www.deberes.net\/tesis\/wp-json\/wp\/v2\/comments?post=66616"}],"version-history":[{"count":0,"href":"https:\/\/www.deberes.net\/tesis\/wp-json\/wp\/v2\/posts\/66616\/revisions"}],"wp:attachment":[{"href":"https:\/\/www.deberes.net\/tesis\/wp-json\/wp\/v2\/media?parent=66616"}],"wp:term":[{"taxonomy":"category","embeddable":true,"href":"https:\/\/www.deberes.net\/tesis\/wp-json\/wp\/v2\/categories?post=66616"},{"taxonomy":"post_tag","embeddable":true,"href":"https:\/\/www.deberes.net\/tesis\/wp-json\/wp\/v2\/tags?post=66616"}],"curies":[{"name":"wp","href":"https:\/\/api.w.org\/{rel}","templated":true}]}}