{"id":66625,"date":"2018-03-09T22:55:00","date_gmt":"2018-03-09T22:55:00","guid":{"rendered":"https:\/\/www.deberes.net\/tesis\/sin-categoria\/analisis-de-los-factores-cra%c2%adticos-y-propuesta-de-un-modelo-de-valor-para-fomentar-las-exportaciones-mexicanas-a-la-union-europea-una-aplicacion-al-sector-agroalimentario\/"},"modified":"2018-03-09T22:55:00","modified_gmt":"2018-03-09T22:55:00","slug":"analisis-de-los-factores-cra%c2%adticos-y-propuesta-de-un-modelo-de-valor-para-fomentar-las-exportaciones-mexicanas-a-la-union-europea-una-aplicacion-al-sector-agroalimentario","status":"publish","type":"post","link":"https:\/\/www.deberes.net\/tesis\/sector-de-agricultura-silvicultura-ganaderia-y-pesca\/analisis-de-los-factores-cra%c2%adticos-y-propuesta-de-un-modelo-de-valor-para-fomentar-las-exportaciones-mexicanas-a-la-union-europea-una-aplicacion-al-sector-agroalimentario\/","title":{"rendered":"An\u00e1lisis de los factores cr\u00edticos y propuesta de un modelo de valor para fomentar las exportaciones mexicanas a la uni\u00f3n europea: una aplicaci\u00f3n al sector agroalimentario."},"content":{"rendered":"<h2>Tesis doctoral de <strong> Sergio Ortiz Vald\u00e9s <\/strong><\/h2>\n<p>De acuerdo supuestos gubernamentales de m\u00e9xico, que se basaban de la teor\u00eda cl\u00e1sica del comercio exterior, se esperaba que la agresiva apertura comercial y en espe\u00edfico la firma del tratado de libre comercio de m\u00e9xico con la uni\u00f3n europea, fueran detonadores importantes para la diversificaci\u00f3n de las exportaciones y la competitividad empresarial. Dada la magnitud en la capacidad de compra de la ue y el tratado de libre comercio con esta regi\u00f3n, era l\u00f3gico pensar un incremento significativo de las exportaciones mexicanas a la ue. No obstante, la realidad del comercio internacional mexicano, nos dice que hasta el 2007, no se han logrado diversificar las exportaciones mexicanas, teniendo los ee.Uu un efecto gravitacional importante para las ventas mexicanas al exterior, concentr\u00e1ndose entre el 81 y el 85% de las mismas en el mercado de los ee.Uu. En los datos y c\u00e1lculos mostrados en el trabajo, no es perceptible alg\u00fan efecto significativo en las exportaciones mexicanas a la ue a partir de la entrada en vigor del tratado de libre comercio entre m\u00e9xico y la uni\u00f3n europea. En este contexto, la presente tesis doctoral, hace un an\u00e1lisis de los factores cr\u00edticos externos e internos que afectan las exportaciones encontrados en la literatura. En base a estos factores se realiza dos estudios emp\u00edricos para encontrar cu\u00e1les de estos tiene mayor impacto. Los estudios realizados en la presente investigaci\u00f3n consisten en un an\u00e1lisis factorial en base a una encuesta a empresarios y un estudio delphi. En el presente estudio se encuentran cu\u00e1les son los factores tanto internos como externos que m\u00e1s afectan las exportaciones mexicanas a la ue, enfoc\u00e1ndonos al sector agroalimentario. En la investigaci\u00f3n se encuentra que el comportamiento de las exportaciones mexicanas a la ue est\u00e1 asociado m\u00e1s a factores cualitativos o a barreras no arancelarias que a concesiones arancelarias o de cuotas de comercio, raz\u00f3n por la cual el acuerdo comercial firmado tiene poco efecto en las exportaciones mexicanas. Al mismo tiempo, se encontr\u00f3 que tanto el compromiso directivo como el acceso a la informaci\u00f3n pertinente juega un papel central en el comportamiento exportador. En la presente investigaci\u00f3n, se desarrolla un modelo  de valor (modelo de valor para fomentar las exportaciones mexicanas &#8211; movae) basado en estos factores cr\u00edticos encontrados en la investigaci\u00f3n que toma en cuenta tantos estas barreras no arancelarias como el desarrollo de producto.<\/p>\n<p>&nbsp;<\/p>\n<h3>Datos acad\u00e9micos de la tesis doctoral \u00ab<strong>An\u00e1lisis de los factores cr\u00edticos y propuesta de un modelo de valor para fomentar las exportaciones mexicanas a la uni\u00f3n europea: una aplicaci\u00f3n al sector agroalimentario.<\/strong>\u00ab<\/h3>\n<ul>\n<li><strong>T\u00edtulo de la tesis:<\/strong>\u00a0 An\u00e1lisis de los factores cr\u00edticos y propuesta de un modelo de valor para fomentar las exportaciones mexicanas a la uni\u00f3n europea: una aplicaci\u00f3n al sector agroalimentario. <\/li>\n<li><strong>Autor:<\/strong>\u00a0 Sergio Ortiz Vald\u00e9s <\/li>\n<li><strong>Universidad:<\/strong>\u00a0 Antonio de nebrija<\/li>\n<li><strong>Fecha de lectura de la tesis:<\/strong>\u00a0 24\/07\/2008<\/li>\n<\/ul>\n<p>&nbsp;<\/p>\n<h3>Direcci\u00f3n y tribunal<\/h3>\n<ul>\n<li><strong>Director de la tesis<\/strong>\n<ul>\n<li>Jos\u00e9 Manuel Saiz \u00e1lvarez<\/li>\n<\/ul>\n<\/li>\n<li><strong>Tribunal<\/strong>\n<ul>\n<li>Presidente del tribunal: Miguel \u00e1ngel Galindo mart\u00edn <\/li>\n<li>david Cohen wahnon (vocal)<\/li>\n<li>Luis Joyanes aguilar (vocal)<\/li>\n<li>matilde Fern\u00e1ndez azuela (vocal)<\/li>\n<\/ul>\n<\/li>\n<\/ul>\n<p>&nbsp;<\/p>\n","protected":false},"excerpt":{"rendered":"<p>Tesis doctoral de Sergio Ortiz Vald\u00e9s De acuerdo supuestos gubernamentales de m\u00e9xico, que se basaban de la teor\u00eda cl\u00e1sica del [&hellip;]<\/p>\n","protected":false},"author":1,"featured_media":0,"comment_status":"open","ping_status":"open","sticky":false,"template":"","format":"standard","meta":{"site-sidebar-layout":"default","site-content-layout":"","ast-site-content-layout":"","site-content-style":"default","site-sidebar-style":"default","ast-global-header-display":"","ast-banner-title-visibility":"","ast-main-header-display":"","ast-hfb-above-header-display":"","ast-hfb-below-header-display":"","ast-hfb-mobile-header-display":"","site-post-title":"","ast-breadcrumbs-content":"","ast-featured-img":"","footer-sml-layout":"","theme-transparent-header-meta":"","adv-header-id-meta":"","stick-header-meta":"","header-above-stick-meta":"","header-main-stick-meta":"","header-below-stick-meta":"","astra-migrate-meta-layouts":"default","ast-page-background-enabled":"default","ast-page-background-meta":{"desktop":{"background-color":"var(--ast-global-color-4)","background-image":"","background-repeat":"repeat","background-position":"center center","background-size":"auto","background-attachment":"scroll","background-type":"","background-media":"","overlay-type":"","overlay-color":"","overlay-gradient":""},"tablet":{"background-color":"","background-image":"","background-repeat":"repeat","background-position":"center center","background-size":"auto","background-attachment":"scroll","background-type":"","background-media":"","overlay-type":"","overlay-color":"","overlay-gradient":""},"mobile":{"background-color":"","background-image":"","background-repeat":"repeat","background-position":"center center","background-size":"auto","background-attachment":"scroll","background-type":"","background-media":"","overlay-type":"","overlay-color":"","overlay-gradient":""}},"ast-content-background-meta":{"desktop":{"background-color":"var(--ast-global-color-5)","background-image":"","background-repeat":"repeat","background-position":"center center","background-size":"auto","background-attachment":"scroll","background-type":"","background-media":"","overlay-type":"","overlay-color":"","overlay-gradient":""},"tablet":{"background-color":"var(--ast-global-color-5)","background-image":"","background-repeat":"repeat","background-position":"center center","background-size":"auto","background-attachment":"scroll","background-type":"","background-media":"","overlay-type":"","overlay-color":"","overlay-gradient":""},"mobile":{"background-color":"var(--ast-global-color-5)","background-image":"","background-repeat":"repeat","background-position":"center center","background-size":"auto","background-attachment":"scroll","background-type":"","background-media":"","overlay-type":"","overlay-color":"","overlay-gradient":""}},"footnotes":""},"categories":[124970,17359,7607,12677,935],"tags":[36722,96911,40865,5728,32416,146747],"class_list":["post-66625","post","type-post","status-publish","format-standard","hentry","category-antonio-de-nebrija","category-balanza-de-pagos","category-economia-del-area-americana","category-negocios-internacionales","category-sector-de-agricultura-silvicultura-ganaderia-y-pesca","tag-david-cohen-wahnon","tag-jose-manuel-saiz-alvarez","tag-luis-joyanes-aguilar","tag-matilde-fernandez-azuela","tag-miguel-angel-galindo-martin","tag-sergio-ortiz-valdes"],"_links":{"self":[{"href":"https:\/\/www.deberes.net\/tesis\/wp-json\/wp\/v2\/posts\/66625","targetHints":{"allow":["GET"]}}],"collection":[{"href":"https:\/\/www.deberes.net\/tesis\/wp-json\/wp\/v2\/posts"}],"about":[{"href":"https:\/\/www.deberes.net\/tesis\/wp-json\/wp\/v2\/types\/post"}],"author":[{"embeddable":true,"href":"https:\/\/www.deberes.net\/tesis\/wp-json\/wp\/v2\/users\/1"}],"replies":[{"embeddable":true,"href":"https:\/\/www.deberes.net\/tesis\/wp-json\/wp\/v2\/comments?post=66625"}],"version-history":[{"count":0,"href":"https:\/\/www.deberes.net\/tesis\/wp-json\/wp\/v2\/posts\/66625\/revisions"}],"wp:attachment":[{"href":"https:\/\/www.deberes.net\/tesis\/wp-json\/wp\/v2\/media?parent=66625"}],"wp:term":[{"taxonomy":"category","embeddable":true,"href":"https:\/\/www.deberes.net\/tesis\/wp-json\/wp\/v2\/categories?post=66625"},{"taxonomy":"post_tag","embeddable":true,"href":"https:\/\/www.deberes.net\/tesis\/wp-json\/wp\/v2\/tags?post=66625"}],"curies":[{"name":"wp","href":"https:\/\/api.w.org\/{rel}","templated":true}]}}