{"id":66674,"date":"2018-03-09T22:55:00","date_gmt":"2018-03-09T22:55:00","guid":{"rendered":"https:\/\/www.deberes.net\/tesis\/sin-categoria\/caractera%c2%adsticas-morfofuncionales-del-reflejo-auricular-desencadenado-por-esta%c2%admulos-acusticos\/"},"modified":"2018-03-09T22:55:00","modified_gmt":"2018-03-09T22:55:00","slug":"caractera%c2%adsticas-morfofuncionales-del-reflejo-auricular-desencadenado-por-esta%c2%admulos-acusticos","status":"publish","type":"post","link":"https:\/\/www.deberes.net\/tesis\/reaccion-y-reflejos\/caractera%c2%adsticas-morfofuncionales-del-reflejo-auricular-desencadenado-por-esta%c2%admulos-acusticos\/","title":{"rendered":"Caracter\u00edsticas morfofuncionales del reflejo auricular desencadenado por est\u00edmulos ac\u00fasticos"},"content":{"rendered":"<h2>Tesis doctoral de <strong> Jos\u00e9 De Anchieta De Castro Horta Junior <\/strong><\/h2>\n<p>Las neuronas de la ra\u00edz coclear (crns) son fundamentales para deflagrar el reflejo ac\u00fastico de sobresalto (ras), cuya evaluaci\u00f3n es muy utilizada como prueba conductual para estudiar la integraci\u00f3n sensorio motora. Un componente de corta latencia del ras, el reflejo auricular, promueve movimientos auriculares en respuesta a sonidos intensos e inesperados. Sin embargo, la v\u00eda nerviosa involucrada en el componente auricular del ras no esta bien estudiada. Hemos propuesto que el reflejo auricular este mediado por conexiones directas y indirectas entre las crns y las motoneuronas responsables por el movimiento auricular, las cuales est\u00e1n ubicadas en el subnucleo medial del n\u00facleo motor del nervio facial (mot7). Para estudiar la conexi\u00f3n directa entre las crns y las motoneuronas auriculares en la rata, hemos empleado dos trazadores neuronales en el mismo experimento: dextrano amino biotinado, el cual ha sido inyectado en la ra\u00edz coclear y fluoro-gold\u00c2\u00ae, el cual ha sido inyectado en el m\u00fasculo levator auris longus. En el microscopio \u00f3ptico fueran observadas yuxtaposiciones entre terminales axonicos de las crns y motoneuronas auriculares. La conexi\u00f3n sin\u00e1ptica directa fue confirmada en nivel ultraestructural. Para estudiar la conexi\u00f3n indirecta, dextrano amino biotinado fue inyectado en la porci\u00f3n del n\u00facleo reticular caudal del puente que respond\u00eda a la estimulaci\u00f3n auditiva, el cu\u00e1l recibe aferencias directas de las crns. En el microscopio \u00f3ptico fueran observadas yuxtaposiciones entre terminales axonicos de las neuronas reticulares y motoneuronas faciales. Para estudiar mejor la distribuci\u00f3n de los botones en el mot7 hemos reconstruido en 3 dimensiones el n\u00facleo facial de ambos lados. Los resultados confirman que la parte auditiva del n\u00facleo reticular caudal del puente tambi\u00e9n esta conectada con el mot7 y sus terminales axonicos se distribuyen en mayor n\u00famero en el subnucleo medial del mot7. Por tanto, los resultados demuestran que las crns inervan las motoneuronas auriculares directa y indirectamente, sugiriendo que estas dos v\u00edas participan en el reflejo auricular r\u00e1pido que acompa\u00f1a el ras.<\/p>\n<p>&nbsp;<\/p>\n<h3>Datos acad\u00e9micos de la tesis doctoral \u00ab<strong>Caracter\u00edsticas morfofuncionales del reflejo auricular desencadenado por est\u00edmulos ac\u00fasticos<\/strong>\u00ab<\/h3>\n<ul>\n<li><strong>T\u00edtulo de la tesis:<\/strong>\u00a0 Caracter\u00edsticas morfofuncionales del reflejo auricular desencadenado por est\u00edmulos ac\u00fasticos <\/li>\n<li><strong>Autor:<\/strong>\u00a0 Jos\u00e9 De Anchieta De Castro Horta Junior <\/li>\n<li><strong>Universidad:<\/strong>\u00a0 Salamanca<\/li>\n<li><strong>Fecha de lectura de la tesis:<\/strong>\u00a0 27\/07\/2008<\/li>\n<\/ul>\n<p>&nbsp;<\/p>\n<h3>Direcci\u00f3n y tribunal<\/h3>\n<ul>\n<li><strong>Director de la tesis<\/strong>\n<ul>\n<li>Mar\u00eda  Dolores Estilita Lopez Garcia<\/li>\n<\/ul>\n<\/li>\n<li><strong>Tribunal<\/strong>\n<ul>\n<li>Presidente del tribunal: Miguel angel Merchan cifuentes <\/li>\n<li>Rafael Luj\u00e1n miras (vocal)<\/li>\n<li>antonia Angulo jerez (vocal)<\/li>\n<li>agnes Gruart masso (vocal)<\/li>\n<\/ul>\n<\/li>\n<\/ul>\n<p>&nbsp;<\/p>\n","protected":false},"excerpt":{"rendered":"<p>Tesis doctoral de Jos\u00e9 De Anchieta De Castro Horta Junior Las neuronas de la ra\u00edz coclear (crns) son fundamentales para [&hellip;]<\/p>\n","protected":false},"author":1,"featured_media":0,"comment_status":"open","ping_status":"open","sticky":false,"template":"","format":"standard","meta":{"site-sidebar-layout":"default","site-content-layout":"","ast-site-content-layout":"","site-content-style":"default","site-sidebar-style":"default","ast-global-header-display":"","ast-banner-title-visibility":"","ast-main-header-display":"","ast-hfb-above-header-display":"","ast-hfb-below-header-display":"","ast-hfb-mobile-header-display":"","site-post-title":"","ast-breadcrumbs-content":"","ast-featured-img":"","footer-sml-layout":"","theme-transparent-header-meta":"","adv-header-id-meta":"","stick-header-meta":"","header-above-stick-meta":"","header-main-stick-meta":"","header-below-stick-meta":"","astra-migrate-meta-layouts":"default","ast-page-background-enabled":"default","ast-page-background-meta":{"desktop":{"background-color":"var(--ast-global-color-4)","background-image":"","background-repeat":"repeat","background-position":"center center","background-size":"auto","background-attachment":"scroll","background-type":"","background-media":"","overlay-type":"","overlay-color":"","overlay-gradient":""},"tablet":{"background-color":"","background-image":"","background-repeat":"repeat","background-position":"center center","background-size":"auto","background-attachment":"scroll","background-type":"","background-media":"","overlay-type":"","overlay-color":"","overlay-gradient":""},"mobile":{"background-color":"","background-image":"","background-repeat":"repeat","background-position":"center center","background-size":"auto","background-attachment":"scroll","background-type":"","background-media":"","overlay-type":"","overlay-color":"","overlay-gradient":""}},"ast-content-background-meta":{"desktop":{"background-color":"var(--ast-global-color-5)","background-image":"","background-repeat":"repeat","background-position":"center center","background-size":"auto","background-attachment":"scroll","background-type":"","background-media":"","overlay-type":"","overlay-color":"","overlay-gradient":""},"tablet":{"background-color":"var(--ast-global-color-5)","background-image":"","background-repeat":"repeat","background-position":"center center","background-size":"auto","background-attachment":"scroll","background-type":"","background-media":"","overlay-type":"","overlay-color":"","overlay-gradient":""},"mobile":{"background-color":"var(--ast-global-color-5)","background-image":"","background-repeat":"repeat","background-position":"center center","background-size":"auto","background-attachment":"scroll","background-type":"","background-media":"","overlay-type":"","overlay-color":"","overlay-gradient":""}},"footnotes":""},"categories":[4167,4275,4274,4166,9386],"tags":[13931,146856,144115,90676,9729,61219],"class_list":["post-66674","post","type-post","status-publish","format-standard","hentry","category-actividad-cerebral","category-neurociencias","category-neurofisiologia","category-reaccion-y-reflejos","category-salamanca","tag-agnes-gruart-masso","tag-antonia-angulo-jerez","tag-jose-de-anchieta-de-castro-horta-junior","tag-maria-dolores-estilita-lopez-garcia","tag-miguel-angel-merchan-cifuentes","tag-rafael-lujan-miras"],"_links":{"self":[{"href":"https:\/\/www.deberes.net\/tesis\/wp-json\/wp\/v2\/posts\/66674","targetHints":{"allow":["GET"]}}],"collection":[{"href":"https:\/\/www.deberes.net\/tesis\/wp-json\/wp\/v2\/posts"}],"about":[{"href":"https:\/\/www.deberes.net\/tesis\/wp-json\/wp\/v2\/types\/post"}],"author":[{"embeddable":true,"href":"https:\/\/www.deberes.net\/tesis\/wp-json\/wp\/v2\/users\/1"}],"replies":[{"embeddable":true,"href":"https:\/\/www.deberes.net\/tesis\/wp-json\/wp\/v2\/comments?post=66674"}],"version-history":[{"count":0,"href":"https:\/\/www.deberes.net\/tesis\/wp-json\/wp\/v2\/posts\/66674\/revisions"}],"wp:attachment":[{"href":"https:\/\/www.deberes.net\/tesis\/wp-json\/wp\/v2\/media?parent=66674"}],"wp:term":[{"taxonomy":"category","embeddable":true,"href":"https:\/\/www.deberes.net\/tesis\/wp-json\/wp\/v2\/categories?post=66674"},{"taxonomy":"post_tag","embeddable":true,"href":"https:\/\/www.deberes.net\/tesis\/wp-json\/wp\/v2\/tags?post=66674"}],"curies":[{"name":"wp","href":"https:\/\/api.w.org\/{rel}","templated":true}]}}