{"id":66729,"date":"2018-03-09T22:55:04","date_gmt":"2018-03-09T22:55:04","guid":{"rendered":"https:\/\/www.deberes.net\/tesis\/sin-categoria\/poeticas-e-imaginarios-de-la-transicion-espanola-campo-discursos-fracturas\/"},"modified":"2018-03-09T22:55:04","modified_gmt":"2018-03-09T22:55:04","slug":"poeticas-e-imaginarios-de-la-transicion-espanola-campo-discursos-fracturas","status":"publish","type":"post","link":"https:\/\/www.deberes.net\/tesis\/teoria-analisis-y-critica-literarios\/poeticas-e-imaginarios-de-la-transicion-espanola-campo-discursos-fracturas\/","title":{"rendered":"Po\u00e9ticas e imaginarios de la transici\u00f3n espa\u00f1ola: campo, discursos, fracturas"},"content":{"rendered":"<h2>Tesis doctoral de <strong> Germ\u00e1n Labrador M\u00e9ndez <\/strong><\/h2>\n<p>Esta tesis doctoral pretende revisar el espacio de producci\u00f3n cultural vinculado con el proceso sociopol\u00edtico de la transici\u00f3n espa\u00f1ola, desde 1968 hasta 1984, a partir de una generaci\u00f3n de poetas rom\u00e1nticos, cuyas obras no han sido atendidas a la hora de producir el canon del periodo. Partiendo del inventario y an\u00e1lisis del archivo de ese espacio cultural, se propone una lectura de esas producciones en relaci\u00f3n con el tiempo pol\u00edtico y social en el que sus autores, por el hecho de ser j\u00f3venes y de ser poetas en transici\u00f3n, vivieron. Interpretando sus obras a la luz de otros materiales hist\u00f3ricos y culturales de su tiempo, se propone la continuidad de una esfera po\u00e9tica, una comunidad cultural y un espacio sociol\u00f3gico en este periodo, en cuya confluencia se analizan los relieves de un sujeto hist\u00f3rico diferenciado: la juventud de la transici\u00f3n espa\u00f1ola. Analizando sus obras a la luz de la tradici\u00f3n po\u00e9tica e ideol\u00f3gica de la modernidad, recibida en espa\u00f1a entonces, se plantea una relaci\u00f3n entre identidad, pr\u00e1cticas culturales y tiempo hist\u00f3rico, a trav\u00e9s de las categor\u00edas te\u00f3ricas de una biopol\u00edtica y una bioliteratura. Por \u00faltimo, se plantea una reflexi\u00f3n historiogr\u00e1fica a partir de la desaparici\u00f3n de esta generaci\u00f3n sobre las particulares condiciones de la cultura moderna en la historia espa\u00f1ola.<\/p>\n<p>&nbsp;<\/p>\n<h3>Datos acad\u00e9micos de la tesis doctoral \u00ab<strong>Po\u00e9ticas e imaginarios de la transici\u00f3n espa\u00f1ola: campo, discursos, fracturas<\/strong>\u00ab<\/h3>\n<ul>\n<li><strong>T\u00edtulo de la tesis:<\/strong>\u00a0 Po\u00e9ticas e imaginarios de la transici\u00f3n espa\u00f1ola: campo, discursos, fracturas <\/li>\n<li><strong>Autor:<\/strong>\u00a0 Germ\u00e1n Labrador M\u00e9ndez <\/li>\n<li><strong>Universidad:<\/strong>\u00a0 Salamanca<\/li>\n<li><strong>Fecha de lectura de la tesis:<\/strong>\u00a0 30\/07\/2008<\/li>\n<\/ul>\n<p>&nbsp;<\/p>\n<h3>Direcci\u00f3n y tribunal<\/h3>\n<ul>\n<li><strong>Director de la tesis<\/strong>\n<ul>\n<li>Fernando Jos\u00e9 Rodr\u00edguez De La Flor Ad\u00e1nez<\/li>\n<\/ul>\n<\/li>\n<li><strong>Tribunal<\/strong>\n<ul>\n<li>Presidente del tribunal: Jos\u00e9 angel Blesa lalinde <\/li>\n<li>pedro Ruiz perez (vocal)<\/li>\n<li>Antonio M\u00e9ndez rubio (vocal)<\/li>\n<li>Luis Gomez canseco (vocal)<\/li>\n<\/ul>\n<\/li>\n<\/ul>\n<p>&nbsp;<\/p>\n","protected":false},"excerpt":{"rendered":"<p>Tesis doctoral de Germ\u00e1n Labrador M\u00e9ndez Esta tesis doctoral pretende revisar el espacio de producci\u00f3n cultural vinculado con el proceso [&hellip;]<\/p>\n","protected":false},"author":1,"featured_media":0,"comment_status":"open","ping_status":"open","sticky":false,"template":"","format":"standard","meta":{"site-sidebar-layout":"default","site-content-layout":"","ast-site-content-layout":"","site-content-style":"default","site-sidebar-style":"default","ast-global-header-display":"","ast-banner-title-visibility":"","ast-main-header-display":"","ast-hfb-above-header-display":"","ast-hfb-below-header-display":"","ast-hfb-mobile-header-display":"","site-post-title":"","ast-breadcrumbs-content":"","ast-featured-img":"","footer-sml-layout":"","theme-transparent-header-meta":"","adv-header-id-meta":"","stick-header-meta":"","header-above-stick-meta":"","header-main-stick-meta":"","header-below-stick-meta":"","astra-migrate-meta-layouts":"default","ast-page-background-enabled":"default","ast-page-background-meta":{"desktop":{"background-color":"var(--ast-global-color-4)","background-image":"","background-repeat":"repeat","background-position":"center center","background-size":"auto","background-attachment":"scroll","background-type":"","background-media":"","overlay-type":"","overlay-color":"","overlay-gradient":""},"tablet":{"background-color":"","background-image":"","background-repeat":"repeat","background-position":"center center","background-size":"auto","background-attachment":"scroll","background-type":"","background-media":"","overlay-type":"","overlay-color":"","overlay-gradient":""},"mobile":{"background-color":"","background-image":"","background-repeat":"repeat","background-position":"center center","background-size":"auto","background-attachment":"scroll","background-type":"","background-media":"","overlay-type":"","overlay-color":"","overlay-gradient":""}},"ast-content-background-meta":{"desktop":{"background-color":"var(--ast-global-color-5)","background-image":"","background-repeat":"repeat","background-position":"center center","background-size":"auto","background-attachment":"scroll","background-type":"","background-media":"","overlay-type":"","overlay-color":"","overlay-gradient":""},"tablet":{"background-color":"var(--ast-global-color-5)","background-image":"","background-repeat":"repeat","background-position":"center center","background-size":"auto","background-attachment":"scroll","background-type":"","background-media":"","overlay-type":"","overlay-color":"","overlay-gradient":""},"mobile":{"background-color":"var(--ast-global-color-5)","background-image":"","background-repeat":"repeat","background-position":"center center","background-size":"auto","background-attachment":"scroll","background-type":"","background-media":"","overlay-type":"","overlay-color":"","overlay-gradient":""}},"footnotes":""},"categories":[1867,682,9386,2231,628],"tags":[125626,139966,146992,29001,124807,41827],"class_list":["post-66729","post","type-post","status-publish","format-standard","hentry","category-historia-de-la-literatura-espanola","category-poemas-y-relatos","category-salamanca","category-sociologia-de-la-literatura","category-teoria-analisis-y-critica-literarios","tag-antonio-mendez-rubio","tag-fernando-jose-rodriguez-de-la-flor-adanez","tag-german-labrador-mendez","tag-jose-angel-blesa-lalinde","tag-luis-gomez-canseco","tag-pedro-ruiz-perez"],"_links":{"self":[{"href":"https:\/\/www.deberes.net\/tesis\/wp-json\/wp\/v2\/posts\/66729","targetHints":{"allow":["GET"]}}],"collection":[{"href":"https:\/\/www.deberes.net\/tesis\/wp-json\/wp\/v2\/posts"}],"about":[{"href":"https:\/\/www.deberes.net\/tesis\/wp-json\/wp\/v2\/types\/post"}],"author":[{"embeddable":true,"href":"https:\/\/www.deberes.net\/tesis\/wp-json\/wp\/v2\/users\/1"}],"replies":[{"embeddable":true,"href":"https:\/\/www.deberes.net\/tesis\/wp-json\/wp\/v2\/comments?post=66729"}],"version-history":[{"count":0,"href":"https:\/\/www.deberes.net\/tesis\/wp-json\/wp\/v2\/posts\/66729\/revisions"}],"wp:attachment":[{"href":"https:\/\/www.deberes.net\/tesis\/wp-json\/wp\/v2\/media?parent=66729"}],"wp:term":[{"taxonomy":"category","embeddable":true,"href":"https:\/\/www.deberes.net\/tesis\/wp-json\/wp\/v2\/categories?post=66729"},{"taxonomy":"post_tag","embeddable":true,"href":"https:\/\/www.deberes.net\/tesis\/wp-json\/wp\/v2\/tags?post=66729"}],"curies":[{"name":"wp","href":"https:\/\/api.w.org\/{rel}","templated":true}]}}