{"id":66769,"date":"2008-05-09T00:00:00","date_gmt":"2008-05-09T00:00:00","guid":{"rendered":"https:\/\/www.deberes.net\/tesis\/sin-categoria\/caracterizacion-del-cebo-del-bovino-en-extremadura\/"},"modified":"2008-05-09T00:00:00","modified_gmt":"2008-05-09T00:00:00","slug":"caracterizacion-del-cebo-del-bovino-en-extremadura","status":"publish","type":"post","link":"https:\/\/www.deberes.net\/tesis\/extremadura\/caracterizacion-del-cebo-del-bovino-en-extremadura\/","title":{"rendered":"Caracterizaci\u00f3n del cebo del bovino en extremadura"},"content":{"rendered":"<h2>Tesis doctoral de <strong> Antonio Mateos Fern\u00e1ndez <\/strong><\/h2>\n<p>Resumen:     en este proyecto de tesis doctoral se plantea el estudio de los sistemas de cebo de bovino en  extremadura con el objetivo de poder determinar las principales variables y par\u00e1metros t\u00e9cnicos de m\u00e1xima incidencia que influyen en el actual modelo socioecon\u00f3mico y de gesti\u00f3n. De forma paralela se evalua el desarrollo y potencialidades que presentan estos sistemas en la actualidad como parte importante de la obtenci\u00f3n del valor a\u00f1adido de este subsector en extremadura y ante las expectativas que se plantean por las consecuencias que se derivan de la situaci\u00f3n generada por las restricciones sanitarias y de la aplicaci\u00f3n de las nuevas directivas de la pol\u00edtica agraria comunitaria. La t\u00e9cnica de la obtenci\u00f3n de los datos se realiz\u00f3 mediante encuestas de una muestra representativa de la poblaci\u00f3n. Por otro lado se evalua la capacidad de adaptaci\u00f3n tecnol\u00f3gica de estos sistemas y la predicci\u00f3n de las expectativas del sector mediante la construcci\u00f3n de un panel de expertos de \u00e1mbito nacional y su an\u00e1lisis mediante el<\/p>\n<p>&nbsp;<\/p>\n<h3>Datos acad\u00e9micos de la tesis doctoral \u00ab<strong>Caracterizaci\u00f3n del cebo del bovino en extremadura<\/strong>\u00ab<\/h3>\n<ul>\n<li><strong>T\u00edtulo de la tesis:<\/strong>\u00a0 Caracterizaci\u00f3n del cebo del bovino en extremadura <\/li>\n<li><strong>Autor:<\/strong>\u00a0 Antonio Mateos Fern\u00e1ndez <\/li>\n<li><strong>Universidad:<\/strong>\u00a0 Extremadura<\/li>\n<li><strong>Fecha de lectura de la tesis:<\/strong>\u00a0 05\/09\/2008<\/li>\n<\/ul>\n<p>&nbsp;<\/p>\n<h3>Direcci\u00f3n y tribunal<\/h3>\n<ul>\n<li><strong>Director de la tesis<\/strong>\n<ul>\n<li>Miguel Escribano S\u00e1nchez<\/li>\n<\/ul>\n<\/li>\n<li><strong>Tribunal<\/strong>\n<ul>\n<li>Presidente del tribunal: Jes\u00fas Ventanas barroso <\/li>\n<li>Francisco paula Pe\u00f1a blanco (vocal)<\/li>\n<li>Manuel Mart\u00edn bellido (vocal)<\/li>\n<li>Francisco Pulido Garc\u00eda (vocal)<\/li>\n<\/ul>\n<\/li>\n<\/ul>\n<p>&nbsp;<\/p>\n","protected":false},"excerpt":{"rendered":"<p>Tesis doctoral de Antonio Mateos Fern\u00e1ndez Resumen: en este proyecto de tesis doctoral se plantea el estudio de los sistemas [&hellip;]<\/p>\n","protected":false},"author":1,"featured_media":0,"comment_status":"open","ping_status":"open","sticky":false,"template":"","format":"standard","meta":{"site-sidebar-layout":"default","site-content-layout":"","ast-site-content-layout":"","site-content-style":"default","site-sidebar-style":"default","ast-global-header-display":"","ast-banner-title-visibility":"","ast-main-header-display":"","ast-hfb-above-header-display":"","ast-hfb-below-header-display":"","ast-hfb-mobile-header-display":"","site-post-title":"","ast-breadcrumbs-content":"","ast-featured-img":"","footer-sml-layout":"","theme-transparent-header-meta":"","adv-header-id-meta":"","stick-header-meta":"","header-above-stick-meta":"","header-main-stick-meta":"","header-below-stick-meta":"","astra-migrate-meta-layouts":"default","ast-page-background-enabled":"default","ast-page-background-meta":{"desktop":{"background-color":"var(--ast-global-color-4)","background-image":"","background-repeat":"repeat","background-position":"center center","background-size":"auto","background-attachment":"scroll","background-type":"","background-media":"","overlay-type":"","overlay-color":"","overlay-gradient":""},"tablet":{"background-color":"","background-image":"","background-repeat":"repeat","background-position":"center center","background-size":"auto","background-attachment":"scroll","background-type":"","background-media":"","overlay-type":"","overlay-color":"","overlay-gradient":""},"mobile":{"background-color":"","background-image":"","background-repeat":"repeat","background-position":"center center","background-size":"auto","background-attachment":"scroll","background-type":"","background-media":"","overlay-type":"","overlay-color":"","overlay-gradient":""}},"ast-content-background-meta":{"desktop":{"background-color":"var(--ast-global-color-5)","background-image":"","background-repeat":"repeat","background-position":"center center","background-size":"auto","background-attachment":"scroll","background-type":"","background-media":"","overlay-type":"","overlay-color":"","overlay-gradient":""},"tablet":{"background-color":"var(--ast-global-color-5)","background-image":"","background-repeat":"repeat","background-position":"center center","background-size":"auto","background-attachment":"scroll","background-type":"","background-media":"","overlay-type":"","overlay-color":"","overlay-gradient":""},"mobile":{"background-color":"var(--ast-global-color-5)","background-image":"","background-repeat":"repeat","background-position":"center center","background-size":"auto","background-attachment":"scroll","background-type":"","background-media":"","overlay-type":"","overlay-color":"","overlay-gradient":""}},"footnotes":""},"categories":[2155,949,11297],"tags":[147072,1948,19593,13817,33377,33374],"class_list":["post-66769","post","type-post","status-publish","format-standard","hentry","category-bovinos","category-extremadura","category-politica-agricola","tag-antonio-mateos-fernandez","tag-francisco-paula-pena-blanco","tag-francisco-pulido-garcia","tag-jesus-ventanas-barroso","tag-manuel-martin-bellido","tag-miguel-escribano-sanchez"],"_links":{"self":[{"href":"https:\/\/www.deberes.net\/tesis\/wp-json\/wp\/v2\/posts\/66769","targetHints":{"allow":["GET"]}}],"collection":[{"href":"https:\/\/www.deberes.net\/tesis\/wp-json\/wp\/v2\/posts"}],"about":[{"href":"https:\/\/www.deberes.net\/tesis\/wp-json\/wp\/v2\/types\/post"}],"author":[{"embeddable":true,"href":"https:\/\/www.deberes.net\/tesis\/wp-json\/wp\/v2\/users\/1"}],"replies":[{"embeddable":true,"href":"https:\/\/www.deberes.net\/tesis\/wp-json\/wp\/v2\/comments?post=66769"}],"version-history":[{"count":0,"href":"https:\/\/www.deberes.net\/tesis\/wp-json\/wp\/v2\/posts\/66769\/revisions"}],"wp:attachment":[{"href":"https:\/\/www.deberes.net\/tesis\/wp-json\/wp\/v2\/media?parent=66769"}],"wp:term":[{"taxonomy":"category","embeddable":true,"href":"https:\/\/www.deberes.net\/tesis\/wp-json\/wp\/v2\/categories?post=66769"},{"taxonomy":"post_tag","embeddable":true,"href":"https:\/\/www.deberes.net\/tesis\/wp-json\/wp\/v2\/tags?post=66769"}],"curies":[{"name":"wp","href":"https:\/\/api.w.org\/{rel}","templated":true}]}}