{"id":66858,"date":"2008-12-09T00:00:00","date_gmt":"2008-12-09T00:00:00","guid":{"rendered":"https:\/\/www.deberes.net\/tesis\/sin-categoria\/diseno-de-curra%c2%adculos-de-formacion-a-partir-de-tareas-y-por-competencias\/"},"modified":"2008-12-09T00:00:00","modified_gmt":"2008-12-09T00:00:00","slug":"diseno-de-curra%c2%adculos-de-formacion-a-partir-de-tareas-y-por-competencias","status":"publish","type":"post","link":"https:\/\/www.deberes.net\/tesis\/organizacion-y-planificacion-de-la-educacion\/diseno-de-curra%c2%adculos-de-formacion-a-partir-de-tareas-y-por-competencias\/","title":{"rendered":"Dise\u00f1o de curr\u00edculos de formaci\u00f3n a partir de tareas y por competencias"},"content":{"rendered":"<h2>Tesis doctoral de <strong> Carmelo Basoredo Ledo <\/strong><\/h2>\n<p>En este trabajo se describe una metodolog\u00eda para el dise\u00f1o de curr\u00edculos de formaci\u00f3n continua, que se representan mediante normas de competencia derivadas del an\u00e1lisis de las tareas laborales (dctc).  se trata de 6 cap\u00edtulos y dentro del cap\u00edtulo 5\u00c2\u00ba se describen los 12 procedimientos de clasificaci\u00f3n de la informaci\u00f3n obtenida mediante an\u00e1lisis de puestos\/tareas en forma de curr\u00edculos de formaci\u00f3n propios de cada uno de los puestos tipo de la organizaci\u00f3n en la que validaron. adem\u00e1s, en el cap\u00edtulo 6\u00c2\u00ba, se da cuenta de las caracter\u00edsticas de una muestra piloto, en la que se aplic\u00f3  y de los resultados de los dos procedimientos utilizados para el pron\u00f3stico sobre la idoneidad o validez de los curr\u00edculos. Como conclusiones se destacan, a) la utilidad de las competencias en su papel de asignaturas del curr\u00edculo de formaci\u00f3n continua y entendidas \u00e9stas como estilos de trabajo eficaces, b) la necesidad de incidir en el desarrollo de las destrezas para el desemep\u00f1o de las tareas y tambi\u00e9n c) la oportunidad de emplear estrategias y t\u00e1cticas de aprendizaje diversificadas, entre las cuales se subrayan los per\u00edodos de pr\u00e1cticas supervisadas en los puestos de trabajo.<\/p>\n<p>&nbsp;<\/p>\n<h3>Datos acad\u00e9micos de la tesis doctoral \u00ab<strong>Dise\u00f1o de curr\u00edculos de formaci\u00f3n a partir de tareas y por competencias<\/strong>\u00ab<\/h3>\n<ul>\n<li><strong>T\u00edtulo de la tesis:<\/strong>\u00a0 Dise\u00f1o de curr\u00edculos de formaci\u00f3n a partir de tareas y por competencias <\/li>\n<li><strong>Autor:<\/strong>\u00a0 Carmelo Basoredo Ledo <\/li>\n<li><strong>Universidad:<\/strong>\u00a0 Deusto<\/li>\n<li><strong>Fecha de lectura de la tesis:<\/strong>\u00a0 12\/09\/2008<\/li>\n<\/ul>\n<p>&nbsp;<\/p>\n<h3>Direcci\u00f3n y tribunal<\/h3>\n<ul>\n<li><strong>Director de la tesis<\/strong>\n<ul>\n<li>Concepci\u00f3n Yaniz \u00e1lvarez De Eulate<\/li>\n<\/ul>\n<\/li>\n<li><strong>Tribunal<\/strong>\n<ul>\n<li>Presidente del tribunal: jose Tejada fernandez <\/li>\n<li>Manuel Fern\u00e1ndez r\u00edos (vocal)<\/li>\n<li>Antonio Rial sanchez (vocal)<\/li>\n<li>aurelio Villa s\u00e1nchez (vocal)<\/li>\n<\/ul>\n<\/li>\n<\/ul>\n<p>&nbsp;<\/p>\n","protected":false},"excerpt":{"rendered":"<p>Tesis doctoral de Carmelo Basoredo Ledo En este trabajo se describe una metodolog\u00eda para el dise\u00f1o de curr\u00edculos de formaci\u00f3n [&hellip;]<\/p>\n","protected":false},"author":1,"featured_media":0,"comment_status":"open","ping_status":"open","sticky":false,"template":"","format":"standard","meta":{"site-sidebar-layout":"default","site-content-layout":"","ast-site-content-layout":"","site-content-style":"default","site-sidebar-style":"default","ast-global-header-display":"","ast-banner-title-visibility":"","ast-main-header-display":"","ast-hfb-above-header-display":"","ast-hfb-below-header-display":"","ast-hfb-mobile-header-display":"","site-post-title":"","ast-breadcrumbs-content":"","ast-featured-img":"","footer-sml-layout":"","theme-transparent-header-meta":"","adv-header-id-meta":"","stick-header-meta":"","header-above-stick-meta":"","header-main-stick-meta":"","header-below-stick-meta":"","astra-migrate-meta-layouts":"default","ast-page-background-enabled":"default","ast-page-background-meta":{"desktop":{"background-color":"var(--ast-global-color-4)","background-image":"","background-repeat":"repeat","background-position":"center center","background-size":"auto","background-attachment":"scroll","background-type":"","background-media":"","overlay-type":"","overlay-color":"","overlay-gradient":""},"tablet":{"background-color":"","background-image":"","background-repeat":"repeat","background-position":"center center","background-size":"auto","background-attachment":"scroll","background-type":"","background-media":"","overlay-type":"","overlay-color":"","overlay-gradient":""},"mobile":{"background-color":"","background-image":"","background-repeat":"repeat","background-position":"center center","background-size":"auto","background-attachment":"scroll","background-type":"","background-media":"","overlay-type":"","overlay-color":"","overlay-gradient":""}},"ast-content-background-meta":{"desktop":{"background-color":"var(--ast-global-color-5)","background-image":"","background-repeat":"repeat","background-position":"center center","background-size":"auto","background-attachment":"scroll","background-type":"","background-media":"","overlay-type":"","overlay-color":"","overlay-gradient":""},"tablet":{"background-color":"var(--ast-global-color-5)","background-image":"","background-repeat":"repeat","background-position":"center center","background-size":"auto","background-attachment":"scroll","background-type":"","background-media":"","overlay-type":"","overlay-color":"","overlay-gradient":""},"mobile":{"background-color":"var(--ast-global-color-5)","background-image":"","background-repeat":"repeat","background-position":"center center","background-size":"auto","background-attachment":"scroll","background-type":"","background-media":"","overlay-type":"","overlay-color":"","overlay-gradient":""}},"footnotes":""},"categories":[31910,1184,1340,11894,7302],"tags":[21571,28104,147246,98098,13979,2634],"class_list":["post-66858","post","type-post","status-publish","format-standard","hentry","category-deusto","category-organizacion-y-planificacion-de-la-educacion","category-planes-de-estudios","category-planificacion-y-evaluacion-de-puestos-de-trabajo","category-procesos-cognitivos","tag-antonio-rial-sanchez","tag-aurelio-villa-sanchez","tag-carmelo-basoredo-ledo","tag-concepcion-yaniz-alvarez-de-eulate","tag-jose-tejada-fernandez","tag-manuel-fernandez-rios"],"_links":{"self":[{"href":"https:\/\/www.deberes.net\/tesis\/wp-json\/wp\/v2\/posts\/66858","targetHints":{"allow":["GET"]}}],"collection":[{"href":"https:\/\/www.deberes.net\/tesis\/wp-json\/wp\/v2\/posts"}],"about":[{"href":"https:\/\/www.deberes.net\/tesis\/wp-json\/wp\/v2\/types\/post"}],"author":[{"embeddable":true,"href":"https:\/\/www.deberes.net\/tesis\/wp-json\/wp\/v2\/users\/1"}],"replies":[{"embeddable":true,"href":"https:\/\/www.deberes.net\/tesis\/wp-json\/wp\/v2\/comments?post=66858"}],"version-history":[{"count":0,"href":"https:\/\/www.deberes.net\/tesis\/wp-json\/wp\/v2\/posts\/66858\/revisions"}],"wp:attachment":[{"href":"https:\/\/www.deberes.net\/tesis\/wp-json\/wp\/v2\/media?parent=66858"}],"wp:term":[{"taxonomy":"category","embeddable":true,"href":"https:\/\/www.deberes.net\/tesis\/wp-json\/wp\/v2\/categories?post=66858"},{"taxonomy":"post_tag","embeddable":true,"href":"https:\/\/www.deberes.net\/tesis\/wp-json\/wp\/v2\/tags?post=66858"}],"curies":[{"name":"wp","href":"https:\/\/api.w.org\/{rel}","templated":true}]}}