{"id":66877,"date":"2018-03-09T22:55:15","date_gmt":"2018-03-09T22:55:15","guid":{"rendered":"https:\/\/www.deberes.net\/tesis\/sin-categoria\/la-expropiacion-del-tiempo-y-la-apropiacion-del-espacio-la-incorporacion-de-los-inmigrantes-latinoamericanos-a-la-comunidad-de-madrid\/"},"modified":"2018-03-09T22:55:15","modified_gmt":"2018-03-09T22:55:15","slug":"la-expropiacion-del-tiempo-y-la-apropiacion-del-espacio-la-incorporacion-de-los-inmigrantes-latinoamericanos-a-la-comunidad-de-madrid","status":"publish","type":"post","link":"https:\/\/www.deberes.net\/tesis\/sin-categoria\/la-expropiacion-del-tiempo-y-la-apropiacion-del-espacio-la-incorporacion-de-los-inmigrantes-latinoamericanos-a-la-comunidad-de-madrid\/","title":{"rendered":"La expropiaci\u00f3n del tiempo y la apropiaci\u00f3n del espacio. la incorporaci\u00f3n de los inmigrantes latinoamericanos a la comunidad de Madrid."},"content":{"rendered":"<h2>Tesis doctoral de <strong> Luis Eduardo Thayer Correa <\/strong><\/h2>\n<p>Investigaci\u00f3n que estudia el impacto de la incorporaci\u00f3n de los inmigrantes latinoamericanos a la sociedad madrile\u00f1a. El estudio se centra en los colectivos ecuatoriano, peruano y colombiano, los que son abordados directamente mediante la utilizaci\u00f3n  de t\u00e9cnicas cualitativas (entrevistas en profundidad y grupos de discusi\u00f3n). Paralelamente a la recogida de informaci\u00f3n directa, se analiza y procesa la informaci\u00f3n estad\u00edstica disponible en fuentes oficiales para caracterizar la situaci\u00f3n de estos inmigrantes en el mercado de trabajo y en el espacio urbano de la sociedad madrile\u00f1a. A partir de las nociones de expropiaci\u00f3n del tiempo y apropiaci\u00f3n del espacio, la investigaci\u00f3n intenta dar cuenta de la diferencia que existe entre la incorporaci\u00f3 n de los inmigrantes al mundo del trabajo y su acceso a los espacios p\u00fablicos y servicios sociales. La hip\u00f3tesis central de la investigaci\u00f3n plantea que mientras la entrada de los inmigrantes al mercado laboral ocurre de manera general, en un marco d e subordinaci\u00f3n de los inmigrantes, la incorporaci\u00f3n de estos a los espacios p\u00fablicos y servicios sociales se da en un plano de igualdad respecto a los ciudadanos espa\u00f1oles. A partir de esta dicotom\u00eda se plantea que la trayectoria laboral de los lati noamericanos no es fuente de conflictos con los actores aut\u00f3ctonos, al contrario de lo que ocurrir\u00eda en la esfera de los espacios y servicios p\u00fablicos, en los que la interacci\u00f3n entre extranjeros y nativos se dar\u00eda en un plano de competencia, y por t anto, de potencial conflictividad. En esta tesis se concluye, entre otras cosas, que los inmigrantes latinoamericanos son objeto de un reconocimiento parcial e instrumental por parte de la sociedad madrile\u00f1a. Se los reconoce como fuerza de trabajo fu ncional a los objetivos sociales, pero no como sujetos que son a la vez productores de la socidad en su conjunto, y por tanto como depositarios por derecho propio de una legitimidad que garantice su acceso igualitario a todas las esferas de la vida s ocial.<\/p>\n<p>&nbsp;<\/p>\n<h3>Datos acad\u00e9micos de la tesis doctoral \u00ab<strong>La expropiaci\u00f3n del tiempo y la apropiaci\u00f3n del espacio. la incorporaci\u00f3n de los inmigrantes latinoamericanos a la comunidad de Madrid.<\/strong>\u00ab<\/h3>\n<ul>\n<li><strong>T\u00edtulo de la tesis:<\/strong>\u00a0 La expropiaci\u00f3n del tiempo y la apropiaci\u00f3n del espacio. la incorporaci\u00f3n de los inmigrantes latinoamericanos a la comunidad de Madrid. <\/li>\n<li><strong>Autor:<\/strong>\u00a0 Luis Eduardo Thayer Correa <\/li>\n<li><strong>Universidad:<\/strong>\u00a0 Complutense de Madrid<\/li>\n<li><strong>Fecha de lectura de la tesis:<\/strong>\u00a0 15\/09\/2008<\/li>\n<\/ul>\n<p>&nbsp;<\/p>\n<h3>Direcci\u00f3n y tribunal<\/h3>\n<ul>\n<li><strong>Director de la tesis<\/strong>\n<ul>\n<li>Luis Vicente Abad Marquez<\/li>\n<\/ul>\n<\/li>\n<li><strong>Tribunal<\/strong>\n<ul>\n<li>Presidente del tribunal: joaquin Arango vila belda <\/li>\n<li>rosa Aparicio gomez (vocal)<\/li>\n<li>ubaldo Martinez veiga (vocal)<\/li>\n<li>Carlos Gim\u00e9nez romero (vocal)<\/li>\n<\/ul>\n<\/li>\n<\/ul>\n<p>&nbsp;<\/p>\n","protected":false},"excerpt":{"rendered":"<p>Tesis doctoral de Luis Eduardo Thayer Correa Investigaci\u00f3n que estudia el impacto de la incorporaci\u00f3n de los inmigrantes latinoamericanos a [&hellip;]<\/p>\n","protected":false},"author":1,"featured_media":0,"comment_status":"open","ping_status":"open","sticky":false,"template":"","format":"standard","meta":{"site-sidebar-layout":"default","site-content-layout":"","ast-site-content-layout":"","site-content-style":"default","site-sidebar-style":"default","ast-global-header-display":"","ast-banner-title-visibility":"","ast-main-header-display":"","ast-hfb-above-header-display":"","ast-hfb-below-header-display":"","ast-hfb-mobile-header-display":"","site-post-title":"","ast-breadcrumbs-content":"","ast-featured-img":"","footer-sml-layout":"","theme-transparent-header-meta":"","adv-header-id-meta":"","stick-header-meta":"","header-above-stick-meta":"","header-main-stick-meta":"","header-below-stick-meta":"","astra-migrate-meta-layouts":"default","ast-page-background-enabled":"default","ast-page-background-meta":{"desktop":{"background-color":"var(--ast-global-color-4)","background-image":"","background-repeat":"repeat","background-position":"center center","background-size":"auto","background-attachment":"scroll","background-type":"","background-media":"","overlay-type":"","overlay-color":"","overlay-gradient":""},"tablet":{"background-color":"","background-image":"","background-repeat":"repeat","background-position":"center center","background-size":"auto","background-attachment":"scroll","background-type":"","background-media":"","overlay-type":"","overlay-color":"","overlay-gradient":""},"mobile":{"background-color":"","background-image":"","background-repeat":"repeat","background-position":"center center","background-size":"auto","background-attachment":"scroll","background-type":"","background-media":"","overlay-type":"","overlay-color":"","overlay-gradient":""}},"ast-content-background-meta":{"desktop":{"background-color":"var(--ast-global-color-5)","background-image":"","background-repeat":"repeat","background-position":"center center","background-size":"auto","background-attachment":"scroll","background-type":"","background-media":"","overlay-type":"","overlay-color":"","overlay-gradient":""},"tablet":{"background-color":"var(--ast-global-color-5)","background-image":"","background-repeat":"repeat","background-position":"center center","background-size":"auto","background-attachment":"scroll","background-type":"","background-media":"","overlay-type":"","overlay-color":"","overlay-gradient":""},"mobile":{"background-color":"var(--ast-global-color-5)","background-image":"","background-repeat":"repeat","background-position":"center center","background-size":"auto","background-attachment":"scroll","background-type":"","background-media":"","overlay-type":"","overlay-color":"","overlay-gradient":""}},"footnotes":""},"categories":[1],"tags":[14766,64405,147282,121688,49983,17281],"class_list":["post-66877","post","type-post","status-publish","format-standard","hentry","category-sin-categoria","tag-carlos-gimenez-romero","tag-joaquin-arango-vila-belda","tag-luis-eduardo-thayer-correa","tag-luis-vicente-abad-marquez","tag-rosa-aparicio-gomez","tag-ubaldo-Martinez-veiga"],"_links":{"self":[{"href":"https:\/\/www.deberes.net\/tesis\/wp-json\/wp\/v2\/posts\/66877","targetHints":{"allow":["GET"]}}],"collection":[{"href":"https:\/\/www.deberes.net\/tesis\/wp-json\/wp\/v2\/posts"}],"about":[{"href":"https:\/\/www.deberes.net\/tesis\/wp-json\/wp\/v2\/types\/post"}],"author":[{"embeddable":true,"href":"https:\/\/www.deberes.net\/tesis\/wp-json\/wp\/v2\/users\/1"}],"replies":[{"embeddable":true,"href":"https:\/\/www.deberes.net\/tesis\/wp-json\/wp\/v2\/comments?post=66877"}],"version-history":[{"count":0,"href":"https:\/\/www.deberes.net\/tesis\/wp-json\/wp\/v2\/posts\/66877\/revisions"}],"wp:attachment":[{"href":"https:\/\/www.deberes.net\/tesis\/wp-json\/wp\/v2\/media?parent=66877"}],"wp:term":[{"taxonomy":"category","embeddable":true,"href":"https:\/\/www.deberes.net\/tesis\/wp-json\/wp\/v2\/categories?post=66877"},{"taxonomy":"post_tag","embeddable":true,"href":"https:\/\/www.deberes.net\/tesis\/wp-json\/wp\/v2\/tags?post=66877"}],"curies":[{"name":"wp","href":"https:\/\/api.w.org\/{rel}","templated":true}]}}