{"id":66879,"date":"2018-03-09T22:55:15","date_gmt":"2018-03-09T22:55:15","guid":{"rendered":"https:\/\/www.deberes.net\/tesis\/sin-categoria\/la-escritura-y-o-la-vida-un-estudio-comparativo-de-la-obra-de-marguerite-duras-y-de-jorge-semprun\/"},"modified":"2018-03-09T22:55:15","modified_gmt":"2018-03-09T22:55:15","slug":"la-escritura-y-o-la-vida-un-estudio-comparativo-de-la-obra-de-marguerite-duras-y-de-jorge-semprun","status":"publish","type":"post","link":"https:\/\/www.deberes.net\/tesis\/lengua-y-literatura\/la-escritura-y-o-la-vida-un-estudio-comparativo-de-la-obra-de-marguerite-duras-y-de-jorge-semprun\/","title":{"rendered":"La escritura y\/o la vida: un estudio comparativo de la obra de marguerite duras y de jorge sempr\u00fan"},"content":{"rendered":"<h2>Tesis doctoral de <strong> Bego\u00f1a Gala Guill\u00e9n <\/strong><\/h2>\n<p>Tomando como punto de partida la \u00edntima relaci\u00f3n entre la escritura y la vida en la construcci\u00f3n de una identidad narrativa, en esta tesis abordaremos un an\u00e1lisis comparativo de la obra de marguerite duras y de jorge sempr\u00fan que nos ofrecer\u00e1 perspectivas novedosas de ambos autores.  \tla metodolog\u00eda seleccionada ha sido amplia y ecl\u00e9ctica, desde las teor\u00edas actuales sobre la autobiograf\u00eda y las escrituras del yo, el psicoan\u00e1lisis aplicado al an\u00e1lisis de textos literarios, la narratolog\u00eda, la cr\u00edtica del imaginario y la ling\u00ed\u00bc\u00edstica.  \tdespu\u00e9s de revisar las distintas teor\u00edas sobre las escrituras que tienen como objeto central el s\u00ed mismo, configurado por los aspectos din\u00e1micos de la identidad producto del intercambio entre el sujeto y el mundo, llegamos a la conclusi\u00f3n de que el yo del autor es una construcci\u00f3n textual, hip\u00f3tesis respaldada por el psicoan\u00e1lisis lacaniano para el que la identidad del yo es una construcci\u00f3n significante inserta en una l\u00ednea de ficci\u00f3n. La obra art\u00edstica supone pues el desdoblamiento del s\u00ed mismo m\u00e1s profundo y oscuro, de acuerdo con el concepto durasiano de la #sombra interna# y el dopelg\u00ed\u00a4nger sempruniano. Sin embargo, ambos autores encarnan dos maneras opuestas de entender el lenguaje: una, en la que \u00e9ste es la manifestaci\u00f3n del misterio insondable del n\u00facleo del ser humano, otra, en la que aporta orden y transparencia. \tel estudio de la construcci\u00f3n textual de la identidad comenzar\u00e1 con el an\u00e1lisis de la novela familiar. El primer gesto de duras en la construcci\u00f3n del yo autorial consistir\u00e1 en #matar# al padre renegando de su apellido, haciendo de \u00e9l un personaje m\u00edtico que, junto a la oposici\u00f3n de la madre a la escritura, contribuir\u00e1 a la elaboraci\u00f3n de unos or\u00edgenes legendarios. Sempr\u00fan, por el contrario, reivindica su apellido en la escritura, enraizando su vocaci\u00f3n literaria y pol\u00edtica en el linaje familiar. En ambos, no obstante, el autoengendramiento del sujeto de escritura tendr\u00e1 lugar en la puesta en discurso de escenas originarias donde la sexualidad y la muerte se encuentran estrechamente imbricadas.  \tentendida la obra como construcci\u00f3n de la figura del autor, analizaremos su impronta en las marcas de la enunciaci\u00f3n, fundamentalmente en los pronombres personales, observando que, a pesar de las fluctuaciones, la presencia constante y m\u00e1s o menos latente del autor nos indica tanto que su muerte es un enga\u00f1o como que la polifon\u00eda es una ficci\u00f3n. Sin embargo, si en la obra de sempr\u00fan el autor termina por desenmascararse como sujeto de vida y escritura, aunque siempre de forma pudorosa, duras, exhibi\u00e9ndose de manera imp\u00fadica, se pierde en diferentes instancias vac\u00edas, reinvent\u00e1ndose en cada texto una identidad sin historia.  \tconsiderando la obra como proyecci\u00f3n de la imagen del propio autor, sempr\u00fan crear\u00e1 un espacio pleno y continuo, un laberinto que parece conducir siempre a la habitaci\u00f3n materna, aunque contenido en un discurso hiperacionalizado, mientras que la escritura durasiana, partiendo de la #chambre noire# del imaginario, en un discurso emocional, casi m\u00edstico, se configura en el silencio y en el vac\u00edo, intentando acceder a otra realidad. El lector se siente fascinado, situado en la inquietud de un deseo nunca satisfecho, poniendo de relieve la inestabilidad de su identidad.  \tpodemos concluir que, a pesar de los puntos convergentes, en la obra durasiana la escritura y la vida se encuentran estrechamente unidas, construyendo una identidad narrativa ambigua y contradictoria en cuyo n\u00facleo central se encuentra un sujeto vac\u00edo que, al mismo tiempo, muestra lo m\u00e1s universal del ser humano. Mientras que en la obra sempruniana la escritura crea una identidad narrativa coherente y s\u00f3lida, donde el n\u00facleo, sin embargo, permanece oculto, manteniendo separados a la escritura y a la vida.<\/p>\n<p>&nbsp;<\/p>\n<h3>Datos acad\u00e9micos de la tesis doctoral \u00ab<strong>La escritura y\/o la vida: un estudio comparativo de la obra de marguerite duras y de jorge sempr\u00fan<\/strong>\u00ab<\/h3>\n<ul>\n<li><strong>T\u00edtulo de la tesis:<\/strong>\u00a0 La escritura y\/o la vida: un estudio comparativo de la obra de marguerite duras y de jorge sempr\u00fan <\/li>\n<li><strong>Autor:<\/strong>\u00a0 Bego\u00f1a Gala Guill\u00e9n <\/li>\n<li><strong>Universidad:<\/strong>\u00a0 Universitat de val\u00e9ncia (estudi general)<\/li>\n<li><strong>Fecha de lectura de la tesis:<\/strong>\u00a0 15\/09\/2008<\/li>\n<\/ul>\n<p>&nbsp;<\/p>\n<h3>Direcci\u00f3n y tribunal<\/h3>\n<ul>\n<li><strong>Director de la tesis<\/strong>\n<ul>\n<li>Elena Real Ramos<\/li>\n<\/ul>\n<\/li>\n<li><strong>Tribunal<\/strong>\n<ul>\n<li>Presidente del tribunal: claude Beno\u00ed\u00aet morini\u00e9re <\/li>\n<li>angels Santa ba\u00f1eres (vocal)<\/li>\n<li>vicente S\u00e1nchez biosca (vocal)<\/li>\n<li>Marta Segarra montaner (vocal)<\/li>\n<\/ul>\n<\/li>\n<\/ul>\n<p>&nbsp;<\/p>\n","protected":false},"excerpt":{"rendered":"<p>Tesis doctoral de Bego\u00f1a Gala Guill\u00e9n Tomando como punto de partida la \u00edntima relaci\u00f3n entre la escritura y la vida [&hellip;]<\/p>\n","protected":false},"author":1,"featured_media":0,"comment_status":"open","ping_status":"open","sticky":false,"template":"","format":"standard","meta":{"site-sidebar-layout":"default","site-content-layout":"","ast-site-content-layout":"","site-content-style":"default","site-sidebar-style":"default","ast-global-header-display":"","ast-banner-title-visibility":"","ast-main-header-display":"","ast-hfb-above-header-display":"","ast-hfb-below-header-display":"","ast-hfb-mobile-header-display":"","site-post-title":"","ast-breadcrumbs-content":"","ast-featured-img":"","footer-sml-layout":"","theme-transparent-header-meta":"","adv-header-id-meta":"","stick-header-meta":"","header-above-stick-meta":"","header-main-stick-meta":"","header-below-stick-meta":"","astra-migrate-meta-layouts":"default","ast-page-background-enabled":"default","ast-page-background-meta":{"desktop":{"background-color":"var(--ast-global-color-4)","background-image":"","background-repeat":"repeat","background-position":"center center","background-size":"auto","background-attachment":"scroll","background-type":"","background-media":"","overlay-type":"","overlay-color":"","overlay-gradient":""},"tablet":{"background-color":"","background-image":"","background-repeat":"repeat","background-position":"center center","background-size":"auto","background-attachment":"scroll","background-type":"","background-media":"","overlay-type":"","overlay-color":"","overlay-gradient":""},"mobile":{"background-color":"","background-image":"","background-repeat":"repeat","background-position":"center center","background-size":"auto","background-attachment":"scroll","background-type":"","background-media":"","overlay-type":"","overlay-color":"","overlay-gradient":""}},"ast-content-background-meta":{"desktop":{"background-color":"var(--ast-global-color-5)","background-image":"","background-repeat":"repeat","background-position":"center center","background-size":"auto","background-attachment":"scroll","background-type":"","background-media":"","overlay-type":"","overlay-color":"","overlay-gradient":""},"tablet":{"background-color":"var(--ast-global-color-5)","background-image":"","background-repeat":"repeat","background-position":"center center","background-size":"auto","background-attachment":"scroll","background-type":"","background-media":"","overlay-type":"","overlay-color":"","overlay-gradient":""},"mobile":{"background-color":"var(--ast-global-color-5)","background-image":"","background-repeat":"repeat","background-position":"center center","background-size":"auto","background-attachment":"scroll","background-type":"","background-media":"","overlay-type":"","overlay-color":"","overlay-gradient":""}},"footnotes":""},"categories":[636,2231],"tags":[50040,147284,94655,11510,95987,24296],"class_list":["post-66879","post","type-post","status-publish","format-standard","hentry","category-lengua-y-literatura","category-sociologia-de-la-literatura","tag-angels-santa-baneres","tag-begona-gala-guillen","tag-claude-benoit-moriniere","tag-elena-real-ramos","tag-marta-segarra-montaner","tag-vicente-sanchez-biosca"],"_links":{"self":[{"href":"https:\/\/www.deberes.net\/tesis\/wp-json\/wp\/v2\/posts\/66879","targetHints":{"allow":["GET"]}}],"collection":[{"href":"https:\/\/www.deberes.net\/tesis\/wp-json\/wp\/v2\/posts"}],"about":[{"href":"https:\/\/www.deberes.net\/tesis\/wp-json\/wp\/v2\/types\/post"}],"author":[{"embeddable":true,"href":"https:\/\/www.deberes.net\/tesis\/wp-json\/wp\/v2\/users\/1"}],"replies":[{"embeddable":true,"href":"https:\/\/www.deberes.net\/tesis\/wp-json\/wp\/v2\/comments?post=66879"}],"version-history":[{"count":0,"href":"https:\/\/www.deberes.net\/tesis\/wp-json\/wp\/v2\/posts\/66879\/revisions"}],"wp:attachment":[{"href":"https:\/\/www.deberes.net\/tesis\/wp-json\/wp\/v2\/media?parent=66879"}],"wp:term":[{"taxonomy":"category","embeddable":true,"href":"https:\/\/www.deberes.net\/tesis\/wp-json\/wp\/v2\/categories?post=66879"},{"taxonomy":"post_tag","embeddable":true,"href":"https:\/\/www.deberes.net\/tesis\/wp-json\/wp\/v2\/tags?post=66879"}],"curies":[{"name":"wp","href":"https:\/\/api.w.org\/{rel}","templated":true}]}}